{"id":25535,"date":"2026-03-15T00:20:00","date_gmt":"2026-03-15T06:20:00","guid":{"rendered":"https:\/\/www.macquero.com\/?p=25535"},"modified":"2026-03-14T16:37:00","modified_gmt":"2026-03-14T22:37:00","slug":"doc-en-netflix-la-historia-real-detras-del-drama-medico-que-parece-una-prediccion","status":"publish","type":"post","link":"https:\/\/www.macquero.com\/en\/2026\/03\/doc-en-netflix-la-historia-real-detras-del-drama-medico-que-parece-una-prediccion\/","title":{"rendered":"DOC en Netflix: la historia real detr\u00e1s del drama m\u00e9dico que parece una predicci\u00f3n"},"content":{"rendered":"<p>Las series m\u00e9dicas suelen apoyarse en cirug\u00edas dram\u00e1ticas, romances de hospital y decisiones \u00e9ticas imposibles. Sin embargo,\u00a0<strong>DOC<\/strong>\u00a0a\u00f1ade un ingrediente mucho m\u00e1s inquietante: una historia basada en hechos reales que parece salida de un experimento del destino.<\/p>\n\n\n\n<p>La serie, protagonizada en su versi\u00f3n latinoamericana por&nbsp;<strong><a href=\"https:\/\/www.instagram.com\/juan_pablomedina\" data-type=\"link\" data-id=\"https:\/\/www.instagram.com\/juan_pablomedina\" target=\"_blank\" rel=\"noreferrer noopener\">Juan Pablo Medina<\/a><\/strong>, gira en torno a un m\u00e9dico que, tras sufrir un grave trauma, despierta con una p\u00e9rdida masiva de memoria. Lo impactante es que este argumento no naci\u00f3 en la imaginaci\u00f3n de un guionista, sino en la vida de un m\u00e9dico italiano cuya historia conmocion\u00f3 a la comunidad m\u00e9dica.<\/p>\n\n\n\n<h2 class=\"wp-block-heading\"><strong>El caso real que inspir\u00f3 la serie<\/strong><\/h2>\n\n\n\n<p>La base de la historia proviene del m\u00e9dico italiano&nbsp;<a href=\"https:\/\/www.bbc.com\/mundo\/articles\/c2d5ddwwpzyo\" data-type=\"link\" data-id=\"https:\/\/www.bbc.com\/mundo\/articles\/c2d5ddwwpzyo\" target=\"_blank\" rel=\"noreferrer noopener\"><strong>Pierdante Piccioni<\/strong>,<\/a> jefe de urgencias en el hospital de Lodi, Italia. En 2013 sufri\u00f3 un accidente automovil\u00edstico que le provoc\u00f3 una lesi\u00f3n cerebral y una amnesia profunda. Cuando despert\u00f3, hab\u00eda perdido&nbsp;<strong>doce a\u00f1os completos de recuerdos de su vida<\/strong>.&nbsp;&nbsp;<\/p>\n\n\n\n<p>Para Piccioni, el mundo hab\u00eda quedado congelado en el a\u00f1o 2001. Su esposa, su carrera m\u00e9dica y hasta su propia personalidad hab\u00edan cambiado durante ese tiempo\u2026 pero \u00e9l no recordaba nada.<\/p>\n\n\n\n<p>Este evento lo oblig\u00f3 a reconstruir su identidad desde cero. Tuvo que reaprender detalles de su vida, adaptarse a una realidad que ya no comprend\u00eda y enfrentar las consecuencias emocionales de descubrir qui\u00e9n hab\u00eda sido durante los a\u00f1os que no pod\u00eda recordar.<\/p>\n\n\n\n<p>Su experiencia fue tan extraordinaria que el propio m\u00e9dico decidi\u00f3 escribir un libro autobiogr\u00e1fico donde relataba el proceso de recuperar su vida pieza por pieza. Ese relato inspir\u00f3 posteriormente la exitosa serie italiana&nbsp;<strong><a href=\"https:\/\/www.google.com\/search?client=safari&amp;rls=en&amp;q=Doc+\u2013+Nelle+tue+mani&amp;ie=UTF-8&amp;oe=UTF-8\" data-type=\"link\" data-id=\"https:\/\/www.google.com\/search?client=safari&amp;rls=en&amp;q=Doc+\u2013+Nelle+tue+mani&amp;ie=UTF-8&amp;oe=UTF-8\" target=\"_blank\" rel=\"noreferrer noopener\">Doc \u2013 Nelle tue mani<\/a><\/strong>, que luego dio lugar a varias adaptaciones internacionales, incluida la versi\u00f3n que lleg\u00f3 a Netflix.&nbsp;&nbsp;<\/p>\n\n\n\n<h2 class=\"wp-block-heading\"><strong>La \u201cpredicci\u00f3n\u201d que muchos espectadores comentan<\/strong><\/h2>\n\n\n\n<p>Tras el estreno, algunos espectadores han se\u00f1alado un detalle curioso: la historia parece anticipar debates modernos sobre identidad, memoria y segundas oportunidades.<\/p>\n\n\n\n<p>La \u201cpredicci\u00f3n\u201d no es literal ni cient\u00edfica. M\u00e1s bien surge de la premisa narrativa de la serie: \u00bfqu\u00e9 pasar\u00eda si una persona pudiera empezar de nuevo, sin el peso de sus errores pasados? &#x1f937;&#x1f3fb;&#x200d;&#x2642;&#xfe0f;<\/p>\n\n\n\n<p>En&nbsp;<strong>DOC<\/strong>, el protagonista descubre que el m\u00e9dico brillante que fue tambi\u00e9n era alguien distante, duro con sus colegas e incluso cruel con algunos pacientes. Al perder la memoria, tiene la oportunidad de reconstruirse como una persona diferente.<\/p>\n\n\n\n<p>Esto ha llevado a muchos cr\u00edticos a interpretar la serie como una reflexi\u00f3n casi prof\u00e9tica sobre la identidad humana en tiempos modernos: \u00bfsomos la suma de nuestros recuerdos o podemos redefinirnos si estos desaparecen?<\/p>\n\n\n\n<h2 class=\"wp-block-heading\"><strong>Medicina, identidad y segundas oportunidades<\/strong><\/h2>\n\n\n\n<p>M\u00e1s all\u00e1 del drama hospitalario,&nbsp;<strong>DOC<\/strong>&nbsp;funciona como una historia sobre la fragilidad de la mente humana. La memoria no solo almacena informaci\u00f3n; tambi\u00e9n construye qui\u00e9nes somos.<\/p>\n\n\n\n<p>El caso real de Pierdante Piccioni demuestra que incluso cuando esa memoria desaparece, la vida contin\u00faa. Y a veces, parad\u00f3jicamente, ofrece una segunda oportunidad para redescubrirse.<\/p>\n\n\n\n<p>En ese sentido,&nbsp;<strong>DOC<\/strong>&nbsp;no es solo una serie m\u00e9dica. Es una historia profundamente humana sobre identidad, destino y la extra\u00f1a posibilidad de volver a empezar cuando la vida decide borrar el pasado.<\/p>\n\n\n\n<p>Calificaci\u00f3n: &#x2b50;&#x2b50;&#x2b50;&#x2b50;&#x2b50;<\/p>\n\n\n\n<blockquote class=\"wp-block-quote is-layout-flow wp-block-quote-is-layout-flow\">\n<p>Hay que verla con&nbsp;<strong>paciencia de monje budista<\/strong>, porque la temporada se estira hasta&nbsp;<strong>40 episodios<\/strong>. Pero si eres fan de las telenovelas o de las historias largas que se cocinan a fuego lento,&nbsp;<strong>es una opci\u00f3n excelente<\/strong>: drama m\u00e9dico, conflictos personales y giros emocionales que van armando el rompecabezas poco a poco. &#x1f4fa;<\/p>\n<\/blockquote>","protected":false},"excerpt":{"rendered":"<p>Las series m\u00e9dicas suelen apoyarse en cirug\u00edas dram\u00e1ticas, romances de hospital y decisiones \u00e9ticas imposibles. Sin embargo,\u00a0DOC\u00a0a\u00f1ade un ingrediente mucho m\u00e1s inquietante: una historia basada en hechos reales que parece salida de un experimento del destino. La serie, protagonizada en su versi\u00f3n latinoamericana por&nbsp;Juan Pablo Medina, gira en torno a un m\u00e9dico que, tras sufrir &hellip;<\/p>","protected":false},"author":2,"featured_media":25542,"comment_status":"closed","ping_status":"open","sticky":false,"template":"","format":"standard","meta":{"jetpack_post_was_ever_published":false,"_jetpack_newsletter_access":"","_jetpack_dont_email_post_to_subs":false,"_jetpack_newsletter_tier_id":0,"_jetpack_memberships_contains_paywalled_content":false,"_jetpack_memberships_contains_paid_content":false,"footnotes":"","jetpack_publicize_message":"","jetpack_publicize_feature_enabled":true,"jetpack_social_post_already_shared":true,"jetpack_social_options":{"image_generator_settings":{"template":"highway","default_image_id":0,"font":"","enabled":false},"version":2}},"categories":[1839,733,974],"tags":[1999,1998,1997],"class_list":["post-25535","post","type-post","status-publish","format-standard","has-post-thumbnail","hentry","category-netflix-bridge","category-originales-de-netflix","category-telenovela","tag-adaptaciones-televisivas","tag-series-basadas-en-hechos-reales","tag-series-medicas"],"jetpack_publicize_connections":[],"jetpack_featured_media_url":"https:\/\/www.macquero.com\/wp-content\/uploads\/2026\/03\/do.jpg","jetpack_sharing_enabled":true,"_links":{"self":[{"href":"https:\/\/www.macquero.com\/en\/wp-json\/wp\/v2\/posts\/25535","targetHints":{"allow":["GET"]}}],"collection":[{"href":"https:\/\/www.macquero.com\/en\/wp-json\/wp\/v2\/posts"}],"about":[{"href":"https:\/\/www.macquero.com\/en\/wp-json\/wp\/v2\/types\/post"}],"author":[{"embeddable":true,"href":"https:\/\/www.macquero.com\/en\/wp-json\/wp\/v2\/users\/2"}],"replies":[{"embeddable":true,"href":"https:\/\/www.macquero.com\/en\/wp-json\/wp\/v2\/comments?post=25535"}],"version-history":[{"count":7,"href":"https:\/\/www.macquero.com\/en\/wp-json\/wp\/v2\/posts\/25535\/revisions"}],"predecessor-version":[{"id":25543,"href":"https:\/\/www.macquero.com\/en\/wp-json\/wp\/v2\/posts\/25535\/revisions\/25543"}],"wp:featuredmedia":[{"embeddable":true,"href":"https:\/\/www.macquero.com\/en\/wp-json\/wp\/v2\/media\/25542"}],"wp:attachment":[{"href":"https:\/\/www.macquero.com\/en\/wp-json\/wp\/v2\/media?parent=25535"}],"wp:term":[{"taxonomy":"category","embeddable":true,"href":"https:\/\/www.macquero.com\/en\/wp-json\/wp\/v2\/categories?post=25535"},{"taxonomy":"post_tag","embeddable":true,"href":"https:\/\/www.macquero.com\/en\/wp-json\/wp\/v2\/tags?post=25535"}],"curies":[{"name":"wp","href":"https:\/\/api.w.org\/{rel}","templated":true}]}}