{"id":24628,"date":"2025-12-10T00:00:00","date_gmt":"2025-12-10T06:00:00","guid":{"rendered":"https:\/\/www.macquero.com\/?p=24628"},"modified":"2025-12-10T03:12:34","modified_gmt":"2025-12-10T09:12:34","slug":"percy-jackson-en-disney-un-viaje-epico-que-revive-el-poder-de-los-dioses","status":"publish","type":"post","link":"https:\/\/www.macquero.com\/en\/2025\/12\/percy-jackson-en-disney-un-viaje-epico-que-revive-el-poder-de-los-dioses\/","title":{"rendered":"\u201cPercy Jackson en Disney+: Un viaje \u00e9pico que revive el poder de los dioses\u201d"},"content":{"rendered":"<h2 class=\"wp-block-heading\"><strong>&#x1f3af; \u00bfDe qu\u00e9 va \u201cPercy Jackson and the Olympians\u201d?<\/strong><\/h2>\n\n\n\n<p>La serie sigue a Percy Jackson, un chico aparentemente normal que descubre que es un semidi\u00f3s: hijo de un dios griego. Desde ah\u00ed, Percy se ve inmerso en un mundo donde los dioses, monstruos y mitolog\u00eda griegas son reales. A lo largo de la primera temporada, Percy debe enfrentar acusaciones, pruebas, peligros y embarcarse en una aventura para proteger a quienes ama y evitar conflictos divinos, mientras descubre qui\u00e9n es realmente.&nbsp;&nbsp;<\/p>\n\n\n\n<p>La serie mezcla aventura, fantas\u00eda, acci\u00f3n, comedia juvenil y momentos de drama \u2014 ideal para quienes gustan de mitolog\u00eda, amistad, dilemas morales y crecimiento del protagonista.<\/p>\n\n\n\n<hr class=\"wp-block-separator has-alpha-channel-opacity\"\/>\n\n\n\n<h2 class=\"wp-block-heading\"><strong>&#x1f4fa; Plataforma y disponibilidad<\/strong><\/h2>\n\n\n\n<ul class=\"wp-block-list\">\n<li>Puedes ver la serie en Disney+.&nbsp;&nbsp;<\/li>\n\n\n\n<li>Si est\u00e1s en M\u00e9xico (o Latinoam\u00e9rica), Disney+ es normalmente la opci\u00f3n para acceder al cat\u00e1logo de la serie.<\/li>\n<\/ul>\n\n\n\n<hr class=\"wp-block-separator has-alpha-channel-opacity\"\/>\n\n\n\n<h2 class=\"wp-block-heading\"><strong>&#x1f3ac; Temporadas y episodios<\/strong><\/h2>\n\n\n\n<ul class=\"wp-block-list\">\n<li>La&nbsp;<strong>primera temporada<\/strong>&nbsp;consta de&nbsp;<strong>8 episodios<\/strong>.&nbsp;&nbsp;<\/li>\n\n\n\n<li>Los episodios originales se emitieron entre diciembre de 2023 y enero de 2024.&nbsp;&nbsp;<\/li>\n<\/ul>\n\n\n\n<hr class=\"wp-block-separator has-alpha-channel-opacity\"\/>\n\n\n\n<h2 class=\"wp-block-heading\"><strong>&#x1f52e; Segunda temporada: estreno y formato<\/strong><\/h2>\n\n\n\n<ul class=\"wp-block-list\">\n<li>La&nbsp;<strong>segunda temporada<\/strong>&nbsp;de Percy Jackson se estrena el&nbsp;<strong>10 de diciembre de 2025<\/strong>.&nbsp;&nbsp;<\/li>\n\n\n\n<li>Tendr\u00e1&nbsp;<strong>8 episodios<\/strong>&nbsp;en total.&nbsp;&nbsp;<\/li>\n\n\n\n<li>El estreno arranca con dos episodios el mismo 10 de diciembre, y despu\u00e9s cada nuevo episodio saldr\u00e1 semanalmente \u2014 generalmente los mi\u00e9rcoles.&nbsp;&nbsp;<\/li>\n<\/ul>\n\n\n\n<hr class=\"wp-block-separator has-alpha-channel-opacity\"\/>\n\n\n\n<h2 class=\"wp-block-heading\"><strong>&#x2728; \u00bfPor qu\u00e9 verla?<\/strong><\/h2>\n\n\n\n<ul class=\"wp-block-list\">\n<li>La serie realiza una adaptaci\u00f3n bastante fiel a los libros originales de Rick Riordan, manteniendo el esp\u00edritu de aventura, humor, mitolog\u00eda y crecimiento personal del protagonista.&nbsp;&nbsp;<\/li>\n\n\n\n<li>Tiene una buena combinaci\u00f3n de acci\u00f3n, fantas\u00eda, drama y desarrollo de personajes: ideal tanto para j\u00f3venes como para quienes disfrutamos de historias con dioses, monstruos y dilemas heroicos.<\/li>\n\n\n\n<li>La mezcla de lo sobrenatural con conflictos personales y de amistad genera un tono atractivo, sobre todo si te interesa la mitolog\u00eda griega contempor\u00e1nea.<\/li>\n<\/ul>\n\n\n\n<blockquote class=\"wp-block-quote is-layout-flow wp-block-quote-is-layout-flow\">\n<p><strong>Ser\u00e9 honesto: no me encant\u00f3. Es una serie simp\u00e1tica, pero claramente orientada a un p\u00fablico infantil. Si tienes ni\u00f1os en casa, all\u00ed s\u00ed funcionar\u00e1 muy bien.<\/strong><\/p>\n<\/blockquote>\n\n\n\n<p>Calificaci\u00f3n: &#x2b50;&#x2b50; <\/p>\n\n\n\n<p><strong>En mi criterio, la serie obtiene una calificaci\u00f3n baja. Mantiene el mismo concepto de <strong>\u201cPercy Jackson &amp; the Olympians: The Lightning Thief\u201d<\/strong>, aunque introduce algunos cambios menores en la historia.<\/strong><\/p>","protected":false},"excerpt":{"rendered":"<p>&#x1f3af; \u00bfDe qu\u00e9 va \u201cPercy Jackson and the Olympians\u201d? La serie sigue a Percy Jackson, un chico aparentemente normal que descubre que es un semidi\u00f3s: hijo de un dios griego. Desde ah\u00ed, Percy se ve inmerso en un mundo donde los dioses, monstruos y mitolog\u00eda griegas son reales. A lo largo de la primera temporada, &hellip;<\/p>","protected":false},"author":2,"featured_media":24633,"comment_status":"closed","ping_status":"open","sticky":false,"template":"","format":"standard","meta":{"jetpack_post_was_ever_published":false,"_jetpack_newsletter_access":"","_jetpack_dont_email_post_to_subs":false,"_jetpack_newsletter_tier_id":0,"_jetpack_memberships_contains_paywalled_content":false,"_jetpack_memberships_contains_paid_content":false,"footnotes":"","jetpack_publicize_message":"","jetpack_publicize_feature_enabled":true,"jetpack_social_post_already_shared":true,"jetpack_social_options":{"image_generator_settings":{"template":"highway","default_image_id":0,"font":"","enabled":false},"version":2}},"categories":[1355],"tags":[1813,1812],"class_list":["post-24628","post","type-post","status-publish","format-standard","has-post-thumbnail","hentry","category-off-topic","tag-disneyplus","tag-fantasiajuvenil"],"jetpack_publicize_connections":[],"jetpack_featured_media_url":"https:\/\/www.macquero.com\/wp-content\/uploads\/2025\/12\/pe-scaled.jpg","jetpack_sharing_enabled":true,"_links":{"self":[{"href":"https:\/\/www.macquero.com\/en\/wp-json\/wp\/v2\/posts\/24628","targetHints":{"allow":["GET"]}}],"collection":[{"href":"https:\/\/www.macquero.com\/en\/wp-json\/wp\/v2\/posts"}],"about":[{"href":"https:\/\/www.macquero.com\/en\/wp-json\/wp\/v2\/types\/post"}],"author":[{"embeddable":true,"href":"https:\/\/www.macquero.com\/en\/wp-json\/wp\/v2\/users\/2"}],"replies":[{"embeddable":true,"href":"https:\/\/www.macquero.com\/en\/wp-json\/wp\/v2\/comments?post=24628"}],"version-history":[{"count":4,"href":"https:\/\/www.macquero.com\/en\/wp-json\/wp\/v2\/posts\/24628\/revisions"}],"predecessor-version":[{"id":24632,"href":"https:\/\/www.macquero.com\/en\/wp-json\/wp\/v2\/posts\/24628\/revisions\/24632"}],"wp:featuredmedia":[{"embeddable":true,"href":"https:\/\/www.macquero.com\/en\/wp-json\/wp\/v2\/media\/24633"}],"wp:attachment":[{"href":"https:\/\/www.macquero.com\/en\/wp-json\/wp\/v2\/media?parent=24628"}],"wp:term":[{"taxonomy":"category","embeddable":true,"href":"https:\/\/www.macquero.com\/en\/wp-json\/wp\/v2\/categories?post=24628"},{"taxonomy":"post_tag","embeddable":true,"href":"https:\/\/www.macquero.com\/en\/wp-json\/wp\/v2\/tags?post=24628"}],"curies":[{"name":"wp","href":"https:\/\/api.w.org\/{rel}","templated":true}]}}