{"id":2416,"date":"2014-07-29T13:15:41","date_gmt":"2014-07-29T18:15:41","guid":{"rendered":"http:\/\/www.macquero.com\/?p=2416"},"modified":"2019-02-14T18:13:29","modified_gmt":"2019-02-14T23:13:29","slug":"apple-actualiza-su-linea-de-macbooks-pro-con-pantalla-retina","status":"publish","type":"post","link":"https:\/\/www.macquero.com\/en\/2014\/07\/apple-actualiza-su-linea-de-macbooks-pro-con-pantalla-retina\/","title":{"rendered":"Apple actualiza su l\u00ednea de MacBooks Pro con Pantalla Retina"},"content":{"rendered":"<p>&nbsp;<\/p>\n<p>El d\u00eda de hoy Apple actualiz\u00f3 su l\u00ednea de computadoras port\u00e1tiles MacBook Pro con pantalla Retina de 13 y 15 pulgadas. Estos modelos ahora tienen procesadores m\u00e1s r\u00e1pidos, m\u00e1s memoria RAM y, en el caso del modelo de 15 pulgadas, un ligero descenso en el precio.<\/p>\n<p>Todos estas nuevas MacBook Pro cuentan con la generaci\u00f3n m\u00e1s nueva de procesadores de Intel, los Core i5 e i7 Haswell. Adem\u00e1s, ahora los modelos de entrada de 13 pulgadas cuentan con 8 GB de RAM y los de 15 pulgadas con 16 GB en RAM. Aunque todas mantienen su precio, el modelo de 15 pulgadas con memoria de video independiente es $100 d\u00f3lares m\u00e1s barata (o menos cara).<\/p>\n<p><img loading=\"lazy\" decoding=\"async\" class=\"aligncenter size-full wp-image-2417\" title=\"Screen Shot 2014-07-29 at 01.02.27 p.m.\" src=\"http:\/\/macquero.com\/wp-content\/uploads\/2014\/07\/Screen-Shot-2014-07-29-at-01.02.27-p.m..jpg\" alt=\"\" width=\"470\" height=\"428\" srcset=\"https:\/\/www.macquero.com\/wp-content\/uploads\/2014\/07\/Screen-Shot-2014-07-29-at-01.02.27-p.m..jpg 470w, https:\/\/www.macquero.com\/wp-content\/uploads\/2014\/07\/Screen-Shot-2014-07-29-at-01.02.27-p.m.-300x273.jpg 300w\" sizes=\"auto, (max-width: 470px) 100vw, 470px\" \/><\/p>\n<p>Esta actualizaci\u00f3n llega justo a tiempo para recibir a la nueva versi\u00f3n de OS X, Yosemite (la anterior actualizaci\u00f3n de estos modelos fue en octubre del a\u00f1o pasado, acompa\u00f1ando la llegada del actual OS X, Mavericks).<\/p>\n<p>M\u00e1s informaci\u00f3n en la <a href=\"http:\/\/store.apple.com\/mx\/buy-mac\/macbook-pro\" target=\"_blank\" rel=\"noopener\">Tienda de Apple<\/a><\/p>","protected":false},"excerpt":{"rendered":"<p>&nbsp; El d\u00eda de hoy Apple actualiz\u00f3 su l\u00ednea de computadoras port\u00e1tiles MacBook Pro con pantalla Retina de 13 y 15 pulgadas. Estos modelos ahora tienen procesadores m\u00e1s r\u00e1pidos, m\u00e1s memoria RAM y, en el caso del modelo de 15 pulgadas, un ligero descenso en el precio. Todos estas nuevas MacBook Pro cuentan con la &hellip;<\/p>","protected":false},"author":1,"featured_media":2418,"comment_status":"open","ping_status":"open","sticky":false,"template":"","format":"standard","meta":{"jetpack_post_was_ever_published":false,"_jetpack_newsletter_access":"","_jetpack_dont_email_post_to_subs":false,"_jetpack_newsletter_tier_id":0,"_jetpack_memberships_contains_paywalled_content":false,"_jetpack_memberships_contains_paid_content":false,"footnotes":"","jetpack_publicize_message":"","jetpack_publicize_feature_enabled":true,"jetpack_social_post_already_shared":false,"jetpack_social_options":{"image_generator_settings":{"template":"highway","default_image_id":0,"font":"","enabled":false},"version":2}},"categories":[371,132],"tags":[],"class_list":["post-2416","post","type-post","status-publish","format-standard","has-post-thumbnail","hentry","category-mac","category-noticias"],"jetpack_publicize_connections":[],"jetpack_featured_media_url":"https:\/\/www.macquero.com\/wp-content\/uploads\/2014\/07\/Screen-Shot-2014-07-29-at-01.02.15-p.m..jpg","jetpack_sharing_enabled":true,"_links":{"self":[{"href":"https:\/\/www.macquero.com\/en\/wp-json\/wp\/v2\/posts\/2416","targetHints":{"allow":["GET"]}}],"collection":[{"href":"https:\/\/www.macquero.com\/en\/wp-json\/wp\/v2\/posts"}],"about":[{"href":"https:\/\/www.macquero.com\/en\/wp-json\/wp\/v2\/types\/post"}],"author":[{"embeddable":true,"href":"https:\/\/www.macquero.com\/en\/wp-json\/wp\/v2\/users\/1"}],"replies":[{"embeddable":true,"href":"https:\/\/www.macquero.com\/en\/wp-json\/wp\/v2\/comments?post=2416"}],"version-history":[{"count":1,"href":"https:\/\/www.macquero.com\/en\/wp-json\/wp\/v2\/posts\/2416\/revisions"}],"predecessor-version":[{"id":6520,"href":"https:\/\/www.macquero.com\/en\/wp-json\/wp\/v2\/posts\/2416\/revisions\/6520"}],"wp:featuredmedia":[{"embeddable":true,"href":"https:\/\/www.macquero.com\/en\/wp-json\/wp\/v2\/media\/2418"}],"wp:attachment":[{"href":"https:\/\/www.macquero.com\/en\/wp-json\/wp\/v2\/media?parent=2416"}],"wp:term":[{"taxonomy":"category","embeddable":true,"href":"https:\/\/www.macquero.com\/en\/wp-json\/wp\/v2\/categories?post=2416"},{"taxonomy":"post_tag","embeddable":true,"href":"https:\/\/www.macquero.com\/en\/wp-json\/wp\/v2\/tags?post=2416"}],"curies":[{"name":"wp","href":"https:\/\/api.w.org\/{rel}","templated":true}]}}