{"id":24139,"date":"2025-10-17T00:20:00","date_gmt":"2025-10-17T06:20:00","guid":{"rendered":"https:\/\/www.macquero.com\/?p=24139"},"modified":"2025-10-16T01:32:06","modified_gmt":"2025-10-16T07:32:06","slug":"apple-lanza-en-silencio-el-chip-m5-potencia-ia-y-eficiencia-sin-alardes","status":"publish","type":"post","link":"https:\/\/www.macquero.com\/en\/2025\/10\/apple-lanza-en-silencio-el-chip-m5-potencia-ia-y-eficiencia-sin-alardes\/","title":{"rendered":"Apple quietly launches M5 chip: power, AI and efficiency without fanfare"},"content":{"rendered":"<p>Apple ha lanzado silenciosamente (o con menos bombo del habitual) varios dispositivos equipados con su nuevo chip&nbsp;<strong>M5<\/strong>, el cual representa un salto significativo en rendimiento, eficiencia energ\u00e9tica y capacidades de inteligencia artificial. Aqu\u00ed un resumen de qu\u00e9 productos son, qu\u00e9 novedades traen y por qu\u00e9 este \u201cdrop\u201d silencioso es relevante.<\/p>\n\n\n\n<hr class=\"wp-block-separator has-alpha-channel-opacity\"\/>\n\n\n\n<h2 class=\"wp-block-heading\"><strong>&#x1f50d; Dispositivos con chip M5 que Apple acaba de mostrar<\/strong><\/h2>\n\n\n\n<ol class=\"wp-block-list\" start=\"1\">\n<li><strong>iPad Pro (2025)<\/strong>\n<ul class=\"wp-block-list\">\n<li>Apple present\u00f3 un nuevo iPad Pro con chip M5, en versiones de\u00a0<strong>11 y 13 pulgadas<\/strong>, en colores negro espacial y plata.\u00a0\u00a0<\/li>\n\n\n\n<li>Mejoras internas: mayor rendimiento en IA (hasta\u00a0<strong>3.5\u00d7 m\u00e1s<\/strong>\u00a0que el modelo anterior con M4), GPU con aceleradores neurales por n\u00facleo, pantalla Ultra Retina XDR, mejor conectividad (Wi-Fi 7, nuevo m\u00f3dem C1X en modelos celulares) y mayor eficiencia general.\u00a0\u00a0<\/li>\n\n\n\n<li>Dise\u00f1o y est\u00e9tica general permanecen bastante similares al modelo anterior, con mejoras \u201cdetr\u00e1s de c\u00e1mara\u201d.\u00a0\u00a0<\/li>\n<\/ul>\n<\/li>\n\n\n\n<li><strong>MacBook Pro de 14 pulgadas (versi\u00f3n base)<\/strong>\n<ul class=\"wp-block-list\">\n<li>Se actualiza con M5.\u00a0\u00a0<\/li>\n\n\n\n<li>Ganancias muy notables para tareas de IA, gr\u00e1ficos y multitarea. Tambi\u00e9n mejoras en SSD, memoria unificada y duraci\u00f3n de bater\u00eda: Apple promete hasta\u00a0<strong>24 horas<\/strong>\u00a0de autonom\u00eda en este modelo.\u00a0\u00a0<\/li>\n\n\n\n<li>Pantalla Liquid Retina XDR, opci\u00f3n nano-textura, mejor webcam (12 MP Center Stage), sonido mejorado, mayor ancho de banda de memoria.\u00a0\u00a0<\/li>\n<\/ul>\n<\/li>\n\n\n\n<li><strong>Apple Vision Pro (versi\u00f3n renovada)<\/strong>\n<ul class=\"wp-block-list\">\n<li>Ha sido actualizada con chip M5 tambi\u00e9n.\u00a0\u00a0<\/li>\n\n\n\n<li>Junto con esto, a\u00f1adieron una nueva correa (\u201cDual Knit Band\u201d) dise\u00f1ada para mayor comodidad.\u00a0\u00a0<\/li>\n\n\n\n<li>Mejoras t\u00e9cnicas menores pero importantes: tasa de refresco en pantalla m\u00e1s alta (120 Hz vs lo que ten\u00eda), mayor eficiencia, mejor renderizado gracias al nuevo chip.\u00a0\u00a0<\/li>\n<\/ul>\n<\/li>\n<\/ol>\n\n\n\n<figure class=\"wp-block-image size-large\"><img loading=\"lazy\" decoding=\"async\" width=\"940\" height=\"636\" src=\"https:\/\/www.macquero.com\/wp-content\/uploads\/2025\/10\/ipad-940x636.png\" alt=\"\" class=\"wp-image-24144\" srcset=\"https:\/\/www.macquero.com\/wp-content\/uploads\/2025\/10\/ipad-940x636.png 940w, https:\/\/www.macquero.com\/wp-content\/uploads\/2025\/10\/ipad-620x420.png 620w, https:\/\/www.macquero.com\/wp-content\/uploads\/2025\/10\/ipad-300x203.png 300w, https:\/\/www.macquero.com\/wp-content\/uploads\/2025\/10\/ipad-768x520.png 768w, https:\/\/www.macquero.com\/wp-content\/uploads\/2025\/10\/ipad-1536x1040.png 1536w, https:\/\/www.macquero.com\/wp-content\/uploads\/2025\/10\/ipad-2048x1386.png 2048w, https:\/\/www.macquero.com\/wp-content\/uploads\/2025\/10\/ipad-220x150.png 220w\" sizes=\"auto, (max-width: 940px) 100vw, 940px\" \/><\/figure>\n\n\n\n<hr class=\"wp-block-separator has-alpha-channel-opacity\"\/>\n\n\n\n<h2 class=\"wp-block-heading\"><strong>&#x2699;&#xfe0f; Qu\u00e9 aporta el chip M5<\/strong><\/h2>\n\n\n\n<ul class=\"wp-block-list\">\n<li>Fabricaci\u00f3n avanzada con proceso de\u00a0<strong>3 nm<\/strong>, lo que le da ventajas en eficiencia energ\u00e9tica y capacidad de procesamiento.\u00a0\u00a0<\/li>\n\n\n\n<li>Mejora notable en tareas de inteligencia artificial\u00a0<strong>on-device<\/strong>, como generaci\u00f3n de im\u00e1genes, edici\u00f3n de v\u00eddeo con IA, modelos grandes (LLMs) corriendo localmente sin tener que depender tanto de la nube.\u00a0\u00a0<\/li>\n\n\n\n<li>Mejoras de conectividad (Wi-Fi 7, m\u00f3dem celular m\u00e1s r\u00e1pido) y rendimiento gr\u00e1fico, incluyendo GPU con aceleradores neurales por n\u00facleo y ray tracing en algunos casos.\u00a0\u00a0<\/li>\n<\/ul>\n\n\n\n<hr class=\"wp-block-separator has-alpha-channel-opacity\"\/>\n\n\n\n<h2 class=\"wp-block-heading\"><strong>&#x1f4c5; Modelo de lanzamiento: \u201csilencioso\u201d<\/strong><\/h2>\n\n\n\n<ul class=\"wp-block-list\">\n<li>Apple ha decidido no hacer un gran evento para presentar estos productos, sino que los anunci\u00f3 por medio de comunicados y actualizaciones en su sitio web. Algunas fuentes lo llaman \u201clanzamiento sorpresa\u201d o \u201cdrop silencioso\u201d.\u00a0\u00a0<\/li>\n\n\n\n<li>Los precios se mantienen en muchos casos igual que con los modelos con chip anterior, lo que sugiere que no intentan aprovecharse para aumentar m\u00e1rgenes, sino actualizar internamente.\u00a0\u00a0<\/li>\n\n\n\n<li>Disponibilidad: ya se pueden reservar\/preordenar algunos modelos, y la venta inicia en tiendas y distribuidores el\u00a0<strong>22 de octubre de 2025<\/strong>\u00a0en varios pa\u00edses.\u00a0\u00a0<\/li>\n<\/ul>\n\n\n\n<p>M\u00e1s informaci\u00f3n en la p\u00e1gina oficial de <a href=\"https:\/\/www.apple.com\/mx\/\" data-type=\"link\" data-id=\"https:\/\/www.apple.com\/mx\/\" target=\"_blank\" rel=\"noreferrer noopener\">Apple<\/a>. <\/p>","protected":false},"excerpt":{"rendered":"<p>Apple ha lanzado silenciosamente (o con menos bombo del habitual) varios dispositivos equipados con su nuevo chip&nbsp;M5, el cual representa un salto significativo en rendimiento, eficiencia energ\u00e9tica y capacidades de inteligencia artificial. Aqu\u00ed un resumen de qu\u00e9 productos son, qu\u00e9 novedades traen y por qu\u00e9 este \u201cdrop\u201d silencioso es relevante. &#x1f50d; Dispositivos con chip M5 &hellip;<\/p>","protected":false},"author":2,"featured_media":24143,"comment_status":"closed","ping_status":"open","sticky":false,"template":"","format":"standard","meta":{"jetpack_post_was_ever_published":false,"_jetpack_newsletter_access":"","_jetpack_dont_email_post_to_subs":false,"_jetpack_newsletter_tier_id":0,"_jetpack_memberships_contains_paywalled_content":false,"_jetpack_memberships_contains_paid_content":false,"footnotes":"","jetpack_publicize_message":"","jetpack_publicize_feature_enabled":true,"jetpack_social_post_already_shared":true,"jetpack_social_options":{"image_generator_settings":{"template":"highway","default_image_id":0,"font":"","enabled":false},"version":2}},"categories":[5,1469,1459,1097,1474,1315,1465],"tags":[1717,1716,1718],"class_list":["post-24139","post","type-post","status-publish","format-standard","has-post-thumbnail","hentry","category-apple","category-fanboy","category-ipados-apple","category-keynote","category-macos-apple","category-vision-pro","category-visionos","tag-applesilicon","tag-chipm5","tag-innovacion"],"jetpack_publicize_connections":[],"jetpack_featured_media_url":"https:\/\/www.macquero.com\/wp-content\/uploads\/2025\/10\/m5.png","jetpack_sharing_enabled":true,"_links":{"self":[{"href":"https:\/\/www.macquero.com\/en\/wp-json\/wp\/v2\/posts\/24139","targetHints":{"allow":["GET"]}}],"collection":[{"href":"https:\/\/www.macquero.com\/en\/wp-json\/wp\/v2\/posts"}],"about":[{"href":"https:\/\/www.macquero.com\/en\/wp-json\/wp\/v2\/types\/post"}],"author":[{"embeddable":true,"href":"https:\/\/www.macquero.com\/en\/wp-json\/wp\/v2\/users\/2"}],"replies":[{"embeddable":true,"href":"https:\/\/www.macquero.com\/en\/wp-json\/wp\/v2\/comments?post=24139"}],"version-history":[{"count":4,"href":"https:\/\/www.macquero.com\/en\/wp-json\/wp\/v2\/posts\/24139\/revisions"}],"predecessor-version":[{"id":24145,"href":"https:\/\/www.macquero.com\/en\/wp-json\/wp\/v2\/posts\/24139\/revisions\/24145"}],"wp:featuredmedia":[{"embeddable":true,"href":"https:\/\/www.macquero.com\/en\/wp-json\/wp\/v2\/media\/24143"}],"wp:attachment":[{"href":"https:\/\/www.macquero.com\/en\/wp-json\/wp\/v2\/media?parent=24139"}],"wp:term":[{"taxonomy":"category","embeddable":true,"href":"https:\/\/www.macquero.com\/en\/wp-json\/wp\/v2\/categories?post=24139"},{"taxonomy":"post_tag","embeddable":true,"href":"https:\/\/www.macquero.com\/en\/wp-json\/wp\/v2\/tags?post=24139"}],"curies":[{"name":"wp","href":"https:\/\/api.w.org\/{rel}","templated":true}]}}