{"id":2411,"date":"2014-06-12T01:36:51","date_gmt":"2014-06-12T06:36:51","guid":{"rendered":"http:\/\/www.macquero.com\/?p=2411"},"modified":"2019-02-14T18:14:02","modified_gmt":"2019-02-14T23:14:02","slug":"apple-abre-una-nueva-tienda-en-tokyo-japon","status":"publish","type":"post","link":"https:\/\/www.macquero.com\/en\/2014\/06\/apple-abre-una-nueva-tienda-en-tokyo-japon\/","title":{"rendered":"Apple abre una nueva tienda en Tokio, Jap\u00f3n"},"content":{"rendered":"<p style=\"text-align: justify;\">El d\u00eda de hoy Apple public\u00f3 un nuevo video en el que anuncia la inauguraci\u00f3n de una nueva tienda este 13 de junio de 2014. Esta vez la tienda estar\u00e1 ubicada en Tokio Jap\u00f3n, en Ometesando (justo a la salida de la estaci\u00f3n del subterr\u00e1neo del mismo nombre). Esta tienda, como el resto de las de Apple, tiene una arquitectura minimalista y la caracter\u00edstica distribuci\u00f3n de productos en mesas, sin cajas registradoras o vitrinas.<\/p>\n<p style=\"text-align: justify;\">","protected":false},"excerpt":{"rendered":"<p>El d\u00eda de hoy Apple public\u00f3 un nuevo video en el que anuncia la inauguraci\u00f3n de una nueva tienda este 13 de junio de 2014. Esta vez la tienda estar\u00e1 ubicada en Tokio Jap\u00f3n, en Ometesando (justo a la salida de la estaci\u00f3n del subterr\u00e1neo del mismo nombre). Esta tienda, como el resto de las &hellip;<\/p>","protected":false},"author":1,"featured_media":2412,"comment_status":"open","ping_status":"open","sticky":false,"template":"","format":"standard","meta":{"jetpack_post_was_ever_published":false,"_jetpack_newsletter_access":"","_jetpack_dont_email_post_to_subs":false,"_jetpack_newsletter_tier_id":0,"_jetpack_memberships_contains_paywalled_content":false,"_jetpack_memberships_contains_paid_content":false,"footnotes":"","jetpack_publicize_message":"","jetpack_publicize_feature_enabled":true,"jetpack_social_post_already_shared":false,"jetpack_social_options":{"image_generator_settings":{"template":"highway","default_image_id":0,"font":"","enabled":false},"version":2}},"categories":[132],"tags":[],"class_list":["post-2411","post","type-post","status-publish","format-standard","has-post-thumbnail","hentry","category-noticias"],"jetpack_publicize_connections":[],"jetpack_featured_media_url":"https:\/\/www.macquero.com\/wp-content\/uploads\/2014\/06\/Screen-Shot-2014-06-12-at-01.05.23-a.m..jpg","jetpack_sharing_enabled":true,"_links":{"self":[{"href":"https:\/\/www.macquero.com\/en\/wp-json\/wp\/v2\/posts\/2411","targetHints":{"allow":["GET"]}}],"collection":[{"href":"https:\/\/www.macquero.com\/en\/wp-json\/wp\/v2\/posts"}],"about":[{"href":"https:\/\/www.macquero.com\/en\/wp-json\/wp\/v2\/types\/post"}],"author":[{"embeddable":true,"href":"https:\/\/www.macquero.com\/en\/wp-json\/wp\/v2\/users\/1"}],"replies":[{"embeddable":true,"href":"https:\/\/www.macquero.com\/en\/wp-json\/wp\/v2\/comments?post=2411"}],"version-history":[{"count":1,"href":"https:\/\/www.macquero.com\/en\/wp-json\/wp\/v2\/posts\/2411\/revisions"}],"predecessor-version":[{"id":6521,"href":"https:\/\/www.macquero.com\/en\/wp-json\/wp\/v2\/posts\/2411\/revisions\/6521"}],"wp:featuredmedia":[{"embeddable":true,"href":"https:\/\/www.macquero.com\/en\/wp-json\/wp\/v2\/media\/2412"}],"wp:attachment":[{"href":"https:\/\/www.macquero.com\/en\/wp-json\/wp\/v2\/media?parent=2411"}],"wp:term":[{"taxonomy":"category","embeddable":true,"href":"https:\/\/www.macquero.com\/en\/wp-json\/wp\/v2\/categories?post=2411"},{"taxonomy":"post_tag","embeddable":true,"href":"https:\/\/www.macquero.com\/en\/wp-json\/wp\/v2\/tags?post=2411"}],"curies":[{"name":"wp","href":"https:\/\/api.w.org\/{rel}","templated":true}]}}