{"id":24017,"date":"2025-10-07T00:20:00","date_gmt":"2025-10-07T06:20:00","guid":{"rendered":"https:\/\/www.macquero.com\/?p=24017"},"modified":"2025-10-07T01:30:00","modified_gmt":"2025-10-07T07:30:00","slug":"megalodon-2-el-gran-abismo-terror-y-adrenalina-en-las-profundidades-del-oceano-disponible-en-apple-tv","status":"publish","type":"post","link":"https:\/\/www.macquero.com\/en\/2025\/10\/megalodon-2-el-gran-abismo-terror-y-adrenalina-en-las-profundidades-del-oceano-disponible-en-apple-tv\/","title":{"rendered":"Megalodon 2: The Great Abyss - Terror and Adrenaline in the Deep Ocean, available on Apple TV"},"content":{"rendered":"<p><em>Megalod\u00f3n 2: El Gran Abismo<\/em>&nbsp;(<em>Meg 2: The Trench<\/em>) es la secuela de la exitosa pel\u00edcula de 2018, dirigida por Ben Wheatley y protagonizada nuevamente por Jason Statham como Jonas Taylor. La trama se desarrolla cinco a\u00f1os despu\u00e9s de los eventos de la primera pel\u00edcula, con Jonas ahora dedicado a la lucha contra el ecoterrorismo y exploraciones submarinas junto al equipo de Mana One.<\/p>\n\n\n\n<h3 class=\"wp-block-heading\"><strong>&#x1f30a; La Amenaza Submarina<\/strong><\/h3>\n\n\n\n<p>Durante una misi\u00f3n de rutina en la Fosa de las Marianas, Jonas y su equipo descubren una base minera ilegal que opera en las profundidades del oc\u00e9ano. Adem\u00e1s, se dan cuenta de que Haiqi, el megalod\u00f3n que hab\u00edan estado estudiando y que fue criado en cautiverio, ha escapado y se ha reunido con otros megalodones en la zona. Esta situaci\u00f3n pone en peligro tanto la misi\u00f3n como la seguridad del equipo.<\/p>\n\n\n\n<h3 class=\"wp-block-heading\"><strong>&#x2694;&#xfe0f; Confrontaci\u00f3n con el Mal<\/strong><\/h3>\n\n\n\n<p>La operaci\u00f3n minera, liderada por individuos sin escr\u00fapulos, representa una amenaza adicional para el equipo. Estos antagonistas buscan explotar los recursos del oc\u00e9ano sin considerar las consecuencias ecol\u00f3gicas, lo que lleva a una serie de enfrentamientos entre los cient\u00edficos y los mineros. Mientras tanto, los megalodones acechan en las profundidades, aumentando la tensi\u00f3n y el peligro.<\/p>\n\n\n\n<h3 class=\"wp-block-heading\"><strong>&#x1f9e0; Personajes y Desarrollo<\/strong><\/h3>\n\n\n\n<p>Jonas Taylor, interpretado por Jason Statham, contin\u00faa siendo el l\u00edder valiente y decidido que conocemos, enfrentando tanto amenazas humanas como naturales. Wu Jing se une al elenco como Jiuming Zhang, un experto en biolog\u00eda marina y nuevo miembro del equipo, mientras que Shuya Sophia Cai regresa como Meiying, la hija de Suyin y Jonas. La din\u00e1mica entre los personajes aporta profundidad emocional a la pel\u00edcula, equilibrando la acci\u00f3n con momentos de reflexi\u00f3n.<\/p>\n\n\n\n<h3 class=\"wp-block-heading\"><strong>&#x1f3ac; Estilo Visual y Efectos Especiales<\/strong><\/h3>\n\n\n\n<p>La pel\u00edcula destaca por sus impresionantes efectos visuales que recrean las vastas y peligrosas profundidades marinas. Las escenas de acci\u00f3n est\u00e1n cuidadosamente coreografiadas, combinando persecuciones submarinas, enfrentamientos con criaturas prehist\u00f3ricas y momentos de tensi\u00f3n que mantienen al espectador al borde del asiento. La cinematograf\u00eda captura la magnitud de los megalodones y la belleza oscura del oc\u00e9ano.<\/p>\n\n\n\n<h3 class=\"wp-block-heading\"><strong>&#x1f9e9; Conclusi\u00f3n<\/strong><\/h3>\n\n\n\n<p><em>Megalod\u00f3n 2: El Gran Abismo<\/em>&nbsp;ofrece una mezcla de acci\u00f3n, aventura y ciencia ficci\u00f3n que expande el universo introducido en la primera pel\u00edcula. Con una narrativa que combina amenazas naturales y humanas, la pel\u00edcula mantiene el tono emocionante y entretenido que los fan\u00e1ticos esperan. Es una secuela que no solo satisface a los amantes de los thrillers submarinos, sino que tambi\u00e9n plantea cuestiones sobre la explotaci\u00f3n de los recursos naturales y la responsabilidad humana.<\/p>\n\n\n\n<p>Calificaci\u00f3n: &#x2b50;&#x2b50;<\/p>\n\n\n\n<blockquote class=\"wp-block-quote is-layout-flow wp-block-quote-is-layout-flow\">\n<p><strong>Otra pel\u00edcula que merece verse en un gran televisor 4K.<\/strong><\/p>\n<\/blockquote>\n\n\n\n<p>Disponible para comprar o alquilar en <a href=\"https:\/\/tv.apple.com\/mx\/movie\/megalodon-2-el-gran-abismo\/umc.cmc.6zpoy25mtti4ykhr1sq8p26o3\" data-type=\"link\" data-id=\"https:\/\/tv.apple.com\/mx\/movie\/megalodon-2-el-gran-abismo\/umc.cmc.6zpoy25mtti4ykhr1sq8p26o3\" target=\"_blank\" rel=\"noreferrer noopener\">Apple TV.<\/a><\/p>","protected":false},"excerpt":{"rendered":"<p>Megalod\u00f3n 2: El Gran Abismo&nbsp;(Meg 2: The Trench) es la secuela de la exitosa pel\u00edcula de 2018, dirigida por Ben Wheatley y protagonizada nuevamente por Jason Statham como Jonas Taylor. La trama se desarrolla cinco a\u00f1os despu\u00e9s de los eventos de la primera pel\u00edcula, con Jonas ahora dedicado a la lucha contra el ecoterrorismo y &hellip;<\/p>","protected":false},"author":2,"featured_media":24019,"comment_status":"closed","ping_status":"open","sticky":false,"template":"","format":"standard","meta":{"jetpack_post_was_ever_published":false,"_jetpack_newsletter_access":"","_jetpack_dont_email_post_to_subs":false,"_jetpack_newsletter_tier_id":0,"_jetpack_memberships_contains_paywalled_content":false,"_jetpack_memberships_contains_paid_content":false,"footnotes":"","jetpack_publicize_message":"","jetpack_publicize_feature_enabled":true,"jetpack_social_post_already_shared":true,"jetpack_social_options":{"image_generator_settings":{"template":"highway","default_image_id":0,"font":"","enabled":false},"version":2}},"categories":[687,5,596,688,1023],"tags":[1685,1690,1183],"class_list":["post-24017","post","type-post","status-publish","format-standard","has-post-thumbnail","hentry","category-accion-y-aventura","category-apple","category-apple-tv","category-ciencia-ficcion","category-tv","tag-jasonstatham","tag-megalodon2","tag-plex-media-server"],"jetpack_publicize_connections":[],"jetpack_featured_media_url":"https:\/\/www.macquero.com\/wp-content\/uploads\/2025\/10\/meg2.png","jetpack_sharing_enabled":true,"_links":{"self":[{"href":"https:\/\/www.macquero.com\/en\/wp-json\/wp\/v2\/posts\/24017","targetHints":{"allow":["GET"]}}],"collection":[{"href":"https:\/\/www.macquero.com\/en\/wp-json\/wp\/v2\/posts"}],"about":[{"href":"https:\/\/www.macquero.com\/en\/wp-json\/wp\/v2\/types\/post"}],"author":[{"embeddable":true,"href":"https:\/\/www.macquero.com\/en\/wp-json\/wp\/v2\/users\/2"}],"replies":[{"embeddable":true,"href":"https:\/\/www.macquero.com\/en\/wp-json\/wp\/v2\/comments?post=24017"}],"version-history":[{"count":3,"href":"https:\/\/www.macquero.com\/en\/wp-json\/wp\/v2\/posts\/24017\/revisions"}],"predecessor-version":[{"id":24081,"href":"https:\/\/www.macquero.com\/en\/wp-json\/wp\/v2\/posts\/24017\/revisions\/24081"}],"wp:featuredmedia":[{"embeddable":true,"href":"https:\/\/www.macquero.com\/en\/wp-json\/wp\/v2\/media\/24019"}],"wp:attachment":[{"href":"https:\/\/www.macquero.com\/en\/wp-json\/wp\/v2\/media?parent=24017"}],"wp:term":[{"taxonomy":"category","embeddable":true,"href":"https:\/\/www.macquero.com\/en\/wp-json\/wp\/v2\/categories?post=24017"},{"taxonomy":"post_tag","embeddable":true,"href":"https:\/\/www.macquero.com\/en\/wp-json\/wp\/v2\/tags?post=24017"}],"curies":[{"name":"wp","href":"https:\/\/api.w.org\/{rel}","templated":true}]}}