{"id":23962,"date":"2025-10-02T00:20:00","date_gmt":"2025-10-02T06:20:00","guid":{"rendered":"https:\/\/www.macquero.com\/?p=23962"},"modified":"2025-10-01T09:48:17","modified_gmt":"2025-10-01T15:48:17","slug":"incontrolables-la-serie-de-netflix-que-mezcla-misterio-y-hechos-reales","status":"publish","type":"post","link":"https:\/\/www.macquero.com\/en\/2025\/10\/incontrolables-la-serie-de-netflix-que-mezcla-misterio-y-hechos-reales\/","title":{"rendered":"Uncontrollable: the Netflix series that mixes mystery and real facts"},"content":{"rendered":"<p><strong>Incontrolables<\/strong>&nbsp;es una miniserie de Netflix estrenada el 25 de septiembre de 2025 que combina misterio, thriller psicol\u00f3gico y drama con una fuerte cr\u00edtica social.&nbsp;&nbsp;<\/p>\n\n\n\n<hr class=\"wp-block-separator has-alpha-channel-opacity\"\/>\n\n\n\n<h3 class=\"wp-block-heading\"><strong>Trama<\/strong><\/h3>\n\n\n\n<p>La historia se sit\u00faa en un tranquilo pueblo, Tall Pines, donde nada parece fuera de lo com\u00fan\u2026 a primera vista. En el centro de la ficci\u00f3n est\u00e1 la Academia Tall Pines, un internado destinado a adolescentes con \u201cproblemas\u201d, bajo la direcci\u00f3n de Evelyn Wade, mujer carism\u00e1tica pero con motivaciones peligrosas.&nbsp;&nbsp;<\/p>\n\n\n\n<p>Un agente de polic\u00eda reci\u00e9n llegado, Alex Dempsey (interpretado por Mae Martin), comienza a sospechar sobre lo que ocurre realmente en la academia tras la fuga de uno de los alumnos. Conforme investigue, se ir\u00e1 revelando que la escuela oculta secretos oscuros y que Evelyn podr\u00eda estar al frente de algo mucho m\u00e1s siniestro que una simple instituci\u00f3n de rehabilitaci\u00f3n juvenil.&nbsp;&nbsp;<\/p>\n\n\n\n<p>Paralelamente, seguimos la experiencia de dos estudiantes: Abbie y Leila. Ambas se enfrentan al sistema de rehabilitaci\u00f3n de Tall Pines, donde el control psicol\u00f3gico, los castigos extremos y las manipulaciones mentales est\u00e1n presentes.&nbsp;&nbsp;<\/p>\n\n\n\n<hr class=\"wp-block-separator has-alpha-channel-opacity\"\/>\n\n\n\n<h3 class=\"wp-block-heading\"><strong>Inspiraci\u00f3n en la vida real<\/strong><\/h3>\n\n\n\n<p>Aunque la serie es ficci\u00f3n, se inspira en testimonios reales y en lo que se conoce como la&nbsp;<em>Troubled Teen Industry<\/em>&nbsp;(la industria de internados para adolescentes considerados \u201cproblem\u00e1ticos\u201d), donde se han documentado abusos psicol\u00f3gicos, f\u00edsicos y tratamientos controversiales.&nbsp;&nbsp;<\/p>\n\n\n\n<p>Mae Martin cuenta que la idea parti\u00f3 de la experiencia de su amiga Nicole, quien siendo adolescente fue llevada de noche a una instituci\u00f3n parecida a Tall Pines, donde vivi\u00f3 circunstancias extremas durante a\u00f1os. Esa vivencia verdadera fue consultada durante la escritura del guion para que la serie reflejara con crudeza ciertas pr\u00e1cticas reales que suelen permanecer ocultas.&nbsp;&nbsp;<\/p>\n\n\n\n<hr class=\"wp-block-separator has-alpha-channel-opacity\"\/>\n\n\n\n<h3 class=\"wp-block-heading\"><strong>Personajes principales<\/strong><\/h3>\n\n\n\n<ul class=\"wp-block-list\">\n<li><strong>Alex Dempsey<\/strong>\u00a0(<a href=\"https:\/\/www.instagram.com\/hooraymae\/\" data-type=\"link\" data-id=\"https:\/\/www.instagram.com\/hooraymae\/\" target=\"_blank\" rel=\"noreferrer noopener\">Mae Martin<\/a>): agente de polic\u00eda que llega al pueblo con la intenci\u00f3n de descubrir la verdad. Tambi\u00e9n comparte la creaci\u00f3n de la serie.\u00a0\u00a0<\/li>\n\n\n\n<li><strong>Evelyn Wade<\/strong>\u00a0(Toni Collette): directora de la academia. Su papel es central: es quien maneja el poder dentro de Tall Pines y cuya figura despierta m\u00e1s dudas cuanto m\u00e1s se avanza en la trama.\u00a0\u00a0<\/li>\n\n\n\n<li><strong>Laura Redman<\/strong>\u00a0(<a href=\"https:\/\/www.instagram.com\/sarahgadon\" data-type=\"link\" data-id=\"https:\/\/www.instagram.com\/sarahgadon\">Sarah Gadon<\/a>): esposa de Alex, embarazada, cuyo personaje sirve como contrapunto emocional y cuya conexi\u00f3n personal con el internado se vuelve relevante.\u00a0\u00a0<\/li>\n\n\n\n<li><strong>Abbie<\/strong>\u00a0y\u00a0<strong>Leila<\/strong>: dos j\u00f3venes internas que representan distintos grados de vulnerabilidad y resistencia frente al sistema que oprime a los alumnos.\u00a0\u00a0<\/li>\n<\/ul>\n\n\n\n<hr class=\"wp-block-separator has-alpha-channel-opacity\"\/>\n\n\n\n<h3 class=\"wp-block-heading\"><strong>Lo que hace que destaque<\/strong><\/h3>\n\n\n\n<ul class=\"wp-block-list\">\n<li><em>Ambiente sombr\u00edo y tensi\u00f3n creciente:<\/em>\u00a0La atm\u00f3sfera en Tall Pines, el aislamiento del pueblo, los esquemas de control y los castigos psicol\u00f3gicos conforman una narrativa tensa que logra mantener al espectador en incertidumbre.\u00a0\u00a0<\/li>\n\n\n\n<li><em>Reflexi\u00f3n sobre el poder, la identidad y la libertad:<\/em>\u00a0La serie no es solo un thriller; plantea preguntas sobre hasta qu\u00e9 punto alguien puede retener su autonom\u00eda bajo estructuras aparentemente cura\u00adtivas, qui\u00e9n define lo que es \u201cproblem\u00e1tico\u201d y c\u00f3mo se ejerce la autoridad.\u00a0\u00a0<\/li>\n\n\n\n<li><em>Exploraci\u00f3n de temas controvertidos:<\/em>\u00a0Uso de t\u00e9cnicas de memoria recuperada (recovered memory therapy), manipulaci\u00f3n psicol\u00f3gica, inclusi\u00f3n de identidad y sexualidad como aspectos naturales de los personajes en medio de la crisis, etc.\u00a0\u00a0<\/li>\n\n\n\n<li><em>Formato de miniserie cerrada:<\/em>\u00a0Ocho episodios que ofrecen una historia completa, lo que permite una tensi\u00f3n creciente sin necesidad de prolongar m\u00e1s all\u00e1 de lo necesario.\u00a0\u00a0<\/li>\n<\/ul>\n\n\n\n<hr class=\"wp-block-separator has-alpha-channel-opacity\"\/>\n\n\n\n<h3 class=\"wp-block-heading\"><strong>Final (sin spoilers importantes)<\/strong><\/h3>\n\n\n\n<p>El desenlace revela muchas de las mentiras, manipulaciones y mecanismos de control que Evelyn y la academia han dise\u00f1ado. Abbie logra escapar con ayuda de Alex, mientras Leila, manipulada mentalmente, decide quedarse, convencida de que el internado solo le ofrece esperanza donde afuera no la hay. Evelyn sufre las consecuencias de sus propios m\u00e9todos, pero la serie deja abierto un matiz de ambig\u00fcedad sobre su destino final, lo que invita a reflexionar sobre el alcance del poder sobre la mente y la identidad.\u00a0\u00a0<\/p>\n\n\n\n<blockquote class=\"wp-block-quote is-layout-flow wp-block-quote-is-layout-flow\">\n<p><strong>Es una serie bastante enigm\u00e1tica, cargada de misterio e intriga, y el hecho de estar inspirada en sucesos reales la convierte en una propuesta a\u00fan m\u00e1s interesante<\/strong>.<\/p>\n<\/blockquote>\n\n\n\n<p>Calificaci\u00f3n: &#x2b50;&#x2b50;&#x2b50;<\/p>","protected":false},"excerpt":{"rendered":"<p>Incontrolables&nbsp;es una miniserie de Netflix estrenada el 25 de septiembre de 2025 que combina misterio, thriller psicol\u00f3gico y drama con una fuerte cr\u00edtica social.&nbsp;&nbsp; Trama La historia se sit\u00faa en un tranquilo pueblo, Tall Pines, donde nada parece fuera de lo com\u00fan\u2026 a primera vista. En el centro de la ficci\u00f3n est\u00e1 la Academia Tall &hellip;<\/p>","protected":false},"author":2,"featured_media":23964,"comment_status":"closed","ping_status":"open","sticky":false,"template":"","format":"standard","meta":{"jetpack_post_was_ever_published":false,"_jetpack_newsletter_access":"","_jetpack_dont_email_post_to_subs":false,"_jetpack_newsletter_tier_id":0,"_jetpack_memberships_contains_paywalled_content":false,"_jetpack_memberships_contains_paid_content":false,"footnotes":"","jetpack_publicize_message":"","jetpack_publicize_feature_enabled":true,"jetpack_social_post_already_shared":true,"jetpack_social_options":{"image_generator_settings":{"template":"highway","default_image_id":0,"font":"","enabled":false},"version":2}},"categories":[732],"tags":[303,1674,1148,500],"class_list":["post-23962","post","type-post","status-publish","format-standard","has-post-thumbnail","hentry","category-series","tag-drama","tag-hechosreales","tag-miniseries","tag-misterio"],"jetpack_publicize_connections":[],"jetpack_featured_media_url":"https:\/\/www.macquero.com\/wp-content\/uploads\/2025\/10\/incon.jpg","jetpack_sharing_enabled":true,"_links":{"self":[{"href":"https:\/\/www.macquero.com\/en\/wp-json\/wp\/v2\/posts\/23962","targetHints":{"allow":["GET"]}}],"collection":[{"href":"https:\/\/www.macquero.com\/en\/wp-json\/wp\/v2\/posts"}],"about":[{"href":"https:\/\/www.macquero.com\/en\/wp-json\/wp\/v2\/types\/post"}],"author":[{"embeddable":true,"href":"https:\/\/www.macquero.com\/en\/wp-json\/wp\/v2\/users\/2"}],"replies":[{"embeddable":true,"href":"https:\/\/www.macquero.com\/en\/wp-json\/wp\/v2\/comments?post=23962"}],"version-history":[{"count":1,"href":"https:\/\/www.macquero.com\/en\/wp-json\/wp\/v2\/posts\/23962\/revisions"}],"predecessor-version":[{"id":23963,"href":"https:\/\/www.macquero.com\/en\/wp-json\/wp\/v2\/posts\/23962\/revisions\/23963"}],"wp:featuredmedia":[{"embeddable":true,"href":"https:\/\/www.macquero.com\/en\/wp-json\/wp\/v2\/media\/23964"}],"wp:attachment":[{"href":"https:\/\/www.macquero.com\/en\/wp-json\/wp\/v2\/media?parent=23962"}],"wp:term":[{"taxonomy":"category","embeddable":true,"href":"https:\/\/www.macquero.com\/en\/wp-json\/wp\/v2\/categories?post=23962"},{"taxonomy":"post_tag","embeddable":true,"href":"https:\/\/www.macquero.com\/en\/wp-json\/wp\/v2\/tags?post=23962"}],"curies":[{"name":"wp","href":"https:\/\/api.w.org\/{rel}","templated":true}]}}