{"id":23953,"date":"2025-10-01T00:20:00","date_gmt":"2025-10-01T06:20:00","guid":{"rendered":"https:\/\/www.macquero.com\/?p=23953"},"modified":"2025-09-29T16:03:33","modified_gmt":"2025-09-29T22:03:33","slug":"los-4-fantasticos-primeros-pasos-el-renacer-retrofuturista-de-la-primera-familia-marvel-disponible-en-apple-tv","status":"publish","type":"post","link":"https:\/\/www.macquero.com\/en\/2025\/10\/los-4-fantasticos-primeros-pasos-el-renacer-retrofuturista-de-la-primera-familia-marvel-disponible-en-apple-tv\/","title":{"rendered":"Los 4 Fant\u00e1sticos: Primeros Pasos \u2014 El renacer retrofuturista de la primera familia Marvel. &#8211; Disponible en Apple TV"},"content":{"rendered":"<p><strong>Los 4 Fant\u00e1sticos: Primeros Pasos (2025)<\/strong>&nbsp;marca un nuevo comienzo dentro del Universo Cinematogr\u00e1fico de Marvel, una pel\u00edcula que busca no solo presentar de nuevo a uno de los equipos m\u00e1s ic\u00f3nicos de los c\u00f3mics, sino tambi\u00e9n ofrecer una propuesta distinta en tono y est\u00e9tica. A diferencia de adaptaciones anteriores, esta versi\u00f3n apuesta por una ambientaci\u00f3n retrofuturista inspirada en los a\u00f1os sesenta, \u00e9poca en la que originalmente nacieron los personajes en las historietas de Stan Lee y Jack Kirby. Esta decisi\u00f3n est\u00e9tica impregna todo el film de un aire nost\u00e1lgico y, al mismo tiempo, fresco, diferenci\u00e1ndolo de la mayor\u00eda de entregas modernas del g\u00e9nero de superh\u00e9roes.<\/p>\n\n\n\n<h2 class=\"wp-block-heading\">Sinopsis<\/h2>\n\n\n\n<p>La historia nos presenta a Reed Richards, Sue Storm, Johnny Storm y Ben Grimm en los inicios de su trayectoria como superh\u00e9roes, tras un accidente c\u00f3smico que cambia sus vidas para siempre. Reed (Pedro Pascal) interpretado con solvencia y carisma encarna al cl\u00e1sico hombre de ciencia obsesionado por la exploraci\u00f3n y el conocimiento, mientras que Sue (<a href=\"https:\/\/www.instagram.com\/vanessa__kirby\" data-type=\"link\" data-id=\"https:\/\/www.instagram.com\/vanessa__kirby\" target=\"_blank\" rel=\"noreferrer noopener\">Vanessa Kirby<\/a>) se convierte en el coraz\u00f3n emocional del grupo, aportando sensibilidad y fortaleza. Johnny, el m\u00e1s joven y carism\u00e1tico, es la chispa rebelde que aporta dinamismo, y Ben Grimm ofrece el dramatismo de ser un h\u00e9roe atrapado en un cuerpo rocoso, siempre luchando con su condici\u00f3n pero manteniendo la lealtad a sus amigos. La qu\u00edmica entre los cuatro actores es uno de los grandes aciertos del film, pues consigue transmitir la esencia de \u201cfamilia\u201d que siempre ha caracterizado a Los 4 Fant\u00e1sticos.<\/p>\n\n\n\n<p>En cuanto al villano, Galactus aparece como la amenaza central, aunque algunos cr\u00edticos han se\u00f1alado que su desarrollo es limitado y no alcanza la magnitud esperada. Se percibe m\u00e1s como una sombra ominosa que como un antagonista plenamente aprovechado. Aun as\u00ed, su presencia a\u00f1ade una escala c\u00f3smica que expande las posibilidades narrativas de Marvel hacia territorios m\u00e1s ambiciosos.<\/p>\n\n\n\n<h2 class=\"wp-block-heading\">Efectos especiales<\/h2>\n\n\n\n<p>Visualmente, la pel\u00edcula es un deleite. La direcci\u00f3n art\u00edstica explora un futuro alternativo visto desde los a\u00f1os sesenta, con trajes, escenarios y tecnolog\u00eda que parecen sacados de una mezcla entre la imaginaci\u00f3n pulp y la est\u00e9tica de la era espacial. Este aspecto retrofuturista no solo otorga personalidad al film, sino que tambi\u00e9n lo hace destacar entre la saturaci\u00f3n de producciones de superh\u00e9roes que suelen recurrir a estilos visuales m\u00e1s homog\u00e9neos.<\/p>\n\n\n\n<p>En cuanto a ritmo, la cinta ofrece una buena introducci\u00f3n de los personajes y su mundo, pero adolece de cierta falta de acci\u00f3n en el tramo medio, lo que puede resultar decepcionante para los que esperan secuencias espectaculares al estilo de&nbsp;<em>Avengers<\/em>. Sin embargo, los momentos \u00edntimos entre los protagonistas y la construcci\u00f3n de sus relaciones personales compensan en gran medida este desequilibrio.<\/p>\n\n\n\n<p>En conclusi\u00f3n,&nbsp;<em>Los 4 Fant\u00e1sticos: Primeros Pasos<\/em>&nbsp;es una pel\u00edcula que, con sus virtudes y carencias, logra devolver la dignidad y el atractivo a un grupo de h\u00e9roes que hab\u00eda sufrido adaptaciones fallidas en el pasado. Su mayor logro reside en la uni\u00f3n de sus protagonistas, el encanto visual retro y la capacidad de emocionar al espectador a trav\u00e9s de la noci\u00f3n de familia y descubrimiento. Aunque no alcanza una perfecci\u00f3n absoluta, sienta bases s\u00f3lidas para el futuro de la saga.<\/p>\n\n\n\n<p>Calificaci\u00f3n: &#x2b50;&#x2b50;<\/p>\n\n\n\n<p>Disponible para alquilar o adquirir en <a href=\"https:\/\/tv.apple.com\/us\/movie\/the-fantastic-four\/umc.cmc.i8en6ccbtt7tcb61g7psc3zz?l=es\" data-type=\"link\" data-id=\"https:\/\/tv.apple.com\/us\/movie\/the-fantastic-four\/umc.cmc.i8en6ccbtt7tcb61g7psc3zz?l=es\" target=\"_blank\" rel=\"noreferrer noopener\">Apple TV<\/a>.<\/p>","protected":false},"excerpt":{"rendered":"<p>Los 4 Fant\u00e1sticos: Primeros Pasos (2025)&nbsp;marca un nuevo comienzo dentro del Universo Cinematogr\u00e1fico de Marvel, una pel\u00edcula que busca no solo presentar de nuevo a uno de los equipos m\u00e1s ic\u00f3nicos de los c\u00f3mics, sino tambi\u00e9n ofrecer una propuesta distinta en tono y est\u00e9tica. A diferencia de adaptaciones anteriores, esta versi\u00f3n apuesta por una ambientaci\u00f3n &hellip;<\/p>","protected":false},"author":2,"featured_media":23957,"comment_status":"closed","ping_status":"open","sticky":false,"template":"","format":"standard","meta":{"jetpack_post_was_ever_published":false,"_jetpack_newsletter_access":"","_jetpack_dont_email_post_to_subs":false,"_jetpack_newsletter_tier_id":0,"_jetpack_memberships_contains_paywalled_content":false,"_jetpack_memberships_contains_paid_content":false,"footnotes":"","jetpack_publicize_message":"","jetpack_publicize_feature_enabled":true,"jetpack_social_post_already_shared":true,"jetpack_social_options":{"image_generator_settings":{"template":"highway","default_image_id":0,"font":"","enabled":false},"version":2}},"categories":[5,596,688,1023],"tags":[1671,1670,1672],"class_list":["post-23953","post","type-post","status-publish","format-standard","has-post-thumbnail","hentry","category-apple","category-apple-tv","category-ciencia-ficcion","category-tv","tag-estrenosmarvel","tag-primerospasos","tag-retrofuturismo"],"jetpack_publicize_connections":[],"jetpack_featured_media_url":"https:\/\/www.macquero.com\/wp-content\/uploads\/2025\/09\/4.png","jetpack_sharing_enabled":true,"_links":{"self":[{"href":"https:\/\/www.macquero.com\/en\/wp-json\/wp\/v2\/posts\/23953","targetHints":{"allow":["GET"]}}],"collection":[{"href":"https:\/\/www.macquero.com\/en\/wp-json\/wp\/v2\/posts"}],"about":[{"href":"https:\/\/www.macquero.com\/en\/wp-json\/wp\/v2\/types\/post"}],"author":[{"embeddable":true,"href":"https:\/\/www.macquero.com\/en\/wp-json\/wp\/v2\/users\/2"}],"replies":[{"embeddable":true,"href":"https:\/\/www.macquero.com\/en\/wp-json\/wp\/v2\/comments?post=23953"}],"version-history":[{"count":5,"href":"https:\/\/www.macquero.com\/en\/wp-json\/wp\/v2\/posts\/23953\/revisions"}],"predecessor-version":[{"id":23961,"href":"https:\/\/www.macquero.com\/en\/wp-json\/wp\/v2\/posts\/23953\/revisions\/23961"}],"wp:featuredmedia":[{"embeddable":true,"href":"https:\/\/www.macquero.com\/en\/wp-json\/wp\/v2\/media\/23957"}],"wp:attachment":[{"href":"https:\/\/www.macquero.com\/en\/wp-json\/wp\/v2\/media?parent=23953"}],"wp:term":[{"taxonomy":"category","embeddable":true,"href":"https:\/\/www.macquero.com\/en\/wp-json\/wp\/v2\/categories?post=23953"},{"taxonomy":"post_tag","embeddable":true,"href":"https:\/\/www.macquero.com\/en\/wp-json\/wp\/v2\/tags?post=23953"}],"curies":[{"name":"wp","href":"https:\/\/api.w.org\/{rel}","templated":true}]}}