{"id":23913,"date":"2025-09-23T00:20:00","date_gmt":"2025-09-23T06:20:00","guid":{"rendered":"https:\/\/www.macquero.com\/?p=23913"},"modified":"2025-09-23T07:50:46","modified_gmt":"2025-09-23T13:50:46","slug":"image2icon-pro-personalizacion-avanzada-de-iconos-para-tu-mac","status":"publish","type":"post","link":"https:\/\/www.macquero.com\/en\/2025\/09\/image2icon-pro-personalizacion-avanzada-de-iconos-para-tu-mac\/","title":{"rendered":"Image2icon Pro: Personalizaci\u00f3n avanzada de iconos para tu Mac"},"content":{"rendered":"<p><strong>Con la llegada de Tahoe y todas las cr\u00edticas que ha recibido en su primera versi\u00f3n, nosotros a\u00fan no hemos dado el salto. Mientras tanto, desde Sequoia \u2014donde me encuentro\u2014 estoy explorando algunas opciones de personalizaci\u00f3n, pensadas para quienes no puedan dar el salto o simplemente no est\u00e9n interesados todav\u00eda<\/strong>.<\/p>\n\n\n\n<h2 class=\"wp-block-heading\"><strong>Image2icon: personaliza y transforma tus iconos en macOS<\/strong><\/h2>\n\n\n\n<p><strong>Image2icon<\/strong>\u00a0es una aplicaci\u00f3n dise\u00f1ada para macOS que permite a los usuarios crear, personalizar y gestionar iconos de manera sencilla y profesional. Su enfoque est\u00e1 en la simplicidad: arrastrar y soltar im\u00e1genes para transformarlas en iconos totalmente funcionales que se integran con el sistema operativo. Para quienes disfrutan personalizar su entorno o buscan un toque \u00fanico en sus carpetas, apps y proyectos, esta herramienta es una de las m\u00e1s intuitivas disponibles.<\/p>\n\n\n\n<h4 class=\"wp-block-heading\"><strong>Creaci\u00f3n de \u00edconos desde im\u00e1genes<\/strong><\/h4>\n\n\n\n<p>La funci\u00f3n principal de Image2icon es convertir cualquier imagen en un icono. El proceso es tan simple como arrastrar una foto, ilustraci\u00f3n o logo hacia la aplicaci\u00f3n. Desde all\u00ed, se puede ajustar su tama\u00f1o, elegir un marco o aplicar plantillas predise\u00f1adas. La app soporta im\u00e1genes en formatos comunes como\u00a0<strong>PNG, JPG, PSD o SVG<\/strong>, lo que facilita trabajar con archivos provenientes de editores gr\u00e1ficos como Photoshop o Illustrator.<\/p>\n\n\n\n<h4 class=\"wp-block-heading\"><strong>Plantillas y estilos predeterminados<\/strong><\/h4>\n\n\n\n<p>Uno de los grandes atractivos de Image2icon es su colecci\u00f3n de\u00a0<strong>plantillas predise\u00f1adas<\/strong>. Estas permiten aplicar estilos modernos, cl\u00e1sicos o divertidos a los iconos. Por ejemplo, se pueden crear carpetas con un look minimalista, darle un aspecto 3D a un icono plano, o incluso generar iconos circulares y con sombras suaves. Esto ayuda a quienes no tienen experiencia en dise\u00f1o a obtener resultados est\u00e9ticamente agradables con poco esfuerzo.<\/p>\n\n\n\n<h4 class=\"wp-block-heading\"><strong>Integraci\u00f3n con macOS<\/strong><\/h4>\n\n\n\n<p>La app est\u00e1 pensada para aprovechar al m\u00e1ximo el ecosistema de Apple. Una vez creado el icono, es posible\u00a0<strong>reemplazar el de una aplicaci\u00f3n, carpeta o disco duro<\/strong>\u00a0directamente desde la interfaz. No requiere procesos complicados ni comandos adicionales. Con unos pocos clics, el escritorio y el Finder adquieren un estilo m\u00e1s personalizado y uniforme.<\/p>\n\n\n\n<h4 class=\"wp-block-heading\"><strong>Exportaci\u00f3n en m\u00faltiples formatos<\/strong><\/h4>\n\n\n\n<p>Adem\u00e1s de integrarse en macOS, Image2icon permite\u00a0<strong>exportar iconos en diferentes formatos<\/strong>. Por ejemplo:<\/p>\n\n\n\n<ul class=\"wp-block-list\">\n<li><strong>ICNS<\/strong>: formato oficial de \u00edconos de macOS.<\/li>\n\n\n\n<li><strong>ICO<\/strong>: utilizado en Windows.<\/li>\n\n\n\n<li><strong>PNG<\/strong>&nbsp;de diferentes resoluciones, ideal para web o apps m\u00f3viles.<\/li>\n\n\n\n<li><strong>iOS icon sets<\/strong>, pensados para desarrolladores que deseen probar o preparar recursos para sus proyectos.<\/li>\n<\/ul>\n\n\n\n<p>De este modo, no solo es \u00fatil para personalizar un Mac, sino tambi\u00e9n para\u00a0<strong>dise\u00f1adores y desarrolladores<\/strong>\u00a0que necesitan iconos listos para diferentes plataformas.<\/p>\n\n\n\n<h4 class=\"wp-block-heading\"><strong>Funciones extra<\/strong><\/h4>\n\n\n\n<ul class=\"wp-block-list\">\n<li><strong>Fondos personalizados<\/strong>: la app permite a\u00f1adir un color o textura detr\u00e1s de la imagen para darle m\u00e1s contraste.<\/li>\n\n\n\n<li><strong>Recorte y escala<\/strong>: incluye herramientas b\u00e1sicas para ajustar el tama\u00f1o y encuadre de la imagen.<\/li>\n\n\n\n<li><strong>Compatibilidad con Retina Display<\/strong>: genera iconos de alta resoluci\u00f3n que se ven n\u00edtidos en pantallas modernas.<\/li>\n\n\n\n<li><strong>Creaci\u00f3n de favicon<\/strong>: ideal para webs, ya que exporta iconos optimizados para navegadores.<\/li>\n<\/ul>\n\n\n\n<h4 class=\"wp-block-heading\"><strong>Versi\u00f3n gratuita vs. versi\u00f3n Pro<\/strong><\/h4>\n\n\n\n<p>La app ofrece una versi\u00f3n gratuita con funcionalidades b\u00e1sicas, suficiente para personalizar carpetas y discos. Sin embargo, para acceder a todas las plantillas, exportaciones avanzadas y opciones de edici\u00f3n, es necesario adquirir la versi\u00f3n Pro.<\/p>\n\n\n\n<p><strong>Cuadro comparativo: Versi\u00f3n Gratis vs Versi\u00f3n Pro<\/strong><\/p>\n\n\n\n<figure class=\"wp-block-table\"><table><thead><tr><th><strong>Funci\u00f3n<\/strong><\/th><th><strong>Versi\u00f3n Gratis<\/strong><\/th><th><strong>Versi\u00f3n Pro \/ Compra dentro de la app<\/strong><\/th><\/tr><\/thead><tbody><tr><td><strong>Conversi\u00f3n b\u00e1sica de imagen a \u00edcono<\/strong><\/td><td>S\u00ed \u2014 puedes arrastrar una imagen y aplicarla a carpetas o archivos.&nbsp;&nbsp;<\/td><td>S\u00ed (lo mismo)<\/td><\/tr><tr><td><strong>Plantillas predise\u00f1adas (\u201ctemplates\u201d)<\/strong><\/td><td>Un n\u00famero limitado de plantillas incluidas.&nbsp;&nbsp;<\/td><td>Acceso a muchas m\u00e1s plantillas retina listas, incluyendo formatos especiales \/ decorativos.&nbsp;&nbsp;<\/td><\/tr><tr><td><strong>Edici\u00f3n b\u00e1sica de imagen<\/strong>&nbsp;(zoom, rotar, mover, cambiar color de fondo)<\/td><td>S\u00ed \u2014 funcionalidades b\u00e1sicas de edici\u00f3n de imagen y ajuste.&nbsp;&nbsp;<\/td><td>Lo mismo, posiblemente con m\u00e1s control dependiendo de plantilla.<\/td><\/tr><tr><td><strong>Exportaci\u00f3n de iconos<\/strong><\/td><td>Formatos esenciales: ICNS, carpetas, sets de iOS, Android; iconset \/ appIconset; favicons para web m\u00f3vil y desktop.&nbsp;&nbsp;<\/td><td>Formatos adicionales disponibles con Pro (Windows ICO, JPG, PNG)&nbsp;&nbsp;<\/td><\/tr><tr><td><strong>Remoci\u00f3n de fondo<\/strong><\/td><td>No incluido en la versi\u00f3n gratuita; se necesita compra dentro de la app para remover fondo de im\u00e1genes.&nbsp;&nbsp;<\/td><td>S\u00ed, con la versi\u00f3n Pro.&nbsp;&nbsp;<\/td><\/tr><tr><td><strong>Restaurar \u00edcono original<\/strong><\/td><td>S\u00ed \u2014 puedes restaurar el icono original de un archivo o carpeta.\u00a0\u00a0<\/td><td>Tambi\u00e9n incluido.<\/td><\/tr><tr><td><strong>Exportaciones por lote (batch export)<\/strong><\/td><td>Limitado o no disponible en algunas versiones gratuitas; algunas fuentes indican que batch export es parte de funcionalidades m\u00e1s completas.&nbsp;&nbsp;<\/td><td>Incluido; permite procesar varias im\u00e1genes a la vez.&nbsp;&nbsp;<\/td><\/tr><tr><td><strong>Idiomas disponibles<\/strong><\/td><td>Varios idiomas incluidos (Ingl\u00e9s, Espa\u00f1ol, etc.) tanto gratis como para Pro.&nbsp;&nbsp;<\/td><td>Igual<\/td><\/tr><tr><td><strong>Precio de desbloqueo \/ Pro<\/strong><\/td><td>Sin coste inicial para la versi\u00f3n b\u00e1sica; algunas funciones desbloqueables.&nbsp;&nbsp;<\/td><td>Se pueden comprar por separado lo que exportes o las plantillas; existe una opci\u00f3n que lo desbloquea todo por ~&nbsp;<strong>US$9.99<\/strong>.&nbsp;&nbsp;<\/td><\/tr><\/tbody><\/table><\/figure>\n\n\n\n<p><\/p>","protected":false},"excerpt":{"rendered":"<p>Con la llegada de Tahoe y todas las cr\u00edticas que ha recibido en su primera versi\u00f3n, nosotros a\u00fan no hemos dado el salto. Mientras tanto, desde Sequoia \u2014donde me encuentro\u2014 estoy explorando algunas opciones de personalizaci\u00f3n, pensadas para quienes no puedan dar el salto o simplemente no est\u00e9n interesados todav\u00eda. Image2icon: personaliza y transforma tus &hellip;<\/p>","protected":false},"author":2,"featured_media":23916,"comment_status":"closed","ping_status":"open","sticky":false,"template":"","format":"standard","meta":{"jetpack_post_was_ever_published":false,"_jetpack_newsletter_access":"","_jetpack_dont_email_post_to_subs":false,"_jetpack_newsletter_tier_id":0,"_jetpack_memberships_contains_paywalled_content":false,"_jetpack_memberships_contains_paid_content":false,"footnotes":"","jetpack_publicize_message":"","jetpack_publicize_feature_enabled":true,"jetpack_social_post_already_shared":true,"jetpack_social_options":{"image_generator_settings":{"template":"highway","default_image_id":0,"font":"","enabled":false},"version":2}},"categories":[5,1474,1473],"tags":[1657],"class_list":["post-23913","post","type-post","status-publish","format-standard","has-post-thumbnail","hentry","category-apple","category-macos-apple","category-revision","tag-personalizacionmac"],"jetpack_publicize_connections":[],"jetpack_featured_media_url":"https:\/\/www.macquero.com\/wp-content\/uploads\/2025\/09\/lienzo2.jpg","jetpack_sharing_enabled":true,"_links":{"self":[{"href":"https:\/\/www.macquero.com\/en\/wp-json\/wp\/v2\/posts\/23913","targetHints":{"allow":["GET"]}}],"collection":[{"href":"https:\/\/www.macquero.com\/en\/wp-json\/wp\/v2\/posts"}],"about":[{"href":"https:\/\/www.macquero.com\/en\/wp-json\/wp\/v2\/types\/post"}],"author":[{"embeddable":true,"href":"https:\/\/www.macquero.com\/en\/wp-json\/wp\/v2\/users\/2"}],"replies":[{"embeddable":true,"href":"https:\/\/www.macquero.com\/en\/wp-json\/wp\/v2\/comments?post=23913"}],"version-history":[{"count":7,"href":"https:\/\/www.macquero.com\/en\/wp-json\/wp\/v2\/posts\/23913\/revisions"}],"predecessor-version":[{"id":23928,"href":"https:\/\/www.macquero.com\/en\/wp-json\/wp\/v2\/posts\/23913\/revisions\/23928"}],"wp:featuredmedia":[{"embeddable":true,"href":"https:\/\/www.macquero.com\/en\/wp-json\/wp\/v2\/media\/23916"}],"wp:attachment":[{"href":"https:\/\/www.macquero.com\/en\/wp-json\/wp\/v2\/media?parent=23913"}],"wp:term":[{"taxonomy":"category","embeddable":true,"href":"https:\/\/www.macquero.com\/en\/wp-json\/wp\/v2\/categories?post=23913"},{"taxonomy":"post_tag","embeddable":true,"href":"https:\/\/www.macquero.com\/en\/wp-json\/wp\/v2\/tags?post=23913"}],"curies":[{"name":"wp","href":"https:\/\/api.w.org\/{rel}","templated":true}]}}