{"id":23909,"date":"2025-09-22T00:20:00","date_gmt":"2025-09-22T06:20:00","guid":{"rendered":"https:\/\/www.macquero.com\/?p=23909"},"modified":"2025-09-21T06:17:33","modified_gmt":"2025-09-21T12:17:33","slug":"el-refugio-atomico-la-telenovela-nuclear-de-netflix","status":"publish","type":"post","link":"https:\/\/www.macquero.com\/en\/2025\/09\/el-refugio-atomico-la-telenovela-nuclear-de-netflix\/","title":{"rendered":"El refugio at\u00f3mico: la telenovela nuclear de Netflix"},"content":{"rendered":"<p><em>El refugio at\u00f3mico<\/em>&nbsp;es una serie de televisi\u00f3n espa\u00f1ola de ciencia ficci\u00f3n, thriller y drama, creada por \u00c1lex Pina y Esther Mart\u00ednez Lobato (los mismos guionistas detr\u00e1s de&nbsp;<em>La casa de papel<\/em>). Est\u00e1 producida por Vancouver Media y se estren\u00f3 el&nbsp;<strong>19 de septiembre de 2025<\/strong>&nbsp;en Netflix. La primera temporada tiene&nbsp;<strong>8 episodios<\/strong>.&nbsp;&nbsp;<\/p>\n\n\n\n<hr class=\"wp-block-separator has-alpha-channel-opacity\"\/>\n\n\n\n<h2 class=\"wp-block-heading\"><strong>Sinopsis general<\/strong><\/h2>\n\n\n\n<p>La historia arranca ante una amenaza global grav\u00edsima: se avecina un conflicto mundial \u2014e incluso nuclear\u2014 que podr\u00eda devastarlo todo. Para sobrevivir, un grupo de multimillonarios invierte para refugiarse en un b\u00fanker de lujo que promete protecci\u00f3n absoluta: el&nbsp;<em>Kimera Underground Park<\/em>.&nbsp;&nbsp;<\/p>\n\n\n\n<p>En ese refugio subterr\u00e1neo conviven personas de la m\u00e1s alta sociedad junto con sus familias y relaciones previas, muchas de ellas marcadas por secretos y heridas del pasado. Aislados del exterior \u2014 y en teor\u00eda protegidos del desastre \u2014 los personajes comienzan a enfrentarse no solo con la tensi\u00f3n de lo desconocido fuera, sino con los conflictos internos: traumas personales, alianzas inesperadas, infidelidades, rencores viejos, enga\u00f1os y mucha telenovela.\u00a0\u00a0<\/p>\n\n\n\n<hr class=\"wp-block-separator has-alpha-channel-opacity\"\/>\n\n\n\n<h2 class=\"wp-block-heading\"><strong>Giro clave y revelaciones<\/strong><\/h2>\n\n\n\n<p>Uno de los momentos determinantes ocurre al final del primer episodio: se revela que gran parte de lo que los personajes (y los espectadores) creen sobre el apocalipsis es falso. El fin del mundo no es real; es parte de una estafa mayor. Minerva (Miren Ibarguren), la directora de Kimera, con la complicidad de su hermano, ha orquestado todo: la amenaza global, el aislamiento del b\u00fanker, el derrumbe externo, etc., todo para enga\u00f1ar a los millonarios, hacerles creer que necesitan refugiarse bajo tierra, y as\u00ed poder apropiarse de sus fortunas. Rox\u00e1n, una inteligencia artificial creada por su hermano, ayuda a mantener la mentira: monitorea comunicaciones, suplantaciones de mensajes, controla lo que los habitantes ven y creen.&nbsp;&nbsp;<\/p>\n\n\n\n<hr class=\"wp-block-separator has-alpha-channel-opacity\"\/>\n\n\n\n<h2 class=\"wp-block-heading\"><strong>Lo <\/strong>qu\u00e9 ves<\/h2>\n\n\n\n<ol class=\"wp-block-list\" start=\"1\">\n<li><strong>Producci\u00f3n ambiciosa.<\/strong>\u00a0<em>El refugio at\u00f3mico<\/em>\u00a0es una de las apuestas m\u00e1s grandes de Netflix Espa\u00f1a. El decorado del b\u00fanker, el\u00a0<strong>Kimera Underground Park<\/strong>, destaca por su nivel de detalle y la fuerte inversi\u00f3n en arte, ambientaci\u00f3n y recursos visuales. Los propios creadores lo han descrito como un espacio cerrado pero a la vez lujoso, con una est\u00e9tica cuidada y elementos que lo alejan de la t\u00edpica visi\u00f3n sombr\u00eda de lo apocal\u00edptico. La premisa inicial promet\u00eda mucho, pero al desarrollarla termin\u00f3 derivando en giros forzados y una narrativa que roza lo absurdo.<\/li>\n\n\n\n<li><strong>Variedad de g\u00e9neros y tonos.<\/strong>\u00a0La serie no se limita al tema de la supervivencia tras un desastre. Integra drama familiar, romance (incluido LGBT), traiciones, tensi\u00f3n psicol\u00f3gica e incluso toques de humor involuntario. El resultado, sin embargo, se siente como una mezcla ca\u00f3tica, un aut\u00e9ntico \u201carroz con mango\u201d donde a veces cuesta distinguir si se trata de un thriller apocal\u00edptico o de un culebr\u00f3n de lujo.<\/li>\n<\/ol>\n\n\n\n<hr class=\"wp-block-separator has-alpha-channel-opacity\"\/>\n\n\n\n<h2 class=\"wp-block-heading\"><strong>Lo que podr\u00eda no ser tan bueno<\/strong><\/h2>\n\n\n\n<ol class=\"wp-block-list\" start=\"1\">\n<li><strong>Exceso de melodrama y clich\u00e9s.<\/strong>\u00a0Varios cr\u00edticos coinciden en que, tras revelarse el gran giro argumental, la serie se recuesta demasiado en conflictos sentimentales, traiciones, mon\u00f3logos intensos y un salseo digno de \u201cculebr\u00f3n de alta sociedad\u201d. \u00a1Y no en el buen sentido! En ocasiones, las escenas resultan forzadas o directamente artificiales. Si ya llegaste al segundo episodio, lo siento: el gancho ya funcion\u00f3 y probablemente te tenga atrapado.<\/li>\n\n\n\n<li><strong>Fallas de guion.<\/strong>\u00a0Muchos se\u00f1alan que la trama pierde credibilidad al depender m\u00e1s del \u201cque ocurra algo impactante\u201d que de un desarrollo narrativo s\u00f3lido. Los cambios bruscos de tono irritan a quienes buscan una historia m\u00e1s equilibrada. <\/li>\n<\/ol>\n\n\n\n<h2 class=\"wp-block-heading\">Si la serie tiene continuidad, lo cu\u00e1l es bastante probable que suceda. Espa\u00f1oles locos. &#x1f602;  <\/h2>\n\n\n\n<blockquote class=\"wp-block-quote is-layout-flow wp-block-quote-is-layout-flow\">\n<p>En resumen,\u00a0<em>El refugio at\u00f3mico<\/em>\u00a0se acerca m\u00e1s a una\u00a0<strong>telenovela mala con presupuesto alto<\/strong>\u00a0que a una serie realmente entretenida. <\/p>\n<\/blockquote>\n\n\n\n<p>S\u00ed, tiene momentos intensos y un desenlace pasable. Es perfecta sino hay nada que ver, pero hay que ir con las expectativas ajustadas: aqu\u00ed abundan los excesos, los giros inveros\u00edmiles y los conflictos sacados de un manual de clich\u00e9s. No esperes realismo ni coherencia; engancha, s\u00ed, pero a base de puro espect\u00e1culo vac\u00edo. <\/p>\n\n\n\n<p>Calificaci\u00f3n: &#x2b50;<\/p>","protected":false},"excerpt":{"rendered":"<p>El refugio at\u00f3mico&nbsp;es una serie de televisi\u00f3n espa\u00f1ola de ciencia ficci\u00f3n, thriller y drama, creada por \u00c1lex Pina y Esther Mart\u00ednez Lobato (los mismos guionistas detr\u00e1s de&nbsp;La casa de papel). Est\u00e1 producida por Vancouver Media y se estren\u00f3 el&nbsp;19 de septiembre de 2025&nbsp;en Netflix. La primera temporada tiene&nbsp;8 episodios.&nbsp;&nbsp; Sinopsis general La historia arranca ante &hellip;<\/p>","protected":false},"author":2,"featured_media":23911,"comment_status":"closed","ping_status":"open","sticky":false,"template":"","format":"standard","meta":{"jetpack_post_was_ever_published":false,"_jetpack_newsletter_access":"","_jetpack_dont_email_post_to_subs":false,"_jetpack_newsletter_tier_id":0,"_jetpack_memberships_contains_paywalled_content":false,"_jetpack_memberships_contains_paid_content":false,"footnotes":"","jetpack_publicize_message":"","jetpack_publicize_feature_enabled":true,"jetpack_social_post_already_shared":true,"jetpack_social_options":{"image_generator_settings":{"template":"highway","default_image_id":0,"font":"","enabled":false},"version":2}},"categories":[733,974],"tags":[1655,1656],"class_list":["post-23909","post","type-post","status-publish","format-standard","has-post-thumbnail","hentry","category-originales-de-netflix","category-telenovela","tag-culebronnuclear","tag-netflixespana"],"jetpack_publicize_connections":[],"jetpack_featured_media_url":"https:\/\/www.macquero.com\/wp-content\/uploads\/2025\/09\/12.jpg","jetpack_sharing_enabled":true,"_links":{"self":[{"href":"https:\/\/www.macquero.com\/en\/wp-json\/wp\/v2\/posts\/23909","targetHints":{"allow":["GET"]}}],"collection":[{"href":"https:\/\/www.macquero.com\/en\/wp-json\/wp\/v2\/posts"}],"about":[{"href":"https:\/\/www.macquero.com\/en\/wp-json\/wp\/v2\/types\/post"}],"author":[{"embeddable":true,"href":"https:\/\/www.macquero.com\/en\/wp-json\/wp\/v2\/users\/2"}],"replies":[{"embeddable":true,"href":"https:\/\/www.macquero.com\/en\/wp-json\/wp\/v2\/comments?post=23909"}],"version-history":[{"count":2,"href":"https:\/\/www.macquero.com\/en\/wp-json\/wp\/v2\/posts\/23909\/revisions"}],"predecessor-version":[{"id":23912,"href":"https:\/\/www.macquero.com\/en\/wp-json\/wp\/v2\/posts\/23909\/revisions\/23912"}],"wp:featuredmedia":[{"embeddable":true,"href":"https:\/\/www.macquero.com\/en\/wp-json\/wp\/v2\/media\/23911"}],"wp:attachment":[{"href":"https:\/\/www.macquero.com\/en\/wp-json\/wp\/v2\/media?parent=23909"}],"wp:term":[{"taxonomy":"category","embeddable":true,"href":"https:\/\/www.macquero.com\/en\/wp-json\/wp\/v2\/categories?post=23909"},{"taxonomy":"post_tag","embeddable":true,"href":"https:\/\/www.macquero.com\/en\/wp-json\/wp\/v2\/tags?post=23909"}],"curies":[{"name":"wp","href":"https:\/\/api.w.org\/{rel}","templated":true}]}}