{"id":23862,"date":"2025-09-17T00:20:00","date_gmt":"2025-09-17T06:20:00","guid":{"rendered":"https:\/\/www.macquero.com\/?p=23862"},"modified":"2025-09-16T17:56:44","modified_gmt":"2025-09-16T23:56:44","slug":"los-siete-magnificos-2016-un-western-renovado-para-nuevas-generaciones-disponible-en-apple-tv","status":"publish","type":"post","link":"https:\/\/www.macquero.com\/en\/2025\/09\/los-siete-magnificos-2016-un-western-renovado-para-nuevas-generaciones-disponible-en-apple-tv\/","title":{"rendered":"Los Siete Magn\u00edficos (2016): Un western renovado para nuevas generaciones. &#8211; Disponible en Apple TV"},"content":{"rendered":"<p><em>Los Siete Magn\u00edficos<\/em>\u00a0(2016) ofrece al espectador un western moderno cargado de acci\u00f3n, tensi\u00f3n y espectacularidad visual. Desde los primeros minutos se respira la atm\u00f3sfera del Viejo Oeste, con paisajes amplios, pueblos polvorientos y personajes que parecen salidos de las leyendas del g\u00e9nero. Sin embargo, la pel\u00edcula no se queda en la nostalgia: actualiza el cl\u00e1sico con un ritmo m\u00e1s acelerado, escenas de combate intensas y una mayor diversidad en sus protagonistas.<\/p>\n\n\n\n<h2 class=\"wp-block-heading\">Lo qu\u00e9 puedes esperar de ella<\/h2>\n\n\n\n<p>El espectador encontrar\u00e1 un reparto s\u00f3lido encabezado por Denzel Washington, Chris Pratt y Ethan Hawke, cada uno aportando carisma y matices distintos a un grupo de personajes que, aunque distintos entre s\u00ed, comparten un objetivo com\u00fan. La din\u00e1mica entre ellos combina humor, tensi\u00f3n y momentos de aut\u00e9ntica camarader\u00eda, lo que genera empat\u00eda y hace que sus acciones resulten m\u00e1s impactantes.<\/p>\n\n\n\n<p>A nivel visual, la direcci\u00f3n de Antoine Fuqua apuesta por la espectacularidad: tiroteos coreografiados, explosiones y un despliegue de armas y estrategias que mantienen la atenci\u00f3n hasta el final. La acci\u00f3n no es gratuita; est\u00e1 construida para transmitir emoci\u00f3n, peligro y sacrificio, elevando la experiencia a un nivel \u00e9pico.<\/p>\n\n\n\n<figure class=\"wp-block-image size-large\"><img loading=\"lazy\" decoding=\"async\" width=\"940\" height=\"597\" src=\"https:\/\/www.macquero.com\/wp-content\/uploads\/2025\/09\/site1-940x597.jpg\" alt=\"\" class=\"wp-image-23867\" srcset=\"https:\/\/www.macquero.com\/wp-content\/uploads\/2025\/09\/site1-940x597.jpg 940w, https:\/\/www.macquero.com\/wp-content\/uploads\/2025\/09\/site1-620x394.jpg 620w, https:\/\/www.macquero.com\/wp-content\/uploads\/2025\/09\/site1-300x190.jpg 300w, https:\/\/www.macquero.com\/wp-content\/uploads\/2025\/09\/site1-768x488.jpg 768w, https:\/\/www.macquero.com\/wp-content\/uploads\/2025\/09\/site1-1536x975.jpg 1536w, https:\/\/www.macquero.com\/wp-content\/uploads\/2025\/09\/site1-2048x1300.jpg 2048w\" sizes=\"auto, (max-width: 940px) 100vw, 940px\" \/><\/figure>\n\n\n\n<p>El espectador tambi\u00e9n puede esperar un trasfondo de justicia y resistencia frente a la opresi\u00f3n. Aunque es una historia de pistoleros, en el fondo plantea preguntas universales sobre el honor, el coraje y el precio del sacrificio. Esto convierte la pel\u00edcula en algo m\u00e1s que un simple western: es un relato sobre la dignidad humana y la lucha colectiva.<\/p>\n\n\n\n<p>Calificaci\u00f3n: &#x2b50;&#x2b50;&#x2b50;&#x2b50;&#x2b50;<\/p>\n\n\n\n<p><strong>Encu\u00e9ntrala en <a href=\"https:\/\/tv.apple.com\/mx\/movie\/los-siete-magnificos\/umc.cmc.5cbsh0cfchelhxmzf1qrv67y1\" data-type=\"link\" data-id=\"https:\/\/tv.apple.com\/mx\/movie\/los-siete-magnificos\/umc.cmc.5cbsh0cfchelhxmzf1qrv67y1\" target=\"_blank\" rel=\"noreferrer noopener\">Apple TV<\/a><\/strong>.<\/p>\n\n\n\n<blockquote class=\"wp-block-quote is-layout-flow wp-block-quote-is-layout-flow\">\n<p><strong>Estoy desempolvando mi librer\u00eda en Plex y, con cada visionado, te recomiendo t\u00edtulos que puedes disfrutar si lo deseas<\/strong>.<\/p>\n<\/blockquote>","protected":false},"excerpt":{"rendered":"<p>Los Siete Magn\u00edficos\u00a0(2016) ofrece al espectador un western moderno cargado de acci\u00f3n, tensi\u00f3n y espectacularidad visual. Desde los primeros minutos se respira la atm\u00f3sfera del Viejo Oeste, con paisajes amplios, pueblos polvorientos y personajes que parecen salidos de las leyendas del g\u00e9nero. Sin embargo, la pel\u00edcula no se queda en la nostalgia: actualiza el cl\u00e1sico &hellip;<\/p>","protected":false},"author":2,"featured_media":23864,"comment_status":"closed","ping_status":"open","sticky":false,"template":"","format":"standard","meta":{"jetpack_post_was_ever_published":false,"_jetpack_newsletter_access":"","_jetpack_dont_email_post_to_subs":false,"_jetpack_newsletter_tier_id":0,"_jetpack_memberships_contains_paywalled_content":false,"_jetpack_memberships_contains_paid_content":false,"footnotes":"","jetpack_publicize_message":"","jetpack_publicize_feature_enabled":true,"jetpack_social_post_already_shared":true,"jetpack_social_options":{"image_generator_settings":{"template":"highway","default_image_id":0,"font":"","enabled":false},"version":2}},"categories":[687,5,596,1244,1023],"tags":[1591,1385],"class_list":["post-23862","post","type-post","status-publish","format-standard","has-post-thumbnail","hentry","category-accion-y-aventura","category-apple","category-apple-tv","category-recomendada","category-tv","tag-plex-server","tag-western-2"],"jetpack_publicize_connections":[],"jetpack_featured_media_url":"https:\/\/www.macquero.com\/wp-content\/uploads\/2025\/09\/siete-scaled.jpg","jetpack_sharing_enabled":true,"_links":{"self":[{"href":"https:\/\/www.macquero.com\/en\/wp-json\/wp\/v2\/posts\/23862","targetHints":{"allow":["GET"]}}],"collection":[{"href":"https:\/\/www.macquero.com\/en\/wp-json\/wp\/v2\/posts"}],"about":[{"href":"https:\/\/www.macquero.com\/en\/wp-json\/wp\/v2\/types\/post"}],"author":[{"embeddable":true,"href":"https:\/\/www.macquero.com\/en\/wp-json\/wp\/v2\/users\/2"}],"replies":[{"embeddable":true,"href":"https:\/\/www.macquero.com\/en\/wp-json\/wp\/v2\/comments?post=23862"}],"version-history":[{"count":3,"href":"https:\/\/www.macquero.com\/en\/wp-json\/wp\/v2\/posts\/23862\/revisions"}],"predecessor-version":[{"id":23868,"href":"https:\/\/www.macquero.com\/en\/wp-json\/wp\/v2\/posts\/23862\/revisions\/23868"}],"wp:featuredmedia":[{"embeddable":true,"href":"https:\/\/www.macquero.com\/en\/wp-json\/wp\/v2\/media\/23864"}],"wp:attachment":[{"href":"https:\/\/www.macquero.com\/en\/wp-json\/wp\/v2\/media?parent=23862"}],"wp:term":[{"taxonomy":"category","embeddable":true,"href":"https:\/\/www.macquero.com\/en\/wp-json\/wp\/v2\/categories?post=23862"},{"taxonomy":"post_tag","embeddable":true,"href":"https:\/\/www.macquero.com\/en\/wp-json\/wp\/v2\/tags?post=23862"}],"curies":[{"name":"wp","href":"https:\/\/api.w.org\/{rel}","templated":true}]}}