{"id":23847,"date":"2025-09-13T02:03:01","date_gmt":"2025-09-13T08:03:01","guid":{"rendered":"https:\/\/www.macquero.com\/?p=23847"},"modified":"2025-09-13T02:05:17","modified_gmt":"2025-09-13T08:05:17","slug":"el-conde-de-montecristo-2002-venganza-traicion-y-redencion-en-la-gran-pantalla-disponible-en-apple-tv","status":"publish","type":"post","link":"https:\/\/www.macquero.com\/en\/2025\/09\/el-conde-de-montecristo-2002-venganza-traicion-y-redencion-en-la-gran-pantalla-disponible-en-apple-tv\/","title":{"rendered":"El Conde de Montecristo (2002): Venganza, traici\u00f3n y redenci\u00f3n en la gran pantalla. &#8211; Disponible en Apple TV"},"content":{"rendered":"<blockquote class=\"wp-block-quote is-layout-flow wp-block-quote-is-layout-flow\">\n<p>El fin de semana sent\u00ed ganas de volver a ver esta pel\u00edcula, una obra grandiosa no solo por sus interpretaciones, sino tambi\u00e9n por su banda sonora y el conjunto de elementos que la convierten en algo especial.<\/p>\n<\/blockquote>\n\n\n\n<p>La pel\u00edcula\u00a0<em>El Conde de Montecristo<\/em>\u00a0(2002), dirigida por Kevin Reynolds y basada en la novela cl\u00e1sica de Alexandre Dumas, narra la historia de Edmond Dant\u00e8s, un joven marinero cuya vida cambia radicalmente debido a la traici\u00f3n de quienes consideraba sus amigos.<\/p>\n\n\n\n<h2 class=\"wp-block-heading\">Trama<\/h2>\n\n\n\n<p>La trama inicia en 1815, cuando Edmond Dant\u00e8s, un hombre humilde pero leal, es promovido a capit\u00e1n de un barco de la compa\u00f1\u00eda naviera Morrell. Su ascenso despierta los celos de Fernand Mondego, su supuesto mejor amigo, quien adem\u00e1s desea a Mercedes, la prometida de Edmond. Mondego, junto con Danglars, conspirar\u00e1 para arruinar a Dant\u00e8s. Aprovechando que Edmond transportaba una carta secreta de Napole\u00f3n Bonaparte a sus seguidores, lo acusan falsamente de traici\u00f3n.<\/p>\n\n\n\n<p>Edmond es arrestado durante su fiesta de compromiso con Mercedes y llevado ante Villefort, un ambicioso fiscal real que, para proteger su propio futuro pol\u00edtico, decide encarcelarlo sin juicio en el temido castillo de If. All\u00ed pasa a\u00f1os en condiciones infrahumanas, sufriendo desesperaci\u00f3n y soledad. La traici\u00f3n de Fernand, quien termina cas\u00e1ndose con Mercedes tras la desaparici\u00f3n de Edmond, se convierte en una herida imborrable que alimenta su deseo de venganza.<\/p>\n\n\n\n<p>En prisi\u00f3n, Edmond conoce al abate Faria, un anciano sacerdote encarcelado por motivos pol\u00edticos. Faria se convierte en su mentor, ense\u00f1\u00e1ndole idiomas, filosof\u00eda, estrategia y esgrima, adem\u00e1s de revelar la existencia de un tesoro oculto en la isla de Montecristo. Juntos intentan escapar, pero el sacerdote muere en el proceso, no sin antes confiarle a Edmond los secretos del tesoro. Fingiendo ser el cuerpo de Faria, Dant\u00e8s logra escapar del castillo tras 13 a\u00f1os de cautiverio.<\/p>\n\n\n\n<p>Libre al fin, Edmond recupera el tesoro y se transforma en el misterioso y poderoso Conde de Montecristo. Con su nueva identidad, regresa a Francia decidido a ejecutar un plan calculado de venganza contra quienes lo traicionaron. Fernand, convertido en conde y esposo de Mercedes; Danglars, ahora banquero rico; y Villefort, fiscal influyente, ser\u00e1n el blanco de su ira.<\/p>\n\n\n\n<p>El Conde manipula la ambici\u00f3n y corrupci\u00f3n de cada uno para provocar su ca\u00edda. A Danglars lo arruina econ\u00f3micamente, a Villefort lo desenmascara frente a la sociedad, y a Fernand lo enfrenta directamente, revelando su traici\u00f3n del pasado. El cl\u00edmax llega cuando Edmond y Fernand luchan en un duelo final. Edmond lo derrota, no solo vengando su encarcelamiento, sino tambi\u00e9n recuperando la verdad ante Mercedes y su hijo Albert, quien descubre que en realidad es el hijo biol\u00f3gico de Edmond.<\/p>\n\n\n\n<p>Al final, Mercedes reconoce que siempre lo am\u00f3 y Edmond, liberado de su odio, decide perdonar y rehacer su vida. Su viaje no es solo de venganza, sino tambi\u00e9n de redenci\u00f3n, mostrando c\u00f3mo la esperanza y la justicia pueden prevalecer incluso despu\u00e9s de la traici\u00f3n m\u00e1s amarga.<\/p>\n\n\n\n<p>La pel\u00edcula combina acci\u00f3n, drama y romance, ofreciendo una versi\u00f3n m\u00e1s \u00e1gil y rom\u00e1ntica de la obra literaria, con un cierre esperanzador que refuerza la transformaci\u00f3n de Edmond de v\u00edctima a h\u00e9roe.<\/p>\n\n\n\n<p><strong>Disponible para <a href=\"https:\/\/tv.apple.com\/es\/movie\/el-conde-de-montecristo\/umc.cmc.3hvmmohg7yq69bumogo0b0em8\" data-type=\"link\" data-id=\"https:\/\/tv.apple.com\/es\/movie\/el-conde-de-montecristo\/umc.cmc.3hvmmohg7yq69bumogo0b0em8\" target=\"_blank\" rel=\"noreferrer noopener\">compra o renta.<\/a><\/strong> Yo la adquir\u00ed en 2010 y desde entonces forma parte de esas pel\u00edculas que considero dignas de mi colecci\u00f3n personal.<\/p>\n\n\n\n<p>Calificaci\u00f3n: &#x2b50;&#x2b50;&#x2b50;&#x2b50;&#x2b50;<\/p>","protected":false},"excerpt":{"rendered":"<p>El fin de semana sent\u00ed ganas de volver a ver esta pel\u00edcula, una obra grandiosa no solo por sus interpretaciones, sino tambi\u00e9n por su banda sonora y el conjunto de elementos que la convierten en algo especial. La pel\u00edcula\u00a0El Conde de Montecristo\u00a0(2002), dirigida por Kevin Reynolds y basada en la novela cl\u00e1sica de Alexandre Dumas, &hellip;<\/p>","protected":false},"author":2,"featured_media":23848,"comment_status":"closed","ping_status":"open","sticky":false,"template":"","format":"standard","meta":{"jetpack_post_was_ever_published":false,"_jetpack_newsletter_access":"","_jetpack_dont_email_post_to_subs":false,"_jetpack_newsletter_tier_id":0,"_jetpack_memberships_contains_paywalled_content":false,"_jetpack_memberships_contains_paid_content":false,"footnotes":"","jetpack_publicize_message":"","jetpack_publicize_feature_enabled":true,"jetpack_social_post_already_shared":true,"jetpack_social_options":{"image_generator_settings":{"template":"highway","default_image_id":0,"font":"","enabled":false},"version":2}},"categories":[5,596,689,1244,1023],"tags":[1637,1638,1635,1636],"class_list":["post-23847","post","type-post","status-publish","format-standard","has-post-thumbnail","hentry","category-apple","category-apple-tv","category-drama","category-recomendada","category-tv","tag-adaptacionesliterarias","tag-alexandredumas","tag-cinedeepoca","tag-peliculashistoricas"],"jetpack_publicize_connections":[],"jetpack_featured_media_url":"https:\/\/www.macquero.com\/wp-content\/uploads\/2025\/09\/con-scaled.jpg","jetpack_sharing_enabled":true,"_links":{"self":[{"href":"https:\/\/www.macquero.com\/en\/wp-json\/wp\/v2\/posts\/23847","targetHints":{"allow":["GET"]}}],"collection":[{"href":"https:\/\/www.macquero.com\/en\/wp-json\/wp\/v2\/posts"}],"about":[{"href":"https:\/\/www.macquero.com\/en\/wp-json\/wp\/v2\/types\/post"}],"author":[{"embeddable":true,"href":"https:\/\/www.macquero.com\/en\/wp-json\/wp\/v2\/users\/2"}],"replies":[{"embeddable":true,"href":"https:\/\/www.macquero.com\/en\/wp-json\/wp\/v2\/comments?post=23847"}],"version-history":[{"count":1,"href":"https:\/\/www.macquero.com\/en\/wp-json\/wp\/v2\/posts\/23847\/revisions"}],"predecessor-version":[{"id":23849,"href":"https:\/\/www.macquero.com\/en\/wp-json\/wp\/v2\/posts\/23847\/revisions\/23849"}],"wp:featuredmedia":[{"embeddable":true,"href":"https:\/\/www.macquero.com\/en\/wp-json\/wp\/v2\/media\/23848"}],"wp:attachment":[{"href":"https:\/\/www.macquero.com\/en\/wp-json\/wp\/v2\/media?parent=23847"}],"wp:term":[{"taxonomy":"category","embeddable":true,"href":"https:\/\/www.macquero.com\/en\/wp-json\/wp\/v2\/categories?post=23847"},{"taxonomy":"post_tag","embeddable":true,"href":"https:\/\/www.macquero.com\/en\/wp-json\/wp\/v2\/tags?post=23847"}],"curies":[{"name":"wp","href":"https:\/\/api.w.org\/{rel}","templated":true}]}}