{"id":23820,"date":"2025-09-09T14:18:46","date_gmt":"2025-09-09T20:18:46","guid":{"rendered":"https:\/\/www.macquero.com\/?p=23820"},"modified":"2025-09-09T14:35:44","modified_gmt":"2025-09-09T20:35:44","slug":"apple-event-2025-iphone-17-iphone-air-airpods-pro-3-apple-watch-y-macos-tahoe","status":"publish","type":"post","link":"https:\/\/www.macquero.com\/en\/2025\/09\/apple-event-2025-iphone-17-iphone-air-airpods-pro-3-apple-watch-y-macos-tahoe\/","title":{"rendered":"Apple Event 2025: iPhone 17, iPhone Air, AirPods Pro 3, Apple Watch y macOS Tahoe"},"content":{"rendered":"<p><strong>Apple Event 2025: \u201cAwe-Dropping\u201d \u2014 Lo m\u00e1s destacado<\/strong><\/p>\n\n\n\n<h3 class=\"wp-block-heading\"><strong>iPhone 17 y el nuevo iPhone Air<\/strong><\/h3>\n\n\n\n<ul class=\"wp-block-list\">\n<li>Apple present\u00f3 la l\u00ednea <strong>iPhone 17<\/strong>, con cuatro modelos: el est\u00e1ndar, Pro, Pro Max y el nuevo y ultradelgado <strong>iPhone Air<\/strong>, de solo 5.6 mm de grosor, con chasis de titanio espacial y pantalla de 6.3\u201d, a un precio de <strong>US$999<\/strong>.<\/li>\n\n\n\n<li>El iPhone Air busca reemplazar los modelos \u201cPlus\u201d y allana el camino hacia un futuro iPhone plegable.<\/li>\n\n\n\n<li>Entre sus mejoras se incluyen una bater\u00eda de larga duraci\u00f3n y c\u00e1maras avanzadas (especialmente el sistema \u201cCenter Stage\u201d en la frontal).<\/li>\n\n\n\n<li>La gama de precios parte de <strong>US$799<\/strong> para el iPhone 17 base, y el Pro Max llega hasta <strong>US$1,199<\/strong>; reservas anticipadas desde el viernes, lanzamiento general el <strong>19 de septiembre<\/strong>.<\/li>\n<\/ul>\n\n\n\n<h3 class=\"wp-block-heading\"><strong>AirPods Pro 3 y Apple Watch<\/strong><\/h3>\n\n\n\n<ul class=\"wp-block-list\">\n<li>Se lanzaron los <strong>AirPods Pro 3<\/strong> con mejor cancelaci\u00f3n de ruido, traducci\u00f3n en tiempo real e inserciones ajustables, disponibles el <strong>19 de septiembre<\/strong> por <strong>US$249<\/strong>.<\/li>\n\n\n\n<li>La nueva <strong>Apple Watch Series 11<\/strong> a\u00f1ade funciones de salud: detecci\u00f3n de hipertensi\u00f3n, puntuaci\u00f3n de sue\u00f1o, y hasta 24 horas de bater\u00eda con pantalla m\u00e1s resistente.<\/li>\n\n\n\n<li>Tambi\u00e9n se present\u00f3 el <strong>Apple Watch Ultra 3<\/strong>, con mejoras espec\u00edficas pero se mencion\u00f3 brevemente.<\/li>\n<\/ul>\n\n\n\n<h3 class=\"wp-block-heading\"><strong>Apple Intelligence: un enfoque m\u00e1s comedido en AI<\/strong><\/h3>\n\n\n\n<ul class=\"wp-block-list\">\n<li>A diferencia de eventos anteriores, Apple mantuvo un perfil bajo respecto a sus avances en <strong>IA generativa<\/strong> y <strong>Apple Intelligence<\/strong>. No hubo anuncios llamativos como nuevas funciones de Siri o grandes herramientas de IA al frente.<\/li>\n\n\n\n<li>Sin embargo, se mencionaron mejoras en el procesador neural y en IA en segundo plano, potenciando rendimiento en juegos, bater\u00eda e integraci\u00f3n en dispositivos como AirPods y Watch.<\/li>\n\n\n\n<li>El enfoque sugiere una estrategia cautelosa, quiz\u00e1s para evitar expectativas incumplibles, contrastando con la agresividad en IA de competidores como Google o Samsung.<\/li>\n<\/ul>\n\n\n\n<h3 class=\"wp-block-heading\"><strong>Software: iOS 26, iPadOS 26 y macOS Tahoe<\/strong><\/h3>\n\n\n\n<ul class=\"wp-block-list\">\n<li>Se lanz\u00f3 la <strong>Release Candidate (RC)<\/strong> de <strong>iOS 26<\/strong>, <strong>iPadOS 26<\/strong>, <strong>macOS Tahoe<\/strong>, entre otros, con disponibilidad general para la pr\u00f3xima semana.<\/li>\n<\/ul>\n\n\n\n<h4 class=\"wp-block-heading\"><strong>macOS Tahoe (versi\u00f3n 26)<\/strong><\/h4>\n\n\n\n<ul class=\"wp-block-list\">\n<li>Apple anunci\u00f3 que <strong>macOS Tahoe<\/strong> se lanzar\u00e1 oficialmente el <strong>15 de septiembre de 2025<\/strong>, disponible para Macs compatibles (Intel y Apple Silicon).<\/li>\n\n\n\n<li>Ser\u00e1 la <strong>\u00faltima actualizaci\u00f3n importante compatible con Macs Intel<\/strong>, ya que Apple migrar\u00e1 completamente a Apple Silicon a partir de futuras versiones.<\/li>\n\n\n\n<li>Su dise\u00f1o presenta el nuevo estilo visual <strong>Liquid Glass<\/strong>, con transparencia, personalizaci\u00f3n de temas, y cambios est\u00e9ticos modernos.<\/li>\n\n\n\n<li>Adem\u00e1s, incluye mejoras en <strong>Spotlight<\/strong>, historial del portapapeles, aplicaci\u00f3n de Tel\u00e9fono independiente, y una nueva app de Juegos.<\/li>\n<\/ul>\n\n\n\n<hr class=\"wp-block-separator has-alpha-channel-opacity\"\/>\n\n\n\n<h2 class=\"wp-block-heading\"><strong>Apple Intelligence (IA) \u2014 \u00bfQu\u00e9 se esperaba vs. qu\u00e9 se mostr\u00f3?<\/strong><\/h2>\n\n\n\n<p>La presentaci\u00f3n del evento fue baja en anuncios relacionados con IA. Mucho del enfoque estuvo en:<\/p>\n\n\n\n<ul class=\"wp-block-list\">\n<li>Mejoras internas y sobre el rendimiento.<\/li>\n\n\n\n<li>Integraci\u00f3n silenciosa en dispositivos Apple, sin destacar nuevas funciones de Siri o interfaces de IA.<\/li>\n\n\n\n<li>Esto contrasta con WWDC, donde s\u00ed se resaltaron ampliamente las nuevas capacidades de <strong>Apple Intelligence<\/strong>, como <strong>Liquid Glass<\/strong>, Live Translation, Image Playground, shortcuts inteligentes, etc.<\/li>\n<\/ul>\n\n\n\n<hr class=\"wp-block-separator has-alpha-channel-opacity\"\/>\n\n\n\n<h3 class=\"wp-block-heading\"><strong>Resumen en tabla r\u00e1pida<\/strong><\/h3>\n\n\n\n<figure class=\"wp-block-table\"><table><thead><tr><th><strong>Categor\u00eda<\/strong><\/th><th><strong>Qu\u00e9 se present\u00f3<\/strong><\/th><th><strong>Notas clave<\/strong><\/th><\/tr><\/thead><tbody><tr><td><strong>iPhone 17 + Air<\/strong><\/td><td>Nuevos modelos, especialmente el delgado iPhone Air<\/td><td>iPhone Air de 5.6 mm, titanio, US$999<\/td><\/tr><tr><td><strong>AirPods Pro 3<\/strong><\/td><td>Traducci\u00f3n en vivo, mejor ANC, US$249<\/td><td>Disponible el 19 de septiembre<\/td><\/tr><tr><td><strong>Apple Watch<\/strong><\/td><td>Series 11 (hipertensi\u00f3n, sue\u00f1o), Ultra 3<\/td><td>Series 11 con 24h bater\u00eda<\/td><\/tr><tr><td><strong>Apple Intelligence<\/strong><\/td><td>Menciones discretas, sin nuevas herramientas<\/td><td>IA m\u00e1s interna, menos marketing agresivo<\/td><\/tr><tr><td><strong>macOS Tahoe<\/strong><\/td><td>Liquid Glass, mejoras en Spotlight &amp; apps, despedida de Intel<\/td><td>Lanzamiento el 15 sep, \u00faltima versi\u00f3n con soporte Intel<\/td><\/tr><tr><td><strong>iOS\/iPadOS 26<\/strong><\/td><td>RC disponible, lanzamiento la pr\u00f3xima semana<\/td><td>Contin\u00faan cambios de dise\u00f1o y funciones interconectadas<\/td><\/tr><\/tbody><\/table><\/figure>","protected":false},"excerpt":{"rendered":"<p>Apple Event 2025: \u201cAwe-Dropping\u201d \u2014 Lo m\u00e1s destacado iPhone 17 y el nuevo iPhone Air Apple present\u00f3 la l\u00ednea iPhone 17, con cuatro modelos: el est\u00e1ndar, Pro, Pro Max y el nuevo y ultradelgado iPhone Air, de solo 5.6 mm de grosor, con chasis de titanio espacial y pantalla de 6.3\u201d, a un precio de &hellip;<\/p>","protected":false},"author":2,"featured_media":23825,"comment_status":"closed","ping_status":"open","sticky":false,"template":"","format":"standard","meta":{"jetpack_post_was_ever_published":false,"_jetpack_newsletter_access":"","_jetpack_dont_email_post_to_subs":false,"_jetpack_newsletter_tier_id":0,"_jetpack_memberships_contains_paywalled_content":false,"_jetpack_memberships_contains_paid_content":false,"footnotes":"","jetpack_publicize_message":"","jetpack_publicize_feature_enabled":true,"jetpack_social_post_already_shared":true,"jetpack_social_options":{"image_generator_settings":{"template":"highway","default_image_id":0,"font":"","enabled":false},"version":2}},"categories":[1612,5,1610,1456,1459,1458,1097,1474,1451,1462],"tags":[1615,1616,1120,1618,1613,1614,1619,1617,286],"class_list":["post-23820","post","type-post","status-publish","format-standard","has-post-thumbnail","hentry","category-airpods-pro-3","category-apple","category-apple-event","category-ios26","category-ipados-apple","category-iphone-apple","category-keynote","category-macos-apple","category-tahoe","category-watchos","tag-airpods-pro-3","tag-apple-watch-series-11","tag-evento","tag-ios-26","tag-iphone-17","tag-iphone-air","tag-keynote-apple","tag-macos-tahoe","tag-novedades"],"jetpack_publicize_connections":[],"jetpack_featured_media_url":"https:\/\/www.macquero.com\/wp-content\/uploads\/2025\/09\/ip2.jpg","jetpack_sharing_enabled":true,"_links":{"self":[{"href":"https:\/\/www.macquero.com\/en\/wp-json\/wp\/v2\/posts\/23820","targetHints":{"allow":["GET"]}}],"collection":[{"href":"https:\/\/www.macquero.com\/en\/wp-json\/wp\/v2\/posts"}],"about":[{"href":"https:\/\/www.macquero.com\/en\/wp-json\/wp\/v2\/types\/post"}],"author":[{"embeddable":true,"href":"https:\/\/www.macquero.com\/en\/wp-json\/wp\/v2\/users\/2"}],"replies":[{"embeddable":true,"href":"https:\/\/www.macquero.com\/en\/wp-json\/wp\/v2\/comments?post=23820"}],"version-history":[{"count":4,"href":"https:\/\/www.macquero.com\/en\/wp-json\/wp\/v2\/posts\/23820\/revisions"}],"predecessor-version":[{"id":23827,"href":"https:\/\/www.macquero.com\/en\/wp-json\/wp\/v2\/posts\/23820\/revisions\/23827"}],"wp:featuredmedia":[{"embeddable":true,"href":"https:\/\/www.macquero.com\/en\/wp-json\/wp\/v2\/media\/23825"}],"wp:attachment":[{"href":"https:\/\/www.macquero.com\/en\/wp-json\/wp\/v2\/media?parent=23820"}],"wp:term":[{"taxonomy":"category","embeddable":true,"href":"https:\/\/www.macquero.com\/en\/wp-json\/wp\/v2\/categories?post=23820"},{"taxonomy":"post_tag","embeddable":true,"href":"https:\/\/www.macquero.com\/en\/wp-json\/wp\/v2\/tags?post=23820"}],"curies":[{"name":"wp","href":"https:\/\/api.w.org\/{rel}","templated":true}]}}