{"id":23800,"date":"2025-09-07T00:20:00","date_gmt":"2025-09-07T06:20:00","guid":{"rendered":"https:\/\/www.macquero.com\/?p=23800"},"modified":"2025-09-05T06:44:15","modified_gmt":"2025-09-05T12:44:15","slug":"apple-awe-dropping-2025-innovacion-que-redefine-el-futuro","status":"publish","type":"post","link":"https:\/\/www.macquero.com\/en\/2025\/09\/apple-awe-dropping-2025-innovacion-que-redefine-el-futuro\/","title":{"rendered":"Apple Awe Dropping 2025: Innovaci\u00f3n que redefine el futuro"},"content":{"rendered":"<p>El pr\u00f3ximo evento de Apple, titulado \u201cAwe Dropping\u201d, se llevar\u00e1 a cabo el martes 9 de septiembre de 2025 a las 10:00 a.m. PT (12:00 p.m. en Ciudad de M\u00e9xico) en el Steve Jobs Theater de Cupertino. Este evento se anticipa como uno de los m\u00e1s significativos de la compa\u00f1\u00eda, con m\u00faltiples lanzamientos de productos y actualizaciones de software.<\/p>\n\n\n\n<hr class=\"wp-block-separator has-alpha-channel-opacity\"\/>\n\n\n\n<h3 class=\"wp-block-heading\"><strong>&#x1f4f1; iPhone 17: Cuatro modelos con innovaciones destacadas<\/strong><\/h3>\n\n\n\n<p>Apple presentar\u00e1 cuatro versiones del iPhone 17:<\/p>\n\n\n\n<ul class=\"wp-block-list\">\n<li><strong>iPhone 17<\/strong>: Incorpora una pantalla de 6.3 pulgadas con tasa de refresco de 120 Hz y una c\u00e1mara frontal de 24 MP.<\/li>\n\n\n\n<li><strong>iPhone 17 Air<\/strong>: El modelo m\u00e1s delgado hasta la fecha, con solo 5.5 mm de grosor y un peso aproximado de 145 g.<\/li>\n\n\n\n<li><strong>iPhone 17 Pro<\/strong>: Equipado con el chip A19 Pro, c\u00e1mara trasera triple de 48 MP y mejoras en la conectividad.<\/li>\n\n\n\n<li><strong>iPhone 17 Pro Max<\/strong>: Pantalla LTPO Super Retina XDR OLED de 6.9 pulgadas, hasta 12 GB de RAM y almacenamiento base de 256 GB. Se espera que sea el modelo m\u00e1s avanzado y costoso de la l\u00ednea.&nbsp;&nbsp;<\/li>\n<\/ul>\n\n\n\n<p>Todos los modelos estar\u00e1n impulsados por iOS 26, que introduce un redise\u00f1o visual denominado \u201cLiquid Glass\u201d, con una interfaz m\u00e1s fluida y elementos transl\u00facidos.&nbsp;&nbsp;<\/p>\n\n\n\n<hr class=\"wp-block-separator has-alpha-channel-opacity\"\/>\n\n\n\n<h3 class=\"wp-block-heading\"><strong>&#x231a; Apple Watch Series 11 y Ultra 3: Avances en salud y conectividad<\/strong><\/h3>\n\n\n\n<p>El Apple Watch Series 11 traer\u00e1 mejoras en el seguimiento de la salud, incluyendo la monitorizaci\u00f3n de la presi\u00f3n arterial y un sistema de puntuaci\u00f3n del sue\u00f1o. Adem\u00e1s, se especula sobre la inclusi\u00f3n de una c\u00e1mara oculta para inteligencia visual y una nueva aplicaci\u00f3n de Salud potenciada por inteligencia artificial. El modelo Ultra 3 podr\u00eda incorporar conectividad 5G y satelital, mientras que el SE 3 ofrecer\u00e1 una opci\u00f3n m\u00e1s asequible.&nbsp;&nbsp;<\/p>\n\n\n\n<hr class=\"wp-block-separator has-alpha-channel-opacity\"\/>\n\n\n\n<h3 class=\"wp-block-heading\"><strong>&#x1f3a7; AirPods Pro 3: Mejoras en audio y salud<\/strong><\/h3>\n\n\n\n<p>Los nuevos AirPods Pro 3 contar\u00e1n con el chip H3, sensores de salud, mejor cancelaci\u00f3n activa de ruido y un estuche redise\u00f1ado sin bot\u00f3n de emparejamiento. Aunque se rumorea sobre c\u00e1maras IR y traducci\u00f3n en vivo, estas funciones podr\u00edan no estar disponibles en el lanzamiento.&nbsp;&nbsp;<\/p>\n\n\n\n<hr class=\"wp-block-separator has-alpha-channel-opacity\"\/>\n\n\n\n<h3 class=\"wp-block-heading\"><strong>&#x1f4bb; Otros posibles anuncios<\/strong><\/h3>\n\n\n\n<p>Aunque no confirmados, se especula sobre el lanzamiento de una nueva MacBook Pro con chip M5, mejoras en el Apple TV y una versi\u00f3n actualizada del HomePod con pantalla.&nbsp;&nbsp;<\/p>\n\n\n\n<hr class=\"wp-block-separator has-alpha-channel-opacity\"\/>\n\n\n\n<h3 class=\"wp-block-heading\"><strong>&#x1f9e0; Apple Intelligence: IA en el centro de la experiencia<\/strong><\/h3>\n\n\n\n<p>Apple Intelligence ser\u00e1 una suite de funciones de inteligencia artificial centradas en la privacidad, integradas en todo el ecosistema de Apple. Se espera que estas herramientas mejoren la experiencia del usuario, desde la gesti\u00f3n de la bater\u00eda hasta la automatizaci\u00f3n de tareas.&nbsp;&nbsp;<\/p>\n\n\n\n<hr class=\"wp-block-separator has-alpha-channel-opacity\"\/>\n\n\n\n<h3 class=\"wp-block-heading\"><strong>&#x1f4c5; Fechas clave<\/strong><\/h3>\n\n\n\n<ul class=\"wp-block-list\">\n<li><strong>Evento en vivo<\/strong>: Martes 9 de septiembre de 2025 a las 12:00 p.m. (hora de Ciudad de M\u00e9xico).<\/li>\n\n\n\n<li><strong>Preventa del iPhone 17<\/strong>: Viernes 12 de septiembre.<\/li>\n\n\n\n<li><strong>Disponibilidad en tiendas<\/strong>: Viernes 19 de septiembre.&nbsp;&nbsp;<\/li>\n<\/ul>\n\n\n\n<blockquote class=\"wp-block-quote is-layout-flow wp-block-quote-is-layout-flow\">\n<p>Este evento promete ser un hito en la evoluci\u00f3n de los dispositivos de Apple, con avances significativos en dise\u00f1o, salud y conectividad.<\/p>\n<\/blockquote>\n\n\n\n<p><strong><a href=\"https:\/\/www.apple.com\/mx\/apple-events\/?&amp;cid=wwa-mx-kwgo-features-AppleLive-AppleLive--Brand-AppleLive-AppleLive-Event-apple%20evento%20septiembre&amp;aosid=p240&amp;ken_pid=go~cmp-21222227415~adg-162071496912~ad-771488763332_kwd-1417598115321~dev-c~ext-~prd-~mca-~nt-search&amp;token=f8ed3188-10e0-4de1-9527-7c1db3c81d53\" data-type=\"link\" data-id=\"https:\/\/www.apple.com\/mx\/apple-events\/?&amp;cid=wwa-mx-kwgo-features-AppleLive-AppleLive--Brand-AppleLive-AppleLive-Event-apple%20evento%20septiembre&amp;aosid=p240&amp;ken_pid=go~cmp-21222227415~adg-162071496912~ad-771488763332_kwd-1417598115321~dev-c~ext-~prd-~mca-~nt-search&amp;token=f8ed3188-10e0-4de1-9527-7c1db3c81d53\" target=\"_blank\" rel=\"noreferrer noopener\">Con\u00e9ctate <\/a>el 9 de septiembre en la p\u00e1gina oficial y s\u00e9 testigo de la innovaci\u00f3n de Apple en vivo.<\/strong><\/p>","protected":false},"excerpt":{"rendered":"<p>El pr\u00f3ximo evento de Apple, titulado \u201cAwe Dropping\u201d, se llevar\u00e1 a cabo el martes 9 de septiembre de 2025 a las 10:00 a.m. PT (12:00 p.m. en Ciudad de M\u00e9xico) en el Steve Jobs Theater de Cupertino. Este evento se anticipa como uno de los m\u00e1s significativos de la compa\u00f1\u00eda, con m\u00faltiples lanzamientos de productos &hellip;<\/p>","protected":false},"author":2,"featured_media":23805,"comment_status":"closed","ping_status":"open","sticky":false,"template":"","format":"standard","meta":{"jetpack_post_was_ever_published":false,"_jetpack_newsletter_access":"","_jetpack_dont_email_post_to_subs":false,"_jetpack_newsletter_tier_id":0,"_jetpack_memberships_contains_paywalled_content":false,"_jetpack_memberships_contains_paid_content":false,"footnotes":"","jetpack_publicize_message":"","jetpack_publicize_feature_enabled":true,"jetpack_social_post_already_shared":true,"jetpack_social_options":{"image_generator_settings":{"template":"highway","default_image_id":0,"font":"","enabled":false},"version":2}},"categories":[5,1610,1523],"tags":[1099,286],"class_list":["post-23800","post","type-post","status-publish","format-standard","has-post-thumbnail","hentry","category-apple","category-apple-event","category-innovacion","tag-keynote","tag-novedades"],"jetpack_publicize_connections":[],"jetpack_featured_media_url":"https:\/\/www.macquero.com\/wp-content\/uploads\/2025\/09\/even.jpg","jetpack_sharing_enabled":true,"_links":{"self":[{"href":"https:\/\/www.macquero.com\/en\/wp-json\/wp\/v2\/posts\/23800","targetHints":{"allow":["GET"]}}],"collection":[{"href":"https:\/\/www.macquero.com\/en\/wp-json\/wp\/v2\/posts"}],"about":[{"href":"https:\/\/www.macquero.com\/en\/wp-json\/wp\/v2\/types\/post"}],"author":[{"embeddable":true,"href":"https:\/\/www.macquero.com\/en\/wp-json\/wp\/v2\/users\/2"}],"replies":[{"embeddable":true,"href":"https:\/\/www.macquero.com\/en\/wp-json\/wp\/v2\/comments?post=23800"}],"version-history":[{"count":3,"href":"https:\/\/www.macquero.com\/en\/wp-json\/wp\/v2\/posts\/23800\/revisions"}],"predecessor-version":[{"id":23806,"href":"https:\/\/www.macquero.com\/en\/wp-json\/wp\/v2\/posts\/23800\/revisions\/23806"}],"wp:featuredmedia":[{"embeddable":true,"href":"https:\/\/www.macquero.com\/en\/wp-json\/wp\/v2\/media\/23805"}],"wp:attachment":[{"href":"https:\/\/www.macquero.com\/en\/wp-json\/wp\/v2\/media?parent=23800"}],"wp:term":[{"taxonomy":"category","embeddable":true,"href":"https:\/\/www.macquero.com\/en\/wp-json\/wp\/v2\/categories?post=23800"},{"taxonomy":"post_tag","embeddable":true,"href":"https:\/\/www.macquero.com\/en\/wp-json\/wp\/v2\/tags?post=23800"}],"curies":[{"name":"wp","href":"https:\/\/api.w.org\/{rel}","templated":true}]}}