{"id":23622,"date":"2025-08-07T05:39:05","date_gmt":"2025-08-07T11:39:05","guid":{"rendered":"https:\/\/www.macquero.com\/?p=23622"},"modified":"2025-08-11T01:13:48","modified_gmt":"2025-08-11T07:13:48","slug":"merlina-2-mas-siniestra-mas-poderosa-imposible-no-verla-serie-de-fantasia-disponible-en-netflix","status":"publish","type":"post","link":"https:\/\/www.macquero.com\/en\/2025\/08\/merlina-2-mas-siniestra-mas-poderosa-imposible-no-verla-serie-de-fantasia-disponible-en-netflix\/","title":{"rendered":"\u201cMerlina 2: M\u00e1s siniestra, m\u00e1s poderosa, imposible no verla\u201d serie de fantas\u00eda disponible en Netflix"},"content":{"rendered":"<p>La segunda temporada de <em>Merlina<\/em> retoma la historia justo despu\u00e9s de los eventos intensos del final de la primera entrega, en la que Merlina Addams logr\u00f3 frustrar los planes de resurrecci\u00f3n del malvado Joseph Crackstone y sobrevivi\u00f3 a su primer a\u00f1o en la Academia Nunca M\u00e1s. La temporada se adentra a\u00fan m\u00e1s en los misterios oscuros, los v\u00ednculos familiares, y el crecimiento emocional de su protagonista, todo con ese estilo g\u00f3tico y \u00e1cido que define a Merlina.<\/p>\n\n\n\n<p>La trama comienza con Merlina (<a href=\"https:\/\/www.instagram.com\/jennaortega\/\" data-type=\"link\" data-id=\"https:\/\/www.instagram.com\/jennaortega\/\" target=\"_blank\" rel=\"noreferrer noopener\">Jenna Ortega<\/a>) regresando a Nunca M\u00e1s despu\u00e9s de las vacaciones. Aunque sigue siendo la misma joven sarc\u00e1stica e imperturbable, ahora se muestra un poco m\u00e1s abierta emocionalmente, sobre todo con sus amigos Enid, Xavier y Bianca, quienes han cobrado mayor protagonismo. <\/p>\n\n\n\n<h2 class=\"wp-block-heading\"><strong>Qu\u00e9 esperar de la segunda parte de la temporada 2<\/strong><\/h2>\n\n\n\n<ul class=\"wp-block-list\">\n<li><strong>Una historia m\u00e1s oscura y retorcida<\/strong>: La trama profundiza en los misterios sobrenaturales en Nevermore Academy, con nuevos retos que empujan a Merlina a enfrentar secretos perturbadores y relaciones cada vez m\u00e1s complejas.<\/li>\n\n\n\n<li><strong>Regresos y rostros nuevos con impacto<\/strong>: Se mantienen personajes como Morticia (<a href=\"https:\/\/www.instagram.com\/catherinezetajones\/\" data-type=\"link\" data-id=\"https:\/\/www.instagram.com\/catherinezetajones\/\" target=\"_blank\" rel=\"noreferrer noopener\">Catherine Zeta\u2011Jones<\/a>), G\u00f3mez (<a href=\"https:\/\/www.instagram.com\/loueyfromthehood\/\" data-type=\"link\" data-id=\"https:\/\/www.instagram.com\/loueyfromthehood\/\" target=\"_blank\" rel=\"noreferrer noopener\">Luis Guzm\u00e1n<\/a>), Enid (<a href=\"https:\/\/www.instagram.com\/ememyers\/\" data-type=\"link\" data-id=\"https:\/\/www.instagram.com\/ememyers\/\" target=\"_blank\" rel=\"noreferrer noopener\">Emma Myers<\/a>) y T\u00edo Lucas (<a href=\"https:\/\/www.instagram.com\/sordociego\/\" data-type=\"link\" data-id=\"https:\/\/www.instagram.com\/sordociego\/\" target=\"_blank\" rel=\"noreferrer noopener\">Fred Armisen<\/a>). Pero se suman figuras como el director Barry Dort (<strong>Steve Buscemi<\/strong>), Grandmama (<strong>Joanna Lumley<\/strong>), nuevos antagonistas y la esperada llegada de <strong>Lady Gaga<\/strong> como profesora Rosaline Rotwood. Su entrada est\u00e1 programada para la <strong>Parte\u202f2<\/strong>, que se estrenar\u00e1 el <strong>3 de septiembre de 2025<\/strong>.<\/li>\n\n\n\n<li><strong>Sin culpa por el romance<\/strong>: La narrativa evita los v\u00ednculos amorosos cl\u00e1sicos con Merlina, enfoc\u00e1ndose en cambio en su familia, su legado y su evoluci\u00f3n ps\u00edquica.<\/li>\n\n\n\n<li><strong>M\u00e1s horror, m\u00e1s comedia negra<\/strong>: La temporada promete una mezcla audaz de humor siniestro, sustos interesantes y momentos delirantes, con un enfoque m\u00e1s ambicioso y g\u00f3tico.<\/li>\n<\/ul>\n\n\n\n<hr class=\"wp-block-separator has-alpha-channel-opacity\"\/>\n\n\n\n<h2 class=\"wp-block-heading\"><strong>Cu\u00e1ndo se estrenan los pr\u00f3ximos 4 episodios<\/strong><\/h2>\n\n\n\n<figure class=\"wp-block-table\"><table><thead><tr><th><strong>Parte<\/strong><\/th><th><strong>Episodios<\/strong><\/th><th><strong>Fecha de estreno<\/strong><\/th><\/tr><\/thead><tbody><tr><td>1<\/td><td>Episodios 1\u20134<\/td><td>6 de agosto de 2025<\/td><\/tr><tr><td>2<\/td><td>Episodios 5\u20138<\/td><td>3 de septiembre de 2025<\/td><\/tr><\/tbody><\/table><\/figure>\n\n\n\n<ul class=\"wp-block-list\">\n<li>La <strong>primera mitad<\/strong> de la temporada ya est\u00e1 disponible desde el <strong>6 de agosto de 2025<\/strong>.<\/li>\n\n\n\n<li>La <strong>segunda mitad<\/strong>, con los episodios del 5 al 8, se lanzar\u00e1 el <strong>3 de septiembre de 2025<\/strong>.<\/li>\n\n\n\n<li>En regiones como Centroam\u00e9rica (incluyendo M\u00e9xico), Netflix probablemente estrene estos episodios a las <strong>medianoche<\/strong>, siguiendo el horario de Lanzamiento global (~3\u202fa.m. ET).<\/li>\n<\/ul>\n\n\n\n<hr class=\"wp-block-separator has-alpha-channel-opacity\"\/>\n\n\n\n<blockquote class=\"wp-block-quote is-layout-flow wp-block-quote-is-layout-flow\">\n<p>La primera parte de la segunda temporada es incre\u00edble; no pens\u00e9 que pudiera superar a la anterior. Me gust\u00f3 tanto que me llev\u00f3 a ver nuevamente la primera temporada, y te recomiendo hacer lo mismo para que disfrutes con mayor frescura los \u00faltimos cuatro episodios que se estrenan en septiembre.<\/p>\n<\/blockquote>\n\n\n\n<p>Calificaci\u00f3n: &#x2b50;&#x2b50;&#x2b50;&#x2b50;&#x2b50;<\/p>","protected":false},"excerpt":{"rendered":"<p>La segunda temporada de Merlina retoma la historia justo despu\u00e9s de los eventos intensos del final de la primera entrega, en la que Merlina Addams logr\u00f3 frustrar los planes de resurrecci\u00f3n del malvado Joseph Crackstone y sobrevivi\u00f3 a su primer a\u00f1o en la Academia Nunca M\u00e1s. La temporada se adentra a\u00fan m\u00e1s en los misterios &hellip;<\/p>","protected":false},"author":2,"featured_media":23628,"comment_status":"closed","ping_status":"open","sticky":false,"template":"","format":"standard","meta":{"jetpack_post_was_ever_published":false,"_jetpack_newsletter_access":"","_jetpack_dont_email_post_to_subs":false,"_jetpack_newsletter_tier_id":0,"_jetpack_memberships_contains_paywalled_content":false,"_jetpack_memberships_contains_paid_content":false,"footnotes":"","jetpack_publicize_message":"","jetpack_publicize_feature_enabled":true,"jetpack_social_post_already_shared":true,"jetpack_social_options":{"image_generator_settings":{"template":"highway","default_image_id":0,"font":"","enabled":false},"version":2}},"categories":[733,1101,732],"tags":[1025,500],"class_list":["post-23622","post","type-post","status-publish","format-standard","has-post-thumbnail","hentry","category-originales-de-netflix","category-recomendado","category-series","tag-fantasia","tag-misterio"],"jetpack_publicize_connections":[],"jetpack_featured_media_url":"https:\/\/www.macquero.com\/wp-content\/uploads\/2025\/08\/m2.jpg","jetpack_sharing_enabled":true,"_links":{"self":[{"href":"https:\/\/www.macquero.com\/en\/wp-json\/wp\/v2\/posts\/23622","targetHints":{"allow":["GET"]}}],"collection":[{"href":"https:\/\/www.macquero.com\/en\/wp-json\/wp\/v2\/posts"}],"about":[{"href":"https:\/\/www.macquero.com\/en\/wp-json\/wp\/v2\/types\/post"}],"author":[{"embeddable":true,"href":"https:\/\/www.macquero.com\/en\/wp-json\/wp\/v2\/users\/2"}],"replies":[{"embeddable":true,"href":"https:\/\/www.macquero.com\/en\/wp-json\/wp\/v2\/comments?post=23622"}],"version-history":[{"count":11,"href":"https:\/\/www.macquero.com\/en\/wp-json\/wp\/v2\/posts\/23622\/revisions"}],"predecessor-version":[{"id":23660,"href":"https:\/\/www.macquero.com\/en\/wp-json\/wp\/v2\/posts\/23622\/revisions\/23660"}],"wp:featuredmedia":[{"embeddable":true,"href":"https:\/\/www.macquero.com\/en\/wp-json\/wp\/v2\/media\/23628"}],"wp:attachment":[{"href":"https:\/\/www.macquero.com\/en\/wp-json\/wp\/v2\/media?parent=23622"}],"wp:term":[{"taxonomy":"category","embeddable":true,"href":"https:\/\/www.macquero.com\/en\/wp-json\/wp\/v2\/categories?post=23622"},{"taxonomy":"post_tag","embeddable":true,"href":"https:\/\/www.macquero.com\/en\/wp-json\/wp\/v2\/tags?post=23622"}],"curies":[{"name":"wp","href":"https:\/\/api.w.org\/{rel}","templated":true}]}}