{"id":23595,"date":"2025-08-02T00:20:00","date_gmt":"2025-08-02T06:20:00","guid":{"rendered":"https:\/\/www.macquero.com\/?p=23595"},"modified":"2025-08-02T00:20:43","modified_gmt":"2025-08-02T06:20:43","slug":"la-arena-esta-de-vuelta-puede-gladiador-ii-superar-al-original-disponible-en-netflix","status":"publish","type":"post","link":"https:\/\/www.macquero.com\/en\/2025\/08\/la-arena-esta-de-vuelta-puede-gladiador-ii-superar-al-original-disponible-en-netflix\/","title":{"rendered":"The Arena Is Back: Can Gladiator II Surpass the Original? Available on Netflix"},"content":{"rendered":"<p><strong>Agosto lleg\u00f3 a Netflix con t\u00edtulos memorables que definitivamente vale la pena volver a disfrutar<\/strong>.<\/p>\n\n\n\n<p>Veinticuatro a\u00f1os despu\u00e9s del \u201cGladiator\u201d de Ridley Scott (2000), este nuevo episodio nos transporta <strong>16 a\u00f1os tras la muerte de Marcus Aurelius<\/strong>. Roma est\u00e1 gobernada por dos emperadores gemelos corruptos: <strong>Geta y Caracalla<\/strong>, caracterizados por su crueldad y sed de poder civil y militar.<\/p>\n\n\n\n<h2 class=\"wp-block-heading\">\u00bfQu\u00e9 esperar?<\/h2>\n\n\n\n<p>Posee escenas de combate m\u00e1s espectaculares y una ambientaci\u00f3n que mezcla historia con dramatismo \u00e9pico, la pel\u00edcula explora temas como la identidad, el trauma heredado y el deseo de justicia en medio del caos pol\u00edtico. Pedro Pascal y Denzel Washington brillan en papeles opuestos, sumando tensi\u00f3n y carisma a la trama.<\/p>\n\n\n\n<blockquote class=\"wp-block-quote is-layout-flow wp-block-quote-is-layout-flow\">\n<p>Aunque no pretende imitar del todo al original, esta entrega mantiene la esencia emocional y el conflicto moral que hicieron memorable a la primera.<\/p>\n<\/blockquote>\n\n\n\n<hr class=\"wp-block-separator has-alpha-channel-opacity\"\/>\n\n\n\n<h3 class=\"wp-block-heading\"><strong>Narrativa<\/strong><\/h3>\n\n\n\n<h4 class=\"wp-block-heading\"><strong>1. Temas principales<\/strong><\/h4>\n\n\n\n<ul class=\"wp-block-list\">\n<li>Venganza personal vs. destino hist\u00f3rico: Lucius enfrenta su dolor por la p\u00e9rdida de su esposa y su pueblo, pero debe asumir el legado de su padre.<\/li>\n\n\n\n<li>Poder y traici\u00f3n: Macrinus manipula de forma pol\u00edtica e \u00edntima para trepar al poder, mientras Roma se desmorona desde adentro.<\/li>\n\n\n\n<li>Identidad y herencia: La figura de Lucilla, su relaci\u00f3n con su hijo y su defensa del legado moral de Marcus Aurelius forman el n\u00facleo emocional.<\/li>\n<\/ul>\n\n\n\n<h4 class=\"wp-block-heading\"><strong>2. Personajes destacados<\/strong><\/h4>\n\n\n\n<ul class=\"wp-block-list\">\n<li><strong>Paul Mescal<\/strong> como Lucius\/Hanno, un h\u00e9roe rudo en formaci\u00f3n, cuya transformaci\u00f3n personal resulta cre\u00edble.<\/li>\n\n\n\n<li><strong>Denzel Washington<\/strong> como Macrinus, se roba cada escena; su personaje es calculador, carism\u00e1tico y despiadado a la vez. Muchos cr\u00edticos destacan que su presencia salva el film.<\/li>\n<\/ul>\n\n\n\n<h4 class=\"wp-block-heading\"><strong>3. Estilo visual y tensi\u00f3n<\/strong><\/h4>\n\n\n\n<ul class=\"wp-block-list\">\n<li>Ridley Scott regresa al esplendor del Coliseo en escenas espectaculares: gladiadores enfrent\u00e1ndose a criaturas ex\u00f3ticas como tiburones, rinocerontes y monos gigantes. Visualmente impresionante, aunque algo distractor. (Especialmente el escenario con tiburones).<\/li>\n\n\n\n<li>Pese a ello, la pel\u00edcula peca de falta de cohesi\u00f3n narrativa; se siente derivativa del primer filme, replicando beats tem\u00e1ticos y dram\u00e1ticos sin la misma profundidad emocional.<\/li>\n<\/ul>\n\n\n\n<h4 class=\"wp-block-heading\"><strong>4. Recepci\u00f3n cr\u00edtica y comercial<\/strong><\/h4>\n\n\n\n<ul class=\"wp-block-list\">\n<li>Cr\u00edticos opinaron que, aunque visualmente impresionante y entretenida, carece de la fuerza narrativa del original. Sin embargo, la actuaci\u00f3n de Denzel Washington fue ampliamente elogiada como el elemento m\u00e1s destacable.<\/li>\n\n\n\n<li>Mantiene un 70\u202f%-75\u202f% de aprobaci\u00f3n en Rotten Tomatoes y ha sido descrita como \u201cacci\u00f3n extravagante\u201d que funciona, aunque no trasciende.<\/li>\n<\/ul>\n\n\n\n<blockquote class=\"wp-block-quote is-layout-flow wp-block-quote-is-layout-flow\">\n<p>Conclusi\u00f3n: <strong>Gladiator\u202fII<\/strong> no iguala al cl\u00e1sico original, pero ofrece un espect\u00e1culo visual intenso y personajes que generan inter\u00e9s, especialmente gracias a la potencia esc\u00e9nica de Denzel Washington. <\/p>\n<\/blockquote>\n\n\n\n<p>Calificaci\u00f3n: &#x2b50;&#x2b50;&#x2b50;&#x2b50;<\/p>","protected":false},"excerpt":{"rendered":"<p>Agosto lleg\u00f3 a Netflix con t\u00edtulos memorables que definitivamente vale la pena volver a disfrutar. Veinticuatro a\u00f1os despu\u00e9s del \u201cGladiator\u201d de Ridley Scott (2000), este nuevo episodio nos transporta 16 a\u00f1os tras la muerte de Marcus Aurelius. Roma est\u00e1 gobernada por dos emperadores gemelos corruptos: Geta y Caracalla, caracterizados por su crueldad y sed de &hellip;<\/p>","protected":false},"author":2,"featured_media":23598,"comment_status":"closed","ping_status":"open","sticky":false,"template":"","format":"standard","meta":{"jetpack_post_was_ever_published":false,"_jetpack_newsletter_access":"","_jetpack_dont_email_post_to_subs":false,"_jetpack_newsletter_tier_id":0,"_jetpack_memberships_contains_paywalled_content":false,"_jetpack_memberships_contains_paid_content":false,"footnotes":"","jetpack_publicize_message":"","jetpack_publicize_feature_enabled":true,"jetpack_social_post_already_shared":true,"jetpack_social_options":{"image_generator_settings":{"template":"highway","default_image_id":0,"font":"","enabled":false},"version":2}},"categories":[1102,766],"tags":[682],"class_list":["post-23595","post","type-post","status-publish","format-standard","has-post-thumbnail","hentry","category-favoritos","category-cine-netflix","tag-accion-y-aventura"],"jetpack_publicize_connections":[],"jetpack_featured_media_url":"https:\/\/www.macquero.com\/wp-content\/uploads\/2025\/08\/gla2.jpg","jetpack_sharing_enabled":true,"_links":{"self":[{"href":"https:\/\/www.macquero.com\/en\/wp-json\/wp\/v2\/posts\/23595","targetHints":{"allow":["GET"]}}],"collection":[{"href":"https:\/\/www.macquero.com\/en\/wp-json\/wp\/v2\/posts"}],"about":[{"href":"https:\/\/www.macquero.com\/en\/wp-json\/wp\/v2\/types\/post"}],"author":[{"embeddable":true,"href":"https:\/\/www.macquero.com\/en\/wp-json\/wp\/v2\/users\/2"}],"replies":[{"embeddable":true,"href":"https:\/\/www.macquero.com\/en\/wp-json\/wp\/v2\/comments?post=23595"}],"version-history":[{"count":2,"href":"https:\/\/www.macquero.com\/en\/wp-json\/wp\/v2\/posts\/23595\/revisions"}],"predecessor-version":[{"id":23597,"href":"https:\/\/www.macquero.com\/en\/wp-json\/wp\/v2\/posts\/23595\/revisions\/23597"}],"wp:featuredmedia":[{"embeddable":true,"href":"https:\/\/www.macquero.com\/en\/wp-json\/wp\/v2\/media\/23598"}],"wp:attachment":[{"href":"https:\/\/www.macquero.com\/en\/wp-json\/wp\/v2\/media?parent=23595"}],"wp:term":[{"taxonomy":"category","embeddable":true,"href":"https:\/\/www.macquero.com\/en\/wp-json\/wp\/v2\/categories?post=23595"},{"taxonomy":"post_tag","embeddable":true,"href":"https:\/\/www.macquero.com\/en\/wp-json\/wp\/v2\/tags?post=23595"}],"curies":[{"name":"wp","href":"https:\/\/api.w.org\/{rel}","templated":true}]}}