{"id":23582,"date":"2025-07-31T00:20:00","date_gmt":"2025-07-31T06:20:00","guid":{"rendered":"https:\/\/www.macquero.com\/?p=23582"},"modified":"2025-07-31T00:58:42","modified_gmt":"2025-07-31T06:58:42","slug":"y-si-tu-mayor-enemigo-fuera-tu-pasado-descubre-teheran","status":"publish","type":"post","link":"https:\/\/www.macquero.com\/en\/2025\/07\/y-si-tu-mayor-enemigo-fuera-tu-pasado-descubre-teheran\/","title":{"rendered":"\u201c\u00bfY si tu mayor enemigo fuera tu pasado? Descubre Teher\u00e1n&#8221; Thriller de acci\u00f3n disponible en Apple TV"},"content":{"rendered":"<p>La serie <strong>Teher\u00e1n<\/strong> (t\u00edtulo original <em>Tehran<\/em>) es un <strong>thriller de espionaje internacional<\/strong> cargado de tensi\u00f3n pol\u00edtica, dilemas morales y acci\u00f3n encubierta. Producida en Israel y distribuida por <strong>Apple TV+<\/strong>, ha sido elogiada por su calidad narrativa y su enfoque humano sobre los conflictos geopol\u00edticos entre Israel e Ir\u00e1n.<\/p>\n\n\n\n<hr class=\"wp-block-separator has-alpha-channel-opacity\"\/>\n\n\n\n<h2 class=\"wp-block-heading\"><strong>&#x1f3ac; \u00bfDe qu\u00e9 trata?&nbsp;<\/strong><\/h2>\n\n\n\n<h2 class=\"wp-block-heading\"><strong>Teher\u00e1n<\/strong><\/h2>\n\n\n\n<p>La historia sigue a <strong>Tamar Rabinyan<\/strong> (<a href=\"https:\/\/www.instagram.com\/sultaniv\" data-type=\"link\" data-id=\"https:\/\/www.instagram.com\/sultaniv\" target=\"_blank\" rel=\"noreferrer noopener\">Niv Sultan<\/a>), una joven <strong>agente del Mossad<\/strong> (el servicio secreto israel\u00ed) y experta en ciberseguridad, que es enviada a <strong>Teher\u00e1n, Ir\u00e1n<\/strong>, con una misi\u00f3n cr\u00edtica: <strong>infiltrarse en el sistema de defensa a\u00e9rea iran\u00ed<\/strong> para desactivar los radares y permitir un ataque a\u00e9reo israel\u00ed contra una instalaci\u00f3n nuclear.<\/p>\n\n\n\n<p>Para cumplir su misi\u00f3n, Tamar asume una identidad falsa como empleada t\u00e9cnica de la red el\u00e9ctrica iran\u00ed. Pero todo se complica cuando la operaci\u00f3n fracasa. Atrapada en territorio enemigo, sin apoyo y perseguida por las autoridades iran\u00edes, Tamar debe sobrevivir en las calles de Teher\u00e1n mientras improvisa nuevas formas de completar su objetivo\u2026 o escapar con vida.<\/p>\n\n\n\n<p>A lo largo de los episodios, la serie no solo se enfoca en la acci\u00f3n y el espionaje, sino que tambi\u00e9n ahonda en los <strong>conflictos internos de Tamar<\/strong>, quien naci\u00f3 en Ir\u00e1n y emigr\u00f3 siendo ni\u00f1a. Este regreso forzado la conecta con sus ra\u00edces, con la gente local, e incluso con j\u00f3venes disidentes iran\u00edes, lo que la lleva a cuestionar sus lealtades y el verdadero precio de su misi\u00f3n.<\/p>\n\n\n\n<p>Uno de los antagonistas principales es <strong>Faraz Kamali<\/strong>, un agente de inteligencia iran\u00ed decidido y astuto, cuya humanidad y dilemas familiares lo convierten en un personaje complejo y cre\u00edble.<\/p>\n\n\n\n<hr class=\"wp-block-separator has-alpha-channel-opacity\"\/>\n\n\n\n<h2 class=\"wp-block-heading\"><strong>&#x1f50d; \u00bfQu\u00e9 se puede esperar de la serie?<\/strong><\/h2>\n\n\n\n<h3 class=\"wp-block-heading\"><strong>Tensi\u00f3n constante<\/strong><\/h3>\n\n\n\n<p>Cada episodio est\u00e1 cargado de suspenso. Nada es seguro. La protagonista toma decisiones arriesgadas, y cualquier error puede costarle la vida. Los giros inesperados y el ritmo \u00e1gil la convierten en una serie muy adictiva.<\/p>\n\n\n\n<h3 class=\"wp-block-heading\"><strong>Espionaje realista<\/strong><\/h3>\n\n\n\n<p>A diferencia de otras series de acci\u00f3n que rozan la fantas\u00eda, <em>Teher\u00e1n<\/em> mantiene un tono sobrio y cre\u00edble. Las herramientas de hacking, vigilancia y operaciones encubiertas est\u00e1n bien investigadas y representan amenazas reales del siglo XXI.<\/p>\n\n\n\n<h3 class=\"wp-block-heading\"><strong>Personajes humanos y matizados<\/strong><\/h3>\n\n\n\n<p>Nadie es completamente bueno o malo. Tanto Tamar como Faraz, y otros personajes secundarios, tienen motivaciones personales, traumas y contradicciones. Eso le da profundidad emocional a la historia.<\/p>\n\n\n\n<h3 class=\"wp-block-heading\"><strong>Reflexi\u00f3n pol\u00edtica y cultural<\/strong><\/h3>\n\n\n\n<p>M\u00e1s all\u00e1 de la acci\u00f3n, la serie ofrece un retrato cr\u00edtico de la vida en Ir\u00e1n bajo el r\u00e9gimen actual, y tambi\u00e9n cuestiona las acciones del gobierno israel\u00ed. No toma partido absoluto: presenta una visi\u00f3n compleja del conflicto, a trav\u00e9s de historias personales.<\/p>\n\n\n\n<h3 class=\"wp-block-heading\"><strong>Calidad cinematogr\u00e1fica<\/strong><\/h3>\n\n\n\n<p>La fotograf\u00eda, ambientaci\u00f3n y actuaciones est\u00e1n a la altura de producciones internacionales de primer nivel. Adem\u00e1s, en temporadas posteriores se suman actores reconocidos como <strong>Glenn Close<\/strong> y <strong>Hugh Laurie<\/strong>.<\/p>\n\n\n\n<hr class=\"wp-block-separator has-alpha-channel-opacity\"\/>\n\n\n\n<p><strong>En resumen:<\/strong> <em>Teher\u00e1n<\/em> es mucho m\u00e1s que un thriller de esp\u00edas. Es una historia de identidad, lealtad y supervivencia, narrada con tensi\u00f3n, emoci\u00f3n y respeto por la complejidad de los conflictos humanos. Ideal para quienes disfrutan de series <strong>inteligentes, intensas y con contenido pol\u00edtico actual.<\/strong><\/p>\n\n\n\n<h3 class=\"wp-block-heading\"><strong>&#x1f4fa; \u00bfCu\u00e1ntas temporadas tiene?<\/strong><\/h3>\n\n\n\n<p>La serie <em>Teher\u00e1n<\/em> cuenta actualmente con <strong>dos temporadas completas disponibles<\/strong> en Apple\u202fTV+. Hasta julio de 2025, <strong>no se ha estrenado la tercera temporada<\/strong> en la plataforma internacional.<\/p>\n\n\n\n<ul class=\"wp-block-list\">\n<li><strong>Temporada 1<\/strong> se estren\u00f3 en Apple\u202fTV+ el <strong>25 de septiembre de 2020<\/strong> y consta de <strong>8 episodios<\/strong>.<\/li>\n\n\n\n<li><strong>Temporada 2<\/strong> se lanz\u00f3 el <strong>6 de mayo de 2022<\/strong>, tambi\u00e9n con <strong>8 episodios<\/strong> y cont\u00f3 con la incorporaci\u00f3n de <strong>Glenn Close<\/strong> al reparto principal.<\/li>\n<\/ul>\n\n\n\n<p><strong>Disponible con una suscripci\u00f3n de <a href=\"https:\/\/tv.apple.com\/mx\/show\/teheran\/umc.cmc.337cdk1ou0bmn6frmzxwm7xqd\" data-type=\"link\" data-id=\"https:\/\/tv.apple.com\/mx\/show\/teheran\/umc.cmc.337cdk1ou0bmn6frmzxwm7xqd\" target=\"_blank\" rel=\"noreferrer noopener\">Apple TV+<\/a>.<\/strong><\/p>\n\n\n\n<p>Calificaci\u00f3n: &#x2b50;&#x2b50;&#x2b50;&#x2b50;<\/p>","protected":false},"excerpt":{"rendered":"<p>La serie Teher\u00e1n (t\u00edtulo original Tehran) es un thriller de espionaje internacional cargado de tensi\u00f3n pol\u00edtica, dilemas morales y acci\u00f3n encubierta. Producida en Israel y distribuida por Apple TV+, ha sido elogiada por su calidad narrativa y su enfoque humano sobre los conflictos geopol\u00edticos entre Israel e Ir\u00e1n. &#x1f3ac; \u00bfDe qu\u00e9 trata?&nbsp; Teher\u00e1n La historia &hellip;<\/p>","protected":false},"author":2,"featured_media":23585,"comment_status":"closed","ping_status":"open","sticky":false,"template":"","format":"standard","meta":{"jetpack_post_was_ever_published":false,"_jetpack_newsletter_access":"","_jetpack_dont_email_post_to_subs":false,"_jetpack_newsletter_tier_id":0,"_jetpack_memberships_contains_paywalled_content":false,"_jetpack_memberships_contains_paid_content":false,"footnotes":"","jetpack_publicize_message":"","jetpack_publicize_feature_enabled":true,"jetpack_social_post_already_shared":true,"jetpack_social_options":{"image_generator_settings":{"template":"highway","default_image_id":0,"font":"","enabled":false},"version":2}},"categories":[687,596,1243,692,1023],"tags":[1585],"class_list":["post-23582","post","type-post","status-publish","format-standard","has-post-thumbnail","hentry","category-accion-y-aventura","category-apple-tv","category-series-originales","category-thriller","category-tv","tag-thriller-politico"],"jetpack_publicize_connections":[],"jetpack_featured_media_url":"https:\/\/www.macquero.com\/wp-content\/uploads\/2025\/07\/t2.jpg","jetpack_sharing_enabled":true,"_links":{"self":[{"href":"https:\/\/www.macquero.com\/en\/wp-json\/wp\/v2\/posts\/23582","targetHints":{"allow":["GET"]}}],"collection":[{"href":"https:\/\/www.macquero.com\/en\/wp-json\/wp\/v2\/posts"}],"about":[{"href":"https:\/\/www.macquero.com\/en\/wp-json\/wp\/v2\/types\/post"}],"author":[{"embeddable":true,"href":"https:\/\/www.macquero.com\/en\/wp-json\/wp\/v2\/users\/2"}],"replies":[{"embeddable":true,"href":"https:\/\/www.macquero.com\/en\/wp-json\/wp\/v2\/comments?post=23582"}],"version-history":[{"count":6,"href":"https:\/\/www.macquero.com\/en\/wp-json\/wp\/v2\/posts\/23582\/revisions"}],"predecessor-version":[{"id":23589,"href":"https:\/\/www.macquero.com\/en\/wp-json\/wp\/v2\/posts\/23582\/revisions\/23589"}],"wp:featuredmedia":[{"embeddable":true,"href":"https:\/\/www.macquero.com\/en\/wp-json\/wp\/v2\/media\/23585"}],"wp:attachment":[{"href":"https:\/\/www.macquero.com\/en\/wp-json\/wp\/v2\/media?parent=23582"}],"wp:term":[{"taxonomy":"category","embeddable":true,"href":"https:\/\/www.macquero.com\/en\/wp-json\/wp\/v2\/categories?post=23582"},{"taxonomy":"post_tag","embeddable":true,"href":"https:\/\/www.macquero.com\/en\/wp-json\/wp\/v2\/tags?post=23582"}],"curies":[{"name":"wp","href":"https:\/\/api.w.org\/{rel}","templated":true}]}}