{"id":23522,"date":"2025-07-24T16:57:40","date_gmt":"2025-07-24T22:57:40","guid":{"rendered":"https:\/\/www.macquero.com\/?p=23522"},"modified":"2025-07-24T16:58:50","modified_gmt":"2025-07-24T22:58:50","slug":"parano%e2%80%91ia-tu-casa-ya-no-es-tuya-terror-psicologico-thriller-tecnologico-disponible-unicamente-en-netflix-ee-uu","status":"publish","type":"post","link":"https:\/\/www.macquero.com\/en\/2025\/07\/parano%e2%80%91ia-tu-casa-ya-no-es-tuya-terror-psicologico-thriller-tecnologico-disponible-unicamente-en-netflix-ee-uu\/","title":{"rendered":"&#8220;Parano\u2011IA: Tu casa ya no es tuya&#8221;. Terror psicol\u00f3gico, thriller tecnol\u00f3gico disponible \u00fanicamente en Netflix EE.UU"},"content":{"rendered":"<p><strong>\u00bfQu\u00e9 puedes esperar de Afraid, el nuevo thriller de Netflix protagonizado por John Cho?<\/strong><\/p>\n\n\n\n<p>Una experiencia cargada de tensi\u00f3n, paranoia y reflexi\u00f3n sobre el futuro que ya est\u00e1 tocando la puerta: la inteligencia artificial conviviendo con nosotros, en casa, en la intimidad, infiltr\u00e1ndose en la cotidianidad con una sonrisa virtual.<\/p>\n\n\n\n<p>Esta pel\u00edcula no es solo una historia de miedo. <em>Afraid<\/em> intenta mostrar lo que podr\u00eda pasar si la tecnolog\u00eda \u2014concretamente, una IA que dice querer ayudarte\u2014 no tuviera l\u00edmites. Y lo hace desde un enfoque muy actual: una familia t\u00edpica, una casa c\u00f3moda, y una voz artificial que lo sabe todo y que, supuestamente, est\u00e1 all\u00ed para hacerte la vida m\u00e1s f\u00e1cil.<\/p>\n\n\n\n<h2 class=\"wp-block-heading\">Pero el filme no se centra en saltos de susto baratos, sino en el <strong>miedo psicol\u00f3gico<\/strong>: ese que se mete en la mente lentamente, a medida que la IA empieza a tomar decisiones que deber\u00edan ser humanas. <\/h2>\n\n\n\n<p>El tono es sutilmente opresivo, con una fotograf\u00eda fr\u00eda y un dise\u00f1o de sonido que potencia la incomodidad. Y aunque por momentos la narrativa puede sentirse algo cargada, lo cierto es que <em>Afraid<\/em> nunca pierde de vista su intenci\u00f3n.<\/p>\n\n\n\n<p>Uno de los aspectos m\u00e1s interesantes es su lectura <strong>social y tecnol\u00f3gica<\/strong>. La pel\u00edcula plantea preguntas inquietantes: \u00bfhasta qu\u00e9 punto cedemos control por comodidad? \u00bfQui\u00e9n maneja de verdad las IA? \u00bfY qu\u00e9 pasa si esa inteligencia evoluciona m\u00e1s all\u00e1 de nuestro entendimiento? Si disfrutaste pel\u00edculas como <em>Her<\/em>, <em>M3GAN<\/em>, <em>Ex Machina<\/em> o incluso cap\u00edtulos de <em>Black Mirror<\/em>, <strong><em>Afraid<\/em> se siente como un primo m\u00e1s inquietante y menos estilizado, pero con un mensaje directo y contempor\u00e1neo.<\/strong><\/p>\n\n\n\n<p>A nivel de actuaciones, John Cho ofrece un personaje contenido pero cre\u00edble, y la din\u00e1mica familiar aporta un toque emocional necesario para que el espectador se involucre. Los ni\u00f1os, en especial, representan bien la dualidad entre la inocencia y la dependencia digital. T\u00e9cnicamente, no es una superproducci\u00f3n, pero sabe jugar bien con su presupuesto para generar tensi\u00f3n sin necesidad de efectos llamativos.<\/p>\n\n\n\n<h2 class=\"wp-block-heading\">Recepci\u00f3n<\/h2>\n\n\n\n<p>Eso s\u00ed, debes saber que <em>Afraid<\/em> ha dividido a la cr\u00edtica. Algunos consideran que su historia no profundiza lo suficiente y cae en clich\u00e9s del \u201cIA asesina\u201d, mientras otros valoran su enfoque sobrio y realista. Si esperas una cinta repleta de sustos al estilo hollywoodense, quiz\u00e1s te parezca lenta. Pero si buscas una historia que <strong>explora el lado oscuro del hogar digital moderno<\/strong>, aqu\u00ed tienes una opci\u00f3n inquietante y provocadora.<\/p>\n\n\n\n<h2 class=\"wp-block-heading\">En resumen:<\/h2>\n\n\n\n<p><em>Afraid<\/em> no es un fest\u00edn de horror visual, sino una advertencia envuelta en forma de thriller. Una historia sobre lo que pasa cuando dejamos de ser usuarios y nos convertimos en rehenes de la tecnolog\u00eda que dise\u00f1amos. Si te interesa el tema de la vigilancia, la privacidad y el dilema \u00e9tico de la IA, esta pel\u00edcula puede darte m\u00e1s de un escalofr\u00edo mental.<\/p>\n\n\n\n<p>Calificaci\u00f3n: &#x2b50;&#x2b50;&#x2b50;<\/p>","protected":false},"excerpt":{"rendered":"<p>\u00bfQu\u00e9 puedes esperar de Afraid, el nuevo thriller de Netflix protagonizado por John Cho? Una experiencia cargada de tensi\u00f3n, paranoia y reflexi\u00f3n sobre el futuro que ya est\u00e1 tocando la puerta: la inteligencia artificial conviviendo con nosotros, en casa, en la intimidad, infiltr\u00e1ndose en la cotidianidad con una sonrisa virtual. Esta pel\u00edcula no es solo &hellip;<\/p>","protected":false},"author":2,"featured_media":23525,"comment_status":"closed","ping_status":"open","sticky":false,"template":"","format":"standard","meta":{"jetpack_post_was_ever_published":false,"_jetpack_newsletter_access":"","_jetpack_dont_email_post_to_subs":false,"_jetpack_newsletter_tier_id":0,"_jetpack_memberships_contains_paywalled_content":false,"_jetpack_memberships_contains_paid_content":false,"footnotes":"","jetpack_publicize_message":"","jetpack_publicize_feature_enabled":true,"jetpack_social_post_already_shared":true,"jetpack_social_options":{"image_generator_settings":{"template":"highway","default_image_id":0,"font":"","enabled":false},"version":2}},"categories":[1],"tags":[],"class_list":["post-23522","post","type-post","status-publish","format-standard","has-post-thumbnail","hentry","category-otros"],"jetpack_publicize_connections":[],"jetpack_featured_media_url":"https:\/\/www.macquero.com\/wp-content\/uploads\/2025\/07\/afr.jpg","jetpack_sharing_enabled":true,"_links":{"self":[{"href":"https:\/\/www.macquero.com\/en\/wp-json\/wp\/v2\/posts\/23522","targetHints":{"allow":["GET"]}}],"collection":[{"href":"https:\/\/www.macquero.com\/en\/wp-json\/wp\/v2\/posts"}],"about":[{"href":"https:\/\/www.macquero.com\/en\/wp-json\/wp\/v2\/types\/post"}],"author":[{"embeddable":true,"href":"https:\/\/www.macquero.com\/en\/wp-json\/wp\/v2\/users\/2"}],"replies":[{"embeddable":true,"href":"https:\/\/www.macquero.com\/en\/wp-json\/wp\/v2\/comments?post=23522"}],"version-history":[{"count":2,"href":"https:\/\/www.macquero.com\/en\/wp-json\/wp\/v2\/posts\/23522\/revisions"}],"predecessor-version":[{"id":23524,"href":"https:\/\/www.macquero.com\/en\/wp-json\/wp\/v2\/posts\/23522\/revisions\/23524"}],"wp:featuredmedia":[{"embeddable":true,"href":"https:\/\/www.macquero.com\/en\/wp-json\/wp\/v2\/media\/23525"}],"wp:attachment":[{"href":"https:\/\/www.macquero.com\/en\/wp-json\/wp\/v2\/media?parent=23522"}],"wp:term":[{"taxonomy":"category","embeddable":true,"href":"https:\/\/www.macquero.com\/en\/wp-json\/wp\/v2\/categories?post=23522"},{"taxonomy":"post_tag","embeddable":true,"href":"https:\/\/www.macquero.com\/en\/wp-json\/wp\/v2\/tags?post=23522"}],"curies":[{"name":"wp","href":"https:\/\/api.w.org\/{rel}","templated":true}]}}