{"id":23512,"date":"2025-07-22T18:23:00","date_gmt":"2025-07-23T00:23:00","guid":{"rendered":"https:\/\/www.macquero.com\/?p=23512"},"modified":"2025-07-22T18:24:10","modified_gmt":"2025-07-23T00:24:10","slug":"la-banda-perfecta-reality-musical-disponible-en-netflix","status":"publish","type":"post","link":"https:\/\/www.macquero.com\/en\/2025\/07\/la-banda-perfecta-reality-musical-disponible-en-netflix\/","title":{"rendered":"La banda perfecta. Reality musical disponible en Netflix"},"content":{"rendered":"<p><strong>1. \u00bfQu\u00e9 es y cu\u00e1ndo se estren\u00f3?<\/strong><\/p>\n\n\n\n<p><em>La banda perfecta<\/em> es un reality show musical de Netflix compuesto por 10 episodios, estrenados semanalmente: cuatro el <strong>9 de julio de 2025<\/strong>, tres el <strong>16 de julio<\/strong> y los tres finales el <strong>23 de julio de 2025<\/strong>\u00a0 . El programa se public\u00f3 en Latinoam\u00e9rica ese mismo mes.<\/p>\n\n\n\n<p><strong>2. Formato y din\u00e1mica del concurso<\/strong><\/p>\n\n\n\n<p>El programa propone una experiencia \u201ca ciegas\u201d: los participantes \u2014vocalistas talentosos y desconocidos entre s\u00ed\u2014 se sientan en cabinas insonorizadas y solo pueden evaluarse por voz, sin ver su apariencia. Desde estas cabinas los concursantes escuchan audiciones en vivo y eligen con qui\u00e9n formar una banda, bas\u00e1ndose \u00fanicamente en conexi\u00f3n vocal, qu\u00edmica musical y m\u00e9rito. Una vez formadas, las bandas pasan al siguiente nivel, enfrent\u00e1ndose a desaf\u00edos esc\u00e9nicos y coreogr\u00e1ficos donde su apariencia entra en juego.<\/p>\n\n\n\n<p><strong>3. Presentadores y jurado<\/strong><\/p>\n\n\n\n<p>El reality est\u00e1 presentado por <strong>A.J.\u202fMcLean<\/strong> (de los Backstreet Boys), quien dirige el proceso de formaci\u00f3n y evoluci\u00f3n de los grupos\u00a0 . Adem\u00e1s, cuenta con un panel de mentores\/jueces formado por <strong>Nicole Scherzinger<\/strong> (Pussycat Dolls), <strong>Kelly Rowland<\/strong> (Destiny\u2019s Child) y <strong>Liam Payne<\/strong> (ex\u2013One Direction)\u00a0 . Tras la muerte de Payne, su participaci\u00f3n \u2014ya grabada\u2014 fue revisada y aprobada por su familia, y el programa se dedica a su memoria.<\/p>\n\n\n\n<p><strong>4. Desarrollo de episodios y estructura<\/strong><\/p>\n\n\n\n<ul class=\"wp-block-list\">\n<li><strong>Episodios 1\u20134 (9 de julio):<\/strong> Introducci\u00f3n al formato. Los cantantes se conocen solo por voz, se forman las primeras bandas y ocurre la primera eliminaci\u00f3n.<\/li>\n\n\n\n<li><strong>Episodios 5\u20137 (16 de julio):<\/strong> Las bandas consolidadas enfrentan desaf\u00edos de grabaci\u00f3n, ensayo, estilo y performance. Intervienen Kelly y Liam como jueces invitados.<\/li>\n\n\n\n<li><strong>Episodios 8\u201310 (23 de julio):<\/strong> Se definen los finalistas mediante showcases, eliminaciones y preparativos para la gran final. Se decide qui\u00e9n es \u201cla pr\u00f3xima gran banda musical\u201d.<\/li>\n<\/ul>\n\n\n\n<p><strong>5. Elementos narrativos y tono<\/strong><\/p>\n\n\n\n<p>El show combina varios g\u00e9neros: competencia musical, experimento social, drama personal e historias de superaci\u00f3n. Hay tensi\u00f3n emocional \u2014como audiciones memorables, primeras conexiones intensas entre cantantes y conflictos de qu\u00edmica grupal\u2014, pero tambi\u00e9n momentos inspiradores cuando los grupos se consolidan.<\/p>\n\n\n\n<p><strong>6. Innovaci\u00f3n y propuesta<\/strong><\/p>\n\n\n\n<p>A diferencia de otros realities en que la apariencia y presencia f\u00edsica predominan, <em>La banda perfecta<\/em> propone una apuesta radical: al inicio, solo importa la voz y la conexi\u00f3n musical. La idea es crear la mejor banda posible antes de que estilo, imagen y espect\u00e1culo entren en escena.<\/p>\n\n\n\n<hr class=\"wp-block-separator has-alpha-channel-opacity\"\/>\n\n\n\n<p><strong>Conclusi\u00f3n<\/strong><\/p>\n\n\n\n<p><em>La banda perfecta<\/em> es un experimento audiovisual que explora la esencia de la m\u00fasica en su forma m\u00e1s pura. Deja de lado la apariencia f\u00edsica y se centra en el talento vocal y la cantidad de qu\u00edmica entre los cantantes. Con un panel de estrellas como A.J.\u202fMcLean, Nicole Scherzinger, Kelly Rowland y un homenaje p\u00f3stumo a Liam Payne, el reality ofrece emoci\u00f3n, m\u00fasica, competencia y una narrativa que busca redefinir c\u00f3mo considerar \u201cla banda ideal\u201d. A lo largo de 10 episodios, los espectadores acompa\u00f1an el proceso: desde audiciones an\u00f3nimas en cabinas, pasando por ensayos y showcases, hasta conocer la banda ganadora.<\/p>\n\n\n\n<p>Calificaci\u00f3n: &#x2b50;&#x2b50;&#x2b50;<\/p>","protected":false},"excerpt":{"rendered":"<p>1. \u00bfQu\u00e9 es y cu\u00e1ndo se estren\u00f3? La banda perfecta es un reality show musical de Netflix compuesto por 10 episodios, estrenados semanalmente: cuatro el 9 de julio de 2025, tres el 16 de julio y los tres finales el 23 de julio de 2025\u00a0 . El programa se public\u00f3 en Latinoam\u00e9rica ese mismo mes. &hellip;<\/p>","protected":false},"author":2,"featured_media":23515,"comment_status":"closed","ping_status":"open","sticky":false,"template":"","format":"standard","meta":{"jetpack_post_was_ever_published":false,"_jetpack_newsletter_access":"","_jetpack_dont_email_post_to_subs":false,"_jetpack_newsletter_tier_id":0,"_jetpack_memberships_contains_paywalled_content":false,"_jetpack_memberships_contains_paid_content":false,"footnotes":"","jetpack_publicize_message":"","jetpack_publicize_feature_enabled":true,"jetpack_social_post_already_shared":true,"jetpack_social_options":{"image_generator_settings":{"template":"highway","default_image_id":0,"font":"","enabled":false},"version":2}},"categories":[733,818],"tags":[1131],"class_list":["post-23512","post","type-post","status-publish","format-standard","has-post-thumbnail","hentry","category-originales-de-netflix","category-reality","tag-musica"],"jetpack_publicize_connections":[],"jetpack_featured_media_url":"https:\/\/www.macquero.com\/wp-content\/uploads\/2025\/07\/22.jpg","jetpack_sharing_enabled":true,"_links":{"self":[{"href":"https:\/\/www.macquero.com\/en\/wp-json\/wp\/v2\/posts\/23512","targetHints":{"allow":["GET"]}}],"collection":[{"href":"https:\/\/www.macquero.com\/en\/wp-json\/wp\/v2\/posts"}],"about":[{"href":"https:\/\/www.macquero.com\/en\/wp-json\/wp\/v2\/types\/post"}],"author":[{"embeddable":true,"href":"https:\/\/www.macquero.com\/en\/wp-json\/wp\/v2\/users\/2"}],"replies":[{"embeddable":true,"href":"https:\/\/www.macquero.com\/en\/wp-json\/wp\/v2\/comments?post=23512"}],"version-history":[{"count":2,"href":"https:\/\/www.macquero.com\/en\/wp-json\/wp\/v2\/posts\/23512\/revisions"}],"predecessor-version":[{"id":23514,"href":"https:\/\/www.macquero.com\/en\/wp-json\/wp\/v2\/posts\/23512\/revisions\/23514"}],"wp:featuredmedia":[{"embeddable":true,"href":"https:\/\/www.macquero.com\/en\/wp-json\/wp\/v2\/media\/23515"}],"wp:attachment":[{"href":"https:\/\/www.macquero.com\/en\/wp-json\/wp\/v2\/media?parent=23512"}],"wp:term":[{"taxonomy":"category","embeddable":true,"href":"https:\/\/www.macquero.com\/en\/wp-json\/wp\/v2\/categories?post=23512"},{"taxonomy":"post_tag","embeddable":true,"href":"https:\/\/www.macquero.com\/en\/wp-json\/wp\/v2\/tags?post=23512"}],"curies":[{"name":"wp","href":"https:\/\/api.w.org\/{rel}","templated":true}]}}