{"id":23498,"date":"2025-07-20T15:22:35","date_gmt":"2025-07-20T21:22:35","guid":{"rendered":"https:\/\/www.macquero.com\/?p=23498"},"modified":"2025-07-20T15:29:46","modified_gmt":"2025-07-20T21:29:46","slug":"angela-dentro-de-la-tormenta-el-drama-oculto-de-una-vida-perfecta-thriller-psicologico-disponible-en-netflix","status":"publish","type":"post","link":"https:\/\/www.macquero.com\/en\/2025\/07\/angela-dentro-de-la-tormenta-el-drama-oculto-de-una-vida-perfecta-thriller-psicologico-disponible-en-netflix\/","title":{"rendered":"&#8220;\u00c1ngela: Dentro de la tormenta: el drama oculto de una vida perfecta\u201d. &#8211; Thriller psicol\u00f3gico disponible en Netflix"},"content":{"rendered":"<p><strong>\u00c1ngela<\/strong> es una miniserie espa\u00f1ola de seis episodios que mezcla de forma intensa el <em>thriller psicol\u00f3gico<\/em> con el <em>drama emocional<\/em>. Ambientada en el Pa\u00eds Vasco, la historia gira en torno a una mujer atrapada en una vida aparentemente perfecta que, poco a poco, comienza a desmoronarse. La atm\u00f3sfera es densa, inquietante y est\u00e1 marcada por un fuerte componente de tensi\u00f3n emocional, donde la ambig\u00fcedad de las relaciones y los secretos ocultos juegan un papel central.<\/p>\n\n\n\n<p>Lo m\u00e1s destacable de esta serie es su enfoque \u00edntimo y realista sobre las din\u00e1micas de poder en una relaci\u00f3n de pareja, abordando temas como el control, la manipulaci\u00f3n y la violencia invisible que puede existir en el entorno dom\u00e9stico. Sin recurrir a excesos visuales, la narraci\u00f3n se apoya en actuaciones s\u00f3lidas, especialmente la de su protagonista, que transmite con fuerza la lucha interior de una mujer que empieza a cuestionarse su realidad.<\/p>\n\n\n\n<p>La direcci\u00f3n, sobria pero eficaz, crea una atm\u00f3sfera envolvente que mantiene al espectador en vilo. Con un ritmo pausado pero constante, cada episodio a\u00f1ade una capa m\u00e1s de incertidumbre y sospecha, invitando a reflexionar sobre hasta qu\u00e9 punto se puede confiar en quienes nos rodean.<\/p>\n\n\n\n<p><strong>\u00c1ngela<\/strong> no es una serie de acci\u00f3n ni de giros espectaculares cada cinco minutos, sino una obra que apuesta por la construcci\u00f3n psicol\u00f3gica de sus personajes. Es ideal para quienes disfrutan de tramas tensas, emocionalmente complejas y centradas en la evoluci\u00f3n de los protagonistas m\u00e1s que en los efectos visuales.<\/p>\n\n\n\n<blockquote class=\"wp-block-quote is-layout-flow wp-block-quote-is-layout-flow\">\n<p>En resumen, es una miniserie inteligente, emocionalmente intensa y con una sensibilidad especial para retratar el miedo, la duda y el proceso de empoderamiento en medio del caos.<\/p>\n<\/blockquote>\n\n\n\n<p>Calificaci\u00f3n: &#x2b50;&#x2b50;&#x2b50;&#x2b50;<\/p>","protected":false},"excerpt":{"rendered":"<p>\u00c1ngela es una miniserie espa\u00f1ola de seis episodios que mezcla de forma intensa el thriller psicol\u00f3gico con el drama emocional. Ambientada en el Pa\u00eds Vasco, la historia gira en torno a una mujer atrapada en una vida aparentemente perfecta que, poco a poco, comienza a desmoronarse. La atm\u00f3sfera es densa, inquietante y est\u00e1 marcada por &hellip;<\/p>","protected":false},"author":2,"featured_media":23500,"comment_status":"closed","ping_status":"open","sticky":false,"template":"","format":"standard","meta":{"jetpack_post_was_ever_published":false,"_jetpack_newsletter_access":"","_jetpack_dont_email_post_to_subs":false,"_jetpack_newsletter_tier_id":0,"_jetpack_memberships_contains_paywalled_content":false,"_jetpack_memberships_contains_paid_content":false,"footnotes":"","jetpack_publicize_message":"","jetpack_publicize_feature_enabled":true,"jetpack_social_post_already_shared":true,"jetpack_social_options":{"image_generator_settings":{"template":"highway","default_image_id":0,"font":"","enabled":false},"version":2}},"categories":[732,974],"tags":[303,1148,832],"class_list":["post-23498","post","type-post","status-publish","format-standard","has-post-thumbnail","hentry","category-series","category-telenovela","tag-drama","tag-miniseries","tag-thriller-psicologico"],"jetpack_publicize_connections":[],"jetpack_featured_media_url":"https:\/\/www.macquero.com\/wp-content\/uploads\/2025\/07\/1.png","jetpack_sharing_enabled":true,"_links":{"self":[{"href":"https:\/\/www.macquero.com\/en\/wp-json\/wp\/v2\/posts\/23498","targetHints":{"allow":["GET"]}}],"collection":[{"href":"https:\/\/www.macquero.com\/en\/wp-json\/wp\/v2\/posts"}],"about":[{"href":"https:\/\/www.macquero.com\/en\/wp-json\/wp\/v2\/types\/post"}],"author":[{"embeddable":true,"href":"https:\/\/www.macquero.com\/en\/wp-json\/wp\/v2\/users\/2"}],"replies":[{"embeddable":true,"href":"https:\/\/www.macquero.com\/en\/wp-json\/wp\/v2\/comments?post=23498"}],"version-history":[{"count":1,"href":"https:\/\/www.macquero.com\/en\/wp-json\/wp\/v2\/posts\/23498\/revisions"}],"predecessor-version":[{"id":23499,"href":"https:\/\/www.macquero.com\/en\/wp-json\/wp\/v2\/posts\/23498\/revisions\/23499"}],"wp:featuredmedia":[{"embeddable":true,"href":"https:\/\/www.macquero.com\/en\/wp-json\/wp\/v2\/media\/23500"}],"wp:attachment":[{"href":"https:\/\/www.macquero.com\/en\/wp-json\/wp\/v2\/media?parent=23498"}],"wp:term":[{"taxonomy":"category","embeddable":true,"href":"https:\/\/www.macquero.com\/en\/wp-json\/wp\/v2\/categories?post=23498"},{"taxonomy":"post_tag","embeddable":true,"href":"https:\/\/www.macquero.com\/en\/wp-json\/wp\/v2\/tags?post=23498"}],"curies":[{"name":"wp","href":"https:\/\/api.w.org\/{rel}","templated":true}]}}