{"id":23443,"date":"2025-07-13T12:04:05","date_gmt":"2025-07-13T18:04:05","guid":{"rendered":"https:\/\/www.macquero.com\/?p=23443"},"modified":"2025-07-13T12:04:09","modified_gmt":"2025-07-13T18:04:09","slug":"el-muro-negro-atrapados-sin-salida-thriller-psicologico-y-misterio-disponible-en-netflix","status":"publish","type":"post","link":"https:\/\/www.macquero.com\/en\/2025\/07\/el-muro-negro-atrapados-sin-salida-thriller-psicologico-y-misterio-disponible-en-netflix\/","title":{"rendered":"\u201cEl muro negro: atrapados sin salida\u201d &#8211; Thriller psicol\u00f3gico y misterio. Disponible en Netflix."},"content":{"rendered":"<h2 class=\"wp-block-heading\"><strong>&#x1f3ac; G\u00e9nero y contexto<\/strong><\/h2>\n\n\n\n<p><strong>El muro negro<\/strong> (t\u00edtulo original: <em>Brick<\/em>) es una pel\u00edcula alemana de <strong>misterio<\/strong>, <strong>thriller psicol\u00f3gico<\/strong> y <strong>ciencia ficci\u00f3n<\/strong>, con una fuerte carga de <strong>tensi\u00f3n y claustrofobia<\/strong>. La historia se centra exclusivamente en un entorno cerrado \u2014un edificio de apartamentos\u2014 lo que realza la sensaci\u00f3n de encarcelamiento colectivo.<\/p>\n\n\n\n<hr class=\"wp-block-separator has-alpha-channel-opacity\"\/>\n\n\n\n<h2 class=\"wp-block-heading\"><strong>&#x1f4d6; Sinopsis<\/strong><\/h2>\n\n\n\n<p>Tim (<strong>Matthias Schweigh\u00f6fer<\/strong>) y Olivia (<a href=\"https:\/\/www.instagram.com\/rubyofee\" data-type=\"link\" data-id=\"https:\/\/www.instagram.com\/rubyofee\" target=\"_blank\" rel=\"noreferrer noopener\">Ruby O. Fee<\/a>) son una pareja que atraviesa un momento dif\u00edcil: han perdido un embarazo y est\u00e1n en un punto de tensi\u00f3n personal. Cuando esto parece llegar a un cl\u00edmax, de la noche a la ma\u00f1ana un <strong>muro de ladrillos negros<\/strong> aparece misteriosamente alrededor de su departamento y en torno a todo el edificio, bloqueando de forma impenetrable todas las salidas \u2014incluidas puertas, ventanas y conexi\u00f3n con el exterior\u2014. No hay se\u00f1al telef\u00f3nica, internet ni acceso a agua, y el encierro resulta absoluto.<\/p>\n\n\n\n<p>Consciente de que deben actuar, deciden romper una secci\u00f3n de pared para acceder al departamento contiguo, descubriendo que otros vecinos tambi\u00e9n est\u00e1n atrapados. El grupo, compuesto por diversas personalidades, se enfrenta a un dilema: \u00bfes esto un experimento, un castigo, un ataque o algo m\u00e1s siniestro? Se organizan para investigar las causas y descubren que el edificio podr\u00eda tener acceso al s\u00f3tano y a una estaci\u00f3n de metro, pero incluso esas rutas han sido bloqueadas.<\/p>\n\n\n\n<p>Conforme avanzan por pasillos y escaleras, los vecinos van muriendo uno a uno, y la presi\u00f3n por escapar y sobrevivir se intensifica. El ambiente se enrarece: la convivencia se plantea como uno de los principales desaf\u00edos, ya que los roces emocionales, las teor\u00edas conspirativas y la desesperaci\u00f3n llevan a conflictos internos. El encierro f\u00edsico se convierte en met\u00e1fora de las <strong>prisiones mentales<\/strong> y emocionales que viven, especialmente Tim y Olivia.<\/p>\n\n\n\n<hr class=\"wp-block-separator has-alpha-channel-opacity\"\/>\n\n\n\n<h2 class=\"wp-block-heading\">Narrativa<strong>&nbsp;<\/strong><\/h2>\n\n\n\n<h3 class=\"wp-block-heading\"><strong>Suspenso sostenido<\/strong><\/h3>\n\n\n\n<p>La pel\u00edcula mantiene el misterio durante casi todo su metraje \u201499 minutos en total\u2014 sin revelar de inmediato el origen de la pared ni su posible cura. La atm\u00f3sfera claustrof\u00f3bica y la incertidumbre son constantes.<\/p>\n\n\n\n<h3 class=\"wp-block-heading\"><strong>Thriller de bajo presupuesto con gran creatividad<\/strong><\/h3>\n\n\n\n<p>Aunque transcurre en pocos espacios, la historia logra generar tensi\u00f3n con recursos limitados: sonidos intensos, espacios cerrados y personajes enfrentados a situaciones extremas. Algunos cr\u00edticos lo comparan con \u201cCube\u201d o \u201cEl hoyo\u201d, pel\u00edculas que exploran los dilemas humanos en lugares confinados.<\/p>\n\n\n\n<h3 class=\"wp-block-heading\"><strong>Dimensi\u00f3n emocional y social<\/strong><\/h3>\n\n\n\n<p>M\u00e1s que una simple conspiraci\u00f3n, la pel\u00edcula explora la psiquis de quienes est\u00e1n atrapados: resentimientos, traumas y miedos estallan en situaciones l\u00edmite. La pared se convierte en una met\u00e1fora del aislamiento emocional de los personajes, del encierro individual y colectivo.<\/p>\n\n\n\n<hr class=\"wp-block-separator has-alpha-channel-opacity\"\/>\n\n\n\n<h2 class=\"wp-block-heading\"><strong>En resumen<\/strong><\/h2>\n\n\n\n<ul class=\"wp-block-list\">\n<li><strong>Duraci\u00f3n:<\/strong> 99 minutos aproximadamente.<\/li>\n\n\n\n<li><strong>Elenco principal:<\/strong> Matthias Schweigh\u00f6fer (Tim), Ruby O. Fee (Olivia), Frederick Lau y otros vecinos.<\/li>\n\n\n\n<li><strong>G\u00e9nero:<\/strong> thriller psicol\u00f3gico, misterio, ciencia ficci\u00f3n y claustrofobia alemana.<\/li>\n\n\n\n<li><strong>Lo que ofrece:<\/strong> tensi\u00f3n constante, reflexiones sobre el aislamiento emocional y social, un misterio central con resoluci\u00f3n cient\u00edfica; ritmo sostenido con un crescendo emocional importante.<\/li>\n<\/ul>\n\n\n\n<hr class=\"wp-block-separator has-alpha-channel-opacity\"\/>\n\n\n\n<h2 class=\"wp-block-heading\"><strong>\u00bfPor qu\u00e9 verla?<\/strong><\/h2>\n\n\n\n<ul class=\"wp-block-list\">\n<li>Si disfrutas del suspenso y de la atm\u00f3sfera opresiva al estilo de <strong>\u201cCube\u201d<\/strong> o <strong>\u201cEl hoyo\u201d<\/strong>, lo encontrar\u00e1s adictivo.<\/li>\n<\/ul>\n\n\n\n<p>Calificaci\u00f3n: &#x2b50;&#x2b50;&#x2b50;&#x2b50;<\/p>","protected":false},"excerpt":{"rendered":"<p>&#x1f3ac; G\u00e9nero y contexto El muro negro (t\u00edtulo original: Brick) es una pel\u00edcula alemana de misterio, thriller psicol\u00f3gico y ciencia ficci\u00f3n, con una fuerte carga de tensi\u00f3n y claustrofobia. La historia se centra exclusivamente en un entorno cerrado \u2014un edificio de apartamentos\u2014 lo que realza la sensaci\u00f3n de encarcelamiento colectivo. &#x1f4d6; Sinopsis Tim (Matthias Schweigh\u00f6fer) &hellip;<\/p>","protected":false},"author":2,"featured_media":23455,"comment_status":"closed","ping_status":"open","sticky":false,"template":"","format":"standard","meta":{"jetpack_post_was_ever_published":false,"_jetpack_newsletter_access":"","_jetpack_dont_email_post_to_subs":false,"_jetpack_newsletter_tier_id":0,"_jetpack_memberships_contains_paywalled_content":false,"_jetpack_memberships_contains_paid_content":false,"footnotes":"","jetpack_publicize_message":"","jetpack_publicize_feature_enabled":true,"jetpack_social_post_already_shared":true,"jetpack_social_options":{"image_generator_settings":{"template":"highway","default_image_id":0,"font":"","enabled":false},"version":2}},"categories":[766],"tags":[500,832],"class_list":["post-23443","post","type-post","status-publish","format-standard","has-post-thumbnail","hentry","category-cine-netflix","tag-misterio","tag-thriller-psicologico"],"jetpack_publicize_connections":[],"jetpack_featured_media_url":"https:\/\/www.macquero.com\/wp-content\/uploads\/2025\/07\/1-5.jpg","jetpack_sharing_enabled":true,"_links":{"self":[{"href":"https:\/\/www.macquero.com\/en\/wp-json\/wp\/v2\/posts\/23443","targetHints":{"allow":["GET"]}}],"collection":[{"href":"https:\/\/www.macquero.com\/en\/wp-json\/wp\/v2\/posts"}],"about":[{"href":"https:\/\/www.macquero.com\/en\/wp-json\/wp\/v2\/types\/post"}],"author":[{"embeddable":true,"href":"https:\/\/www.macquero.com\/en\/wp-json\/wp\/v2\/users\/2"}],"replies":[{"embeddable":true,"href":"https:\/\/www.macquero.com\/en\/wp-json\/wp\/v2\/comments?post=23443"}],"version-history":[{"count":4,"href":"https:\/\/www.macquero.com\/en\/wp-json\/wp\/v2\/posts\/23443\/revisions"}],"predecessor-version":[{"id":23456,"href":"https:\/\/www.macquero.com\/en\/wp-json\/wp\/v2\/posts\/23443\/revisions\/23456"}],"wp:featuredmedia":[{"embeddable":true,"href":"https:\/\/www.macquero.com\/en\/wp-json\/wp\/v2\/media\/23455"}],"wp:attachment":[{"href":"https:\/\/www.macquero.com\/en\/wp-json\/wp\/v2\/media?parent=23443"}],"wp:term":[{"taxonomy":"category","embeddable":true,"href":"https:\/\/www.macquero.com\/en\/wp-json\/wp\/v2\/categories?post=23443"},{"taxonomy":"post_tag","embeddable":true,"href":"https:\/\/www.macquero.com\/en\/wp-json\/wp\/v2\/tags?post=23443"}],"curies":[{"name":"wp","href":"https:\/\/api.w.org\/{rel}","templated":true}]}}