{"id":23424,"date":"2025-07-11T07:41:24","date_gmt":"2025-07-11T13:41:24","guid":{"rendered":"https:\/\/www.macquero.com\/?p=23424"},"modified":"2025-07-16T08:52:56","modified_gmt":"2025-07-16T14:52:56","slug":"karate-kid-leyendas-viejas-ensenanzas-nuevas-leyendas-miralo-en-apple-tv","status":"publish","type":"post","link":"https:\/\/www.macquero.com\/en\/2025\/07\/karate-kid-leyendas-viejas-ensenanzas-nuevas-leyendas-miralo-en-apple-tv\/","title":{"rendered":"\u00a0\u201cKarate Kid: Leyendas \u2014 Viejas ense\u00f1anzas, nuevas leyendas. M\u00edralo en Apple TV\u201d"},"content":{"rendered":"<h2 class=\"wp-block-heading\">Palabras iniciales<\/h2>\n\n\n\n<p>Superar una leyenda como la primera pel\u00edcula de Karate Kid parec\u00eda imposible. <\/p>\n\n\n\n<p>Hoy, 11 de julio de 2025, han pasado m\u00e1s de 40 a\u00f1os desde aquel inolvidable estreno de 1984 que marc\u00f3 a toda una generaci\u00f3n. Y, sin embargo, puedo decir con total emoci\u00f3n que Karate Kid: Leyendas, logra revivir esa magia y, al mismo tiempo, traerla al presente con fuerza renovada.<\/p>\n\n\n\n<p>Esta no es solo una pel\u00edcula, <strong>es un homenaje vivo al esp\u00edritu que nos ense\u00f1\u00f3 a nunca rendirnos.<\/strong> Para m\u00ed, es la mejor versi\u00f3n de <strong>Karate Kid que podemos disfrutar hoy.<\/strong><\/p>\n\n\n\n<hr class=\"wp-block-separator has-alpha-channel-opacity\"\/>\n\n\n\n<h2 class=\"wp-block-heading\">Trama<\/h2>\n\n\n\n<p><em>Karate Kid: Leyendas<\/em> nos invita a un viaje donde pasado y futuro se encuentran, uniendo a viejos maestros y a una nueva generaci\u00f3n de luchadores dispuestos a escribir su propia historia.<\/p>\n\n\n\n<p>Cuando un joven con un esp\u00edritu indomable y un pasado complicado busca un nuevo comienzo, dos legendarios senseis \u2014Daniel LaRusso y el Sr. Han\u2014 deciden unir fuerzas para guiarlo. Junto a ellos, nuevos personajes aportan frescura, coraz\u00f3n y desaf\u00edos que pondr\u00e1n a prueba la verdadera esencia del karate: no solo como un arte marcial, sino como un camino de vida.<\/p>\n\n\n\n<hr class=\"wp-block-separator has-alpha-channel-opacity\"\/>\n\n\n\n<h2 class=\"wp-block-heading\">Opini\u00f3n <\/h2>\n\n\n\n<p><strong>Karate Kid: Leyendas<\/strong> es mucho m\u00e1s que una simple continuaci\u00f3n de la franquicia que conquist\u00f3 al mundo en 1984; es un homenaje sentido y poderoso al legado que Daniel LaRusso, el Sr. Miyagi y el arte del karate dejaron grabado en la memoria colectiva. Esta nueva entrega, disponible exclusivamente en Apple TV, ofrece a los fan\u00e1ticos antiguos y nuevos una experiencia cinematogr\u00e1fica emocionante, llena de coraz\u00f3n y de momentos que conectan con la esencia original, pero tambi\u00e9n con la energ\u00eda de las nuevas generaciones.<\/p>\n\n\n\n<p>Han pasado m\u00e1s de cuatro d\u00e9cadas desde que vimos por primera vez a un joven Daniel aprender a \u201cpulir y encerar\u201d, enfrentando sus miedos y encontrando la fuerza interior gracias a las ense\u00f1anzas del sabio Sr. Miyagi. Ahora, <em>Karate Kid: Leyendas<\/em> retoma ese esp\u00edritu, explorando el legado del karate como un camino de vida, no solo como una t\u00e9cnica de defensa personal. La pel\u00edcula se centra en transmitir los valores de disciplina, respeto y perseverancia, actualiz\u00e1ndolos para un mundo moderno y diverso.<\/p>\n\n\n\n<p>Desde el primer momento, la cinta logra despertar una profunda nostalgia. Los gui\u00f1os y referencias al pasado est\u00e1n presentes, pero no se sienten forzados; son tributos delicados y bien integrados que honran la historia sin depender de ella. Al mismo tiempo, el film se atreve a mirar hacia adelante, presentando nuevos personajes, j\u00f3venes luchadores que representan el futuro del dojo y la evoluci\u00f3n del karate como filosof\u00eda.<\/p>\n\n\n\n<hr class=\"wp-block-separator has-alpha-channel-opacity\"\/>\n\n\n\n<h2 class=\"wp-block-heading\">Fotograf\u00eda, producci\u00f3n, locaciones<\/h2>\n\n\n\n<p>Visualmente, la pel\u00edcula es una delicia. La fotograf\u00eda logra capturar tanto la intimidad de los entrenamientos como la espectacularidad de las peleas. La direcci\u00f3n apuesta por un tono aut\u00e9ntico y cercano, evitando el exceso de efectos y manteniendo el foco en el desarrollo emocional de los personajes. La m\u00fasica, por su parte, combina melod\u00edas cl\u00e1sicas que remiten a la saga original con arreglos modernos que aportan frescura y energ\u00eda.<\/p>\n\n\n\n<p>Una de las grandes virtudes de <em>Karate Kid: Leyendas<\/em> es su capacidad para emocionar sin recurrir a la nostalgia vac\u00eda. Los espectadores encontrar\u00e1n una historia sobre el crecimiento personal, el poder de la comunidad y el legado que dejamos en los dem\u00e1s. Es una invitaci\u00f3n a mirar atr\u00e1s con cari\u00f1o, pero tambi\u00e9n a atreverse a crear nuevas tradiciones y enfrentar los retos con el mismo esp\u00edritu guerrero que el Sr. Miyagi nos ense\u00f1\u00f3.<\/p>\n\n\n\n<hr class=\"wp-block-separator has-alpha-channel-opacity\"\/>\n\n\n\n<h2 class=\"wp-block-heading\">Reparto<\/h2>\n\n\n\n<p>&#x2705; <strong><a href=\"https:\/\/www.instagram.com\/ralph_macchio\/\" data-type=\"link\" data-id=\"https:\/\/www.instagram.com\/ralph_macchio\/\" target=\"_blank\" rel=\"noreferrer noopener\">Ralph Macchio<\/a><\/strong> \u2014 <em>Daniel LaRusso<\/em><\/p>\n\n\n\n<p>El coraz\u00f3n de la saga regresa. Ralph Macchio, quien dio vida al inolvidable Daniel en 1984, vuelve para demostrar que la filosof\u00eda de Miyagi sigue viva. En esta entrega, su personaje ha evolucionado, convirti\u00e9ndose en un mentor sabio y reflexivo, lleno de matices y cargado de nostalgia.<\/p>\n\n\n\n<p>&#x2705; <strong><a href=\"https:\/\/www.instagram.com\/jackiechan\/\" data-type=\"link\" data-id=\"https:\/\/www.instagram.com\/jackiechan\/\" target=\"_blank\" rel=\"noreferrer noopener\">Jackie Chan<\/a><\/strong> \u2014 <em>Sr. Han<\/em><\/p>\n\n\n\n<p>Una de las grandes sorpresas y atractivos. Jackie Chan retoma su papel de mentor que vimos en el <em>Karate Kid<\/em> de 2010. Su estilo \u00fanico combina humor, ternura y fuerza, y le da al personaje un toque c\u00e1lido que conquista desde el primer momento. Verlo junto a Macchio es un aut\u00e9ntico regalo para los fans.<\/p>\n\n\n\n<p>&#x2705; <strong><a href=\"https:\/\/www.instagram.com\/definitelynotbenwang\/\" data-type=\"link\" data-id=\"https:\/\/www.instagram.com\/definitelynotbenwang\/\" target=\"_blank\" rel=\"noreferrer noopener\">Ben Wang<\/a><\/strong> \u2014 <em>Li<\/em><\/p>\n\n\n\n<p>Ben Wang representa la nueva generaci\u00f3n. Interpreta a un joven luchador con una historia personal llena de retos y sue\u00f1os, que conecta profundamente con el p\u00fablico joven y le inyecta frescura y emoci\u00f3n a la pel\u00edcula. Su energ\u00eda y carisma hacen que sea imposible no empatizar con \u00e9l.<\/p>\n\n\n\n<p>&#x2705; <strong><a href=\"https:\/\/www.instagram.com\/vancityjax\" data-type=\"link\" data-id=\"https:\/\/www.instagram.com\/vancityjax\" target=\"_blank\" rel=\"noreferrer noopener\">Joshua Jackson<\/a><\/strong><\/p>\n\n\n\n<p>Su papel se mantuvo en secreto durante la promoci\u00f3n para evitar spoilers, pero su interpretaci\u00f3n resulta clave en la nueva trama, aportando intensidad, carisma y un giro inesperado que enriquece la historia.<\/p>\n\n\n\n<p>&#x2705; <strong><a href=\"https:\/\/www.instagram.com\/sadieastanley\/\" data-type=\"link\" data-id=\"https:\/\/www.instagram.com\/sadieastanley\/\" target=\"_blank\" rel=\"noreferrer noopener\">Sadie Stanley<\/a><\/strong><\/p>\n\n\n\n<p>Joven actriz conocida por su papel en <em>Kim Possible<\/em>, se suma al elenco para dar vida a un personaje fuerte, decidido y con mucho coraz\u00f3n.<\/p>\n\n\n\n<p>&#x2705; <strong><a href=\"https:\/\/www.instagram.com\/mingna_wen\/\" data-type=\"link\" data-id=\"https:\/\/www.instagram.com\/mingna_wen\/\" target=\"_blank\" rel=\"noreferrer noopener\">Ming-Na Wen<\/a><\/strong><\/p>\n\n\n\n<p>La veterana actriz aporta sabidur\u00eda y presencia, interpretando un papel de gran peso emocional en la historia.<\/p>\n\n\n\n<p>&#x2705; <strong>Cameos y apariciones sorpresa<\/strong><\/p>\n\n\n\n<h2 class=\"wp-block-heading\">Algunas palabras adicionales:<\/h2>\n\n\n\n<p>La pel\u00edcula cuenta con apariciones especiales que emocionar\u00e1n a los fans de toda la vida. <\/p>\n\n\n\n<p><strong>Ralph Macchio<\/strong> regresa como Daniel LaRusso, demostrando que el paso del tiempo solo ha fortalecido su carisma y profundidad. Su interpretaci\u00f3n transmite madurez y nostalgia al mismo tiempo, record\u00e1ndonos al joven aprendiz que se convirti\u00f3 en s\u00edmbolo de perseverancia.<\/p>\n\n\n\n<p>Junto a \u00e9l, se incorpora <strong>Jackie Chan<\/strong>, quien aporta sabidur\u00eda, humor y una calidez contagiosa. Chan interpreta a un mentor con una filosof\u00eda muy cercana a la de Mr. Miyagi, pero con su propio estilo inconfundible, sumando una dimensi\u00f3n fresca y emocionante al legado. <\/p>\n\n\n\n<h2 class=\"wp-block-heading\">Ver a Macchio y Chan compartir pantalla es, para muchos, un sue\u00f1o cumplido que se convierte en uno de los mayores regalos de esta entrega.<\/h2>\n\n\n\n<p><strong>La aparici\u00f3n de Johnny, breve pero memorable, interpretado por <a href=\"https:\/\/www.instagram.com\/william_zabka\/\" data-type=\"link\" data-id=\"https:\/\/www.instagram.com\/william_zabka\/\" target=\"_blank\" rel=\"noreferrer noopener\">William Zabka<\/a>, aporta una energ\u00eda \u00fanica y un carisma inconfundible. Su regreso, aunque corto, conecta de inmediato con el coraz\u00f3n de los fans de Cobra Kai y revive la esencia rebelde y entra\u00f1able de su personaje.<\/strong><\/p>\n\n\n\n<hr class=\"wp-block-separator has-alpha-channel-opacity\"\/>\n\n\n\n<h2 class=\"wp-block-heading\">Recepci\u00f3n<\/h2>\n\n\n\n<p>Muchos comentan que la historia no se parece a la primera pel\u00edcula, pero justamente de eso se trata: de atreverse a contar nuevas historias y evolucionar el legado. Desde mi punto de vista, Karate Kid: Leyendas se divide <strong>en dos grandes partes<\/strong> que se conectan de forma natural y emocionante.<\/p>\n\n\n\n<p>La primera parte, protagonizada principalmente por <strong>Joshua Jackson y Sadie Stanley,<\/strong> aporta frescura y una nueva energ\u00eda al universo Karate Kid. Su din\u00e1mica introduce conflictos y emociones modernas que seguro te atrapar\u00e1n desde el principio. Estoy seguro de que, despu\u00e9s de verla, estar\u00e1s de acuerdo conmigo en que esta nueva mirada enriquece la saga.<\/p>\n\n\n\n<p>La segunda parte es, sin duda, un regalo para los fans de siempre: cuando <strong>Ralph Macchio y Jackie Chan <\/strong>se unen para entrenar al joven interpretado por <strong>Ben Wang. <\/strong>Cada escena de entrenamiento est\u00e1 llena de detalles que reflejan el estilo \u00fanico de cada sensei, evocando recuerdos de las pel\u00edculas cl\u00e1sicas y de la serie Cobra Kai. Se siente la pasi\u00f3n, la disciplina y el legado en cada movimiento, como un puente que une generaciones y mantiene vivo el esp\u00edritu original.<\/p>\n\n\n\n<blockquote class=\"wp-block-quote is-layout-flow wp-block-quote-is-layout-flow\">\n<p><strong>En definitiva, esta pel\u00edcula no busca repetir la misma historia, sino honrarla y al mismo tiempo abrir nuevos caminos. Y lo logra con coraz\u00f3n, respeto y mucha emoci\u00f3n.<\/strong><\/p>\n<\/blockquote>\n\n\n\n<hr class=\"wp-block-separator has-alpha-channel-opacity\"\/>\n\n\n\n<blockquote class=\"wp-block-quote is-layout-flow wp-block-quote-is-layout-flow\">\n<p><strong>Altamente recomendada. Una historia que deja abierta la puerta a una nueva era de grandes historias que podr\u00edan conquistar a\u00fan m\u00e1s generaciones. <\/strong><\/p>\n<\/blockquote>\n\n\n\n<p><strong>Para cerrar, los dejo con una frase que resume la esencia de esta leyenda: \u201cDos ramas, un solo \u00e1rbol.\u201d Porque al final, aunque el camino se divida, la ra\u00edz es la misma, y el esp\u00edritu del guerrero siempre encuentra la forma de renacer<\/strong>.<\/p>\n\n\n\n<p>Karate Kid: Leyendas \u00fanicamente en la tienda americana de <a href=\"https:\/\/tv.apple.com\/us\/movie\/karate-kid-leyendas\/umc.cmc.7ks2iw2xij2io3kyfye3cw8xp?l=es\" data-type=\"link\" data-id=\"https:\/\/tv.apple.com\/us\/movie\/karate-kid-leyendas\/umc.cmc.7ks2iw2xij2io3kyfye3cw8xp?l=es\">Apple TV<\/a>.<\/p>\n\n\n\n<p>Calificaci\u00f3n: &#x2b50;&#x2b50;&#x2b50;&#x2b50;&#x2b50;<\/p>","protected":false},"excerpt":{"rendered":"<p>Palabras iniciales Superar una leyenda como la primera pel\u00edcula de Karate Kid parec\u00eda imposible. Hoy, 11 de julio de 2025, han pasado m\u00e1s de 40 a\u00f1os desde aquel inolvidable estreno de 1984 que marc\u00f3 a toda una generaci\u00f3n. Y, sin embargo, puedo decir con total emoci\u00f3n que Karate Kid: Leyendas, logra revivir esa magia y, &hellip;<\/p>","protected":false},"author":2,"featured_media":23438,"comment_status":"closed","ping_status":"open","sticky":false,"template":"","format":"standard","meta":{"jetpack_post_was_ever_published":false,"_jetpack_newsletter_access":"","_jetpack_dont_email_post_to_subs":false,"_jetpack_newsletter_tier_id":0,"_jetpack_memberships_contains_paywalled_content":false,"_jetpack_memberships_contains_paid_content":false,"footnotes":"","jetpack_publicize_message":"","jetpack_publicize_feature_enabled":true,"jetpack_social_post_already_shared":true,"jetpack_social_options":{"image_generator_settings":{"template":"highway","default_image_id":0,"font":"","enabled":false},"version":2}},"categories":[687,5,596,686,1244,1023],"tags":[1567],"class_list":["post-23424","post","type-post","status-publish","format-standard","has-post-thumbnail","hentry","category-accion-y-aventura","category-apple","category-apple-tv","category-para-toda-la-familia","category-recomendada","category-tv","tag-karateforever"],"jetpack_publicize_connections":[],"jetpack_featured_media_url":"https:\/\/www.macquero.com\/wp-content\/uploads\/2025\/07\/3-1.jpg","jetpack_sharing_enabled":true,"_links":{"self":[{"href":"https:\/\/www.macquero.com\/en\/wp-json\/wp\/v2\/posts\/23424","targetHints":{"allow":["GET"]}}],"collection":[{"href":"https:\/\/www.macquero.com\/en\/wp-json\/wp\/v2\/posts"}],"about":[{"href":"https:\/\/www.macquero.com\/en\/wp-json\/wp\/v2\/types\/post"}],"author":[{"embeddable":true,"href":"https:\/\/www.macquero.com\/en\/wp-json\/wp\/v2\/users\/2"}],"replies":[{"embeddable":true,"href":"https:\/\/www.macquero.com\/en\/wp-json\/wp\/v2\/comments?post=23424"}],"version-history":[{"count":13,"href":"https:\/\/www.macquero.com\/en\/wp-json\/wp\/v2\/posts\/23424\/revisions"}],"predecessor-version":[{"id":23481,"href":"https:\/\/www.macquero.com\/en\/wp-json\/wp\/v2\/posts\/23424\/revisions\/23481"}],"wp:featuredmedia":[{"embeddable":true,"href":"https:\/\/www.macquero.com\/en\/wp-json\/wp\/v2\/media\/23438"}],"wp:attachment":[{"href":"https:\/\/www.macquero.com\/en\/wp-json\/wp\/v2\/media?parent=23424"}],"wp:term":[{"taxonomy":"category","embeddable":true,"href":"https:\/\/www.macquero.com\/en\/wp-json\/wp\/v2\/categories?post=23424"},{"taxonomy":"post_tag","embeddable":true,"href":"https:\/\/www.macquero.com\/en\/wp-json\/wp\/v2\/tags?post=23424"}],"curies":[{"name":"wp","href":"https:\/\/api.w.org\/{rel}","templated":true}]}}