{"id":23377,"date":"2025-07-08T23:41:27","date_gmt":"2025-07-09T05:41:27","guid":{"rendered":"https:\/\/www.macquero.com\/?p=23377"},"modified":"2025-07-09T00:02:40","modified_gmt":"2025-07-09T06:02:40","slug":"entre-limitaciones-y-esperanza-mi-regreso-al-desarrollo-sin-barreras","status":"publish","type":"post","link":"https:\/\/www.macquero.com\/en\/2025\/07\/entre-limitaciones-y-esperanza-mi-regreso-al-desarrollo-sin-barreras\/","title":{"rendered":"Entre limitaciones y esperanza: mi regreso al desarrollo sin barreras"},"content":{"rendered":"<p>Llevo a\u00f1os dedicado al desarrollo web, y aunque siempre he sido un entusiasta de la tecnolog\u00eda, he mantenido una visi\u00f3n cr\u00edtica y exigente respecto a las herramientas que utilizo para crear. <\/p>\n\n\n\n<p>Entre la incertidumbre y la desesperaci\u00f3n, surgi\u00f3 la posibilidad de adquirir un equipo con arquitectura Apple Silicon, mucho m\u00e1s eficiente y optimizado para flujos de trabajo modernos. Mi amigo Gilberto me recomend\u00f3 con firmeza no considerar equipos con procesador Intel, aunque resultaran m\u00e1s econ\u00f3micos o fueran de segunda mano, debido a sus limitaciones de rendimiento y compatibilidad con nuevas tecnolog\u00edas. Decid\u00ed esperar un poco m\u00e1s para tomar la mejor decisi\u00f3n y, finalmente, logr\u00e9 adquirir el equipo en <a href=\"https:\/\/www.instagram.com\/appleplanet.ve\" data-type=\"link\" data-id=\"https:\/\/www.instagram.com\/appleplanet.ve\" target=\"_blank\" rel=\"noreferrer noopener\">Apple Planet<\/a>, asegurando as\u00ed mayor potencia, eficiencia energ\u00e9tica y compatibilidad a largo plazo.<\/p>\n\n\n\n<h2 class=\"wp-block-heading\">Palabras finales<\/h2>\n\n\n\n<p>No les mentir\u00e9: estuve literalmente atrapado en el pasado durante 13 largos a\u00f1os, sin posibilidad de adquirir un nuevo equipo que me permitiera evolucionar en el desarrollo web. Vivo en un pa\u00eds con una econom\u00eda compleja y m\u00faltiples desaf\u00edos sociales que, a\u00f1o tras a\u00f1o, me obligaron a postergar la actualizaci\u00f3n tecnol\u00f3gica y a priorizar otras necesidades m\u00e1s urgentes.<\/p>\n\n\n\n<p>Durante todo ese tiempo, trabaj\u00e9 con hardware limitado y un sistema operativo obsoleto, enfrentando constantes problemas de incompatibilidad y falta de soporte para nuevas herramientas y librer\u00edas. Esto redujo dr\u00e1sticamente mis posibilidades creativas y dificult\u00f3 mantenerme al d\u00eda con los est\u00e1ndares actuales de desarrollo.<\/p>\n\n\n\n<p>Hoy, gracias a <strong><strong>mi Mac mini con chip Apple M4<\/strong><\/strong>, puedo volver a trabajar con un entorno moderno, optimizado y compatible con las tecnolog\u00edas m\u00e1s recientes. Ahora dispongo de la potencia necesaria para ejecutar editores avanzados en wordpress como: <strong>Gutenberg<\/strong> y <strong>Elementor<\/strong>. Frameworks modernos y flujos de trabajo que antes simplemente no eran posibles.<\/p>\n\n\n\n<p>Puedo decir con total seguridad que esta actualizaci\u00f3n me devolvi\u00f3 vitalidad: recuper\u00e9 la motivaci\u00f3n y la capacidad t\u00e9cnica para desarrollar sin restricciones, optimizar proyectos con libertad y explorar nuevas oportunidades profesionales. S\u00e9 que existen cosas m\u00e1s importantes en la vida de cualquier persona, pero; para m\u00ed, volver al ecosistema Apple y a un entorno de trabajo de alto nivel representa un renacer t\u00e9cnico que jam\u00e1s imagin\u00e9 volver a experimentar.<\/p>\n\n\n\n<h2 class=\"wp-block-heading\">Agradecimientos<\/h2>\n\n\n\n<p>As\u00ed que, si debo expresar mi gratitud, sin duda es hacia aquellas personas que fueron clave en mi desarrollo profesional y t\u00e9cnico. En primer lugar, a mi amigo y colega Gilberto, quien no solo me brind\u00f3 la oportunidad de trabajar junto a \u00e9l, sino que tambi\u00e9n me form\u00f3 en entornos y flujos de trabajo completamente nuevos para m\u00ed. Gracias a su gu\u00eda, aprend\u00ed a gestionar proyectos en diferentes plataformas, optimizar procesos y adaptarme a est\u00e1ndares modernos de desarrollo. <\/p>\n\n\n\n<blockquote class=\"wp-block-quote is-layout-flow wp-block-quote-is-layout-flow\">\n<p>Ahora gestiono personalmente este blog, un proyecto que Gilberto Ruiz Rojina lider\u00f3 durante a\u00f1os. Me enorgullece continuar con lo que es el resultado directo de su visi\u00f3n y capacidad t\u00e9cnica.<\/p>\n<\/blockquote>\n\n\n\n<blockquote class=\"wp-block-quote is-layout-flow wp-block-quote-is-layout-flow\">\n<p>Gracias por impulsar mi crecimiento y darme el respaldo necesario para continuar esta aventura.<\/p>\n<\/blockquote>\n\n\n\n<hr class=\"wp-block-separator has-alpha-channel-opacity\"\/>\n\n\n\n<p>Asimismo, quiero agradecer profundamente a mi hermano mayor Armando Gallo. <\/p>\n\n\n\n<p>Fue gracias a su apoyo que pude adquirir <a href=\"https:\/\/www.macquero.com\/en\/2025\/05\/adquisicion-de-nueva-mac-mini-m4-un-nuevo-comienzo-agradecimientos-a-la-gente-de-apple-planet-en-caracas\/\" data-type=\"link\" data-id=\"https:\/\/www.macquero.com\/2025\/05\/adquisicion-de-nueva-mac-mini-m4-un-nuevo-comienzo-agradecimientos-a-la-gente-de-apple-planet-en-caracas\/\" target=\"_blank\" rel=\"noreferrer noopener\">mi nuevo equipo<\/a>, una herramienta esencial para actualizar mi entorno de trabajo y recuperar la capacidad de implementar tecnolog\u00edas y herramientas actuales. Su respaldo ha sido fundamental para evitar que me quedara rezagado tecnol\u00f3gicamente y poder seguir desarrollando proyectos con total libertad y eficiencia.<\/p>","protected":false},"excerpt":{"rendered":"<p>Llevo a\u00f1os dedicado al desarrollo web, y aunque siempre he sido un entusiasta de la tecnolog\u00eda, he mantenido una visi\u00f3n cr\u00edtica y exigente respecto a las herramientas que utilizo para crear. Entre la incertidumbre y la desesperaci\u00f3n, surgi\u00f3 la posibilidad de adquirir un equipo con arquitectura Apple Silicon, mucho m\u00e1s eficiente y optimizado para flujos &hellip;<\/p>","protected":false},"author":2,"featured_media":23404,"comment_status":"closed","ping_status":"open","sticky":false,"template":"","format":"standard","meta":{"jetpack_post_was_ever_published":false,"_jetpack_newsletter_access":"","_jetpack_dont_email_post_to_subs":false,"_jetpack_newsletter_tier_id":0,"_jetpack_memberships_contains_paywalled_content":false,"_jetpack_memberships_contains_paid_content":false,"footnotes":"","jetpack_publicize_message":"","jetpack_publicize_feature_enabled":true,"jetpack_social_post_already_shared":true,"jetpack_social_options":{"image_generator_settings":{"template":"highway","default_image_id":0,"font":"","enabled":false},"version":2}},"categories":[1469,1355],"tags":[1562,1563,1561,1564,1559,1560],"class_list":["post-23377","post","type-post","status-publish","format-standard","has-post-thumbnail","hentry","category-fanboy","category-off-topic","tag-apoyo-familiar","tag-gratitud","tag-historias-personales","tag-motivacion","tag-renacer-profesional","tag-superacion"],"jetpack_publicize_connections":[],"jetpack_featured_media_url":"https:\/\/www.macquero.com\/wp-content\/uploads\/2025\/07\/IMAGE-2025-07-09-022818.jpg","jetpack_sharing_enabled":true,"_links":{"self":[{"href":"https:\/\/www.macquero.com\/en\/wp-json\/wp\/v2\/posts\/23377","targetHints":{"allow":["GET"]}}],"collection":[{"href":"https:\/\/www.macquero.com\/en\/wp-json\/wp\/v2\/posts"}],"about":[{"href":"https:\/\/www.macquero.com\/en\/wp-json\/wp\/v2\/types\/post"}],"author":[{"embeddable":true,"href":"https:\/\/www.macquero.com\/en\/wp-json\/wp\/v2\/users\/2"}],"replies":[{"embeddable":true,"href":"https:\/\/www.macquero.com\/en\/wp-json\/wp\/v2\/comments?post=23377"}],"version-history":[{"count":8,"href":"https:\/\/www.macquero.com\/en\/wp-json\/wp\/v2\/posts\/23377\/revisions"}],"predecessor-version":[{"id":23411,"href":"https:\/\/www.macquero.com\/en\/wp-json\/wp\/v2\/posts\/23377\/revisions\/23411"}],"wp:featuredmedia":[{"embeddable":true,"href":"https:\/\/www.macquero.com\/en\/wp-json\/wp\/v2\/media\/23404"}],"wp:attachment":[{"href":"https:\/\/www.macquero.com\/en\/wp-json\/wp\/v2\/media?parent=23377"}],"wp:term":[{"taxonomy":"category","embeddable":true,"href":"https:\/\/www.macquero.com\/en\/wp-json\/wp\/v2\/categories?post=23377"},{"taxonomy":"post_tag","embeddable":true,"href":"https:\/\/www.macquero.com\/en\/wp-json\/wp\/v2\/tags?post=23377"}],"curies":[{"name":"wp","href":"https:\/\/api.w.org\/{rel}","templated":true}]}}