{"id":23256,"date":"2025-06-28T13:58:37","date_gmt":"2025-06-28T19:58:37","guid":{"rendered":"https:\/\/www.macquero.com\/?p=23256"},"modified":"2025-06-28T13:59:02","modified_gmt":"2025-06-28T19:59:02","slug":"humo-el-infierno-se-enciende-ya-disponible-en-apple-tv","status":"publish","type":"post","link":"https:\/\/www.macquero.com\/en\/2025\/06\/humo-el-infierno-se-enciende-ya-disponible-en-apple-tv\/","title":{"rendered":"\u201cHumo: El Infierno Se Enciende \u2014 Ya disponible en Apple TV+\u201d"},"content":{"rendered":"<p>La nueva serie Humo (titulada <em>Smoke<\/em> en ingl\u00e9s) de Apple\u202fTV+ irrumpe con fuerza este 27 de junio de 2025, combinando un thriller psicol\u00f3gico con un drama criminal basado en hechos reales. Creada por el galardonado escritor y productor Dennis Lehane, la historia nos sumerge en el siniestro mundo de los incendios provocados en una ciudad asolada por el fuego y el miedo.<\/p>\n\n\n\n<h3 class=\"wp-block-heading\"><strong>Sinopsis apasionante<\/strong><\/h3>\n\n\n\n<p>La trama sigue a <strong>Dave\u202fGudsen<\/strong> (interpretado por Taron Egerton), un investigador de incendios provocados con un pasado tormentoso, y a <strong>Michelle\u202fCalderone<\/strong> (Jurnee Smollett\u2011Bell), una tenaz detective de la polic\u00eda local. Ambos se ven obligados a dejar de lado sus recelos y egos para unir fuerzas ante una ola de incendios deliberados que terminaron en tragedia. Lo que comienza como una simple colaboraci\u00f3n pronto se convierte en un <strong>juego de secretos, sospechas y manipulaci\u00f3n<\/strong>, donde nada es lo que parece.<\/p>\n\n\n\n<h3 class=\"wp-block-heading\">I<strong>nspiraci\u00f3n real que estremece<\/strong><\/h3>\n\n\n\n<p>La serie toma inspiraci\u00f3n directa del caso real de <strong>John Leonard Orr<\/strong>, un investigador de incendios que, en un giro perturbador, result\u00f3 ser el responsable de numerosos incendios durante las d\u00e9cadas de 1980 y 1990 en California. En su hogar se descubri\u00f3 un manuscrito (la novela Points of Origin) con detalles sospechosamente coincidentes con incendios reales que s\u00f3lo el perpetrador conoc\u00eda. Este oscuro trasfondo aporta una carga emocional y una inquietud latente, record\u00e1ndonos que el caos puede esconderse detr\u00e1s de una placa de autoridad.<\/p>\n\n\n\n<h3 class=\"wp-block-heading\"><strong>\u00bfPor qu\u00e9 no despegar\u00e1s los ojos de la pantalla?<\/strong><\/h3>\n\n\n\n<ul class=\"wp-block-list\">\n<li><strong>Intensidad visual<\/strong>: Egerton y Smollett brillan en un universo visual donde los incendios fueron creados con <strong>efectos pr\u00e1cticos<\/strong>, dotando a las llamas de una urgencia y crudeza pocas veces vistas.<\/li>\n\n\n\n<li><strong>Psicolog\u00eda del villano<\/strong>: La serie ahonda en la mente del pir\u00f3mano, explorando sus motivaciones, traumas y la corrosiva influencia del poder y la obsesi\u00f3n.<\/li>\n\n\n\n<li><strong>Personajes con m\u00faltiples capas<\/strong>: Cada personaje, de protagonistas a secundarios como el jefe de polic\u00eda interpretado por Rafe Spall, est\u00e1 lleno de ambig\u00fcedad y sombras, lo que genera un tejido narrativo tenso y revelador.<\/li>\n\n\n\n<li><strong>Un estreno escalonado que engancha<\/strong>: Dos episodios disponibles de inmediato y despu\u00e9s uno por semana \u2013 ideal para discutir teor\u00edas, absorber detalles y dejar espacio a la reflexi\u00f3n despu\u00e9s de cada cap\u00edtulo.<\/li>\n<\/ul>\n\n\n\n<h3 class=\"wp-block-heading\"><strong>Elenco y equipo<\/strong><\/h3>\n\n\n\n<p>Encabezada por <strong>Taron Egerton<\/strong> y <strong>Jurnee Smollett\u2011Bell<\/strong>, la serie cuenta adem\u00e1s con figuras como <strong>Rafe Spall<\/strong>, <strong>Ntare Guma Mbaho Mwine<\/strong>, <strong>John Leguizamo<\/strong> y <strong>Greg Kinnear<\/strong>. Produce Apple\u202fStudios, con Dennis Lehane al hombro del guion y la producci\u00f3n ejecutiva, sumado a una s\u00f3lida direcci\u00f3n de <strong>Kari Skogland<\/strong>, <strong>Joe Chappelle<\/strong> y <strong>Jim McKay<\/strong>.<\/p>\n\n\n\n<p>Calificaci\u00f3n: &#x2b50;&#x2b50;<\/p>\n\n\n\n<p>Disponible con una suscripci\u00f3n de Apple <a href=\"https:\/\/tv.apple.com\/us\/show\/humo\/umc.cmc.4lplbt076d3um4tenis7k58e3?l=es\" data-type=\"link\" data-id=\"https:\/\/tv.apple.com\/us\/show\/humo\/umc.cmc.4lplbt076d3um4tenis7k58e3?l=es\" target=\"_blank\" rel=\"noreferrer noopener\">TV+<\/a> <\/p>\n\n\n\n<blockquote class=\"wp-block-quote is-layout-flow wp-block-quote-is-layout-flow\">\n<p><strong><strong>Va un poco lenta al principio, pero promete mucho<\/strong><\/strong>.<\/p>\n<\/blockquote>","protected":false},"excerpt":{"rendered":"<p>La nueva serie Humo (titulada Smoke en ingl\u00e9s) de Apple\u202fTV+ irrumpe con fuerza este 27 de junio de 2025, combinando un thriller psicol\u00f3gico con un drama criminal basado en hechos reales. Creada por el galardonado escritor y productor Dennis Lehane, la historia nos sumerge en el siniestro mundo de los incendios provocados en una ciudad &hellip;<\/p>","protected":false},"author":2,"featured_media":23273,"comment_status":"closed","ping_status":"open","sticky":false,"template":"","format":"standard","meta":{"jetpack_post_was_ever_published":false,"_jetpack_newsletter_access":"","_jetpack_dont_email_post_to_subs":false,"_jetpack_newsletter_tier_id":0,"_jetpack_memberships_contains_paywalled_content":false,"_jetpack_memberships_contains_paid_content":false,"footnotes":"","jetpack_publicize_message":"","jetpack_publicize_feature_enabled":true,"jetpack_social_post_already_shared":true,"jetpack_social_options":{"image_generator_settings":{"template":"highway","default_image_id":0,"font":"","enabled":false},"version":2}},"categories":[5,1243,1023],"tags":[579,832],"class_list":["post-23256","post","type-post","status-publish","format-standard","has-post-thumbnail","hentry","category-apple","category-series-originales","category-tv","tag-thriller","tag-thriller-psicologico"],"jetpack_publicize_connections":[],"jetpack_featured_media_url":"https:\/\/www.macquero.com\/wp-content\/uploads\/2025\/06\/humo.jpg","jetpack_sharing_enabled":true,"_links":{"self":[{"href":"https:\/\/www.macquero.com\/en\/wp-json\/wp\/v2\/posts\/23256","targetHints":{"allow":["GET"]}}],"collection":[{"href":"https:\/\/www.macquero.com\/en\/wp-json\/wp\/v2\/posts"}],"about":[{"href":"https:\/\/www.macquero.com\/en\/wp-json\/wp\/v2\/types\/post"}],"author":[{"embeddable":true,"href":"https:\/\/www.macquero.com\/en\/wp-json\/wp\/v2\/users\/2"}],"replies":[{"embeddable":true,"href":"https:\/\/www.macquero.com\/en\/wp-json\/wp\/v2\/comments?post=23256"}],"version-history":[{"count":10,"href":"https:\/\/www.macquero.com\/en\/wp-json\/wp\/v2\/posts\/23256\/revisions"}],"predecessor-version":[{"id":23275,"href":"https:\/\/www.macquero.com\/en\/wp-json\/wp\/v2\/posts\/23256\/revisions\/23275"}],"wp:featuredmedia":[{"embeddable":true,"href":"https:\/\/www.macquero.com\/en\/wp-json\/wp\/v2\/media\/23273"}],"wp:attachment":[{"href":"https:\/\/www.macquero.com\/en\/wp-json\/wp\/v2\/media?parent=23256"}],"wp:term":[{"taxonomy":"category","embeddable":true,"href":"https:\/\/www.macquero.com\/en\/wp-json\/wp\/v2\/categories?post=23256"},{"taxonomy":"post_tag","embeddable":true,"href":"https:\/\/www.macquero.com\/en\/wp-json\/wp\/v2\/tags?post=23256"}],"curies":[{"name":"wp","href":"https:\/\/api.w.org\/{rel}","templated":true}]}}