{"id":22847,"date":"2025-06-10T01:57:32","date_gmt":"2025-06-10T07:57:32","guid":{"rendered":"https:\/\/www.macquero.com\/?p=22847"},"modified":"2025-06-10T03:10:35","modified_gmt":"2025-06-10T09:10:35","slug":"mas-que-un-rediseno-asi-transformamos-nuestro-blog-para-la-era-apple-intelligence","status":"publish","type":"post","link":"https:\/\/www.macquero.com\/en\/2025\/06\/mas-que-un-rediseno-asi-transformamos-nuestro-blog-para-la-era-apple-intelligence\/","title":{"rendered":"M\u00e1s Que un Redise\u00f1o: As\u00ed Transformamos Nuestro Blog para la Era Apple Intelligence."},"content":{"rendered":"<h2 class=\"wp-block-heading\">\u00a1Nuestro Blog se Transforma! Bienvenidos a la Nueva Era<\/h2>\n\n\n\n<p>Estamos emocionados de anunciar un <strong>redise\u00f1o completo de nuestro blog<\/strong>, alineado con la visi\u00f3n de futuro que Apple nos ha presentado en la \u00faltima WWDC. Esta transformaci\u00f3n va m\u00e1s all\u00e1 de lo est\u00e9tico; es una evoluci\u00f3n que busca ofrecerte una experiencia de lectura m\u00e1s clara, atractiva y relevante.<\/p>\n\n\n\n<p>Hemos trabajado en varios frentes clave para lograrlo:<\/p>\n\n\n\n<h3 class=\"wp-block-heading\">Una Nueva Estructura y Contenido Renovado<\/h3>\n\n\n\n<p>Adoptamos una <strong>nomenclatura fresca y simplificada<\/strong> para nuestras publicaciones, eliminando categor\u00edas y publicaciones antiguas que ya no se ajustan a la realidad actual del sector tecnol\u00f3gico. Nuestro objetivo es brindarte contenido m\u00e1s enfocado y valioso, siempre a la vanguardia de las novedades de Apple.<\/p>\n\n\n\n<p>Adem\u00e1s, inauguramos una <strong>secci\u00f3n exclusiva de Keynote<\/strong>, donde podr\u00e1s explorar en profundidad las \u00faltimas versiones de los sistemas operativos y todas las noticias vinculadas directamente con los grandes anuncios de Apple. Queremos que esta secci\u00f3n sea tu referencia para revivir la emoci\u00f3n de cada presentaci\u00f3n.<\/p>\n\n\n\n<h3 class=\"wp-block-heading\">Mejoras Visuales y Compromiso con la Calidad<\/h3>\n\n\n\n<p>Sabemos que una experiencia de calidad tambi\u00e9n se construye con la imagen. Por ello, estamos <strong>renovando los colores y las etiquetas<\/strong> de nuestras publicaciones para brindarte una interfaz m\u00e1s moderna y agradable a la vista, facilitando la navegaci\u00f3n y la identificaci\u00f3n r\u00e1pida de los temas que m\u00e1s te interesan.<\/p>\n\n\n\n<p>Reconocemos que, en este momento, la secci\u00f3n puede parecer incompleta. Esto se debe a un largo per\u00edodo sin abordar las recientes innovaciones de Apple. No es lo mismo leer sobre estas novedades que experimentar y comprender su impacto real; como usuarios de Apple, sabemos que valoran esa conexi\u00f3n.<\/p>\n\n\n\n<p>Asimismo, hemos notado que algunas de nuestras gr\u00e1ficas actuales no cumplen con el est\u00e1ndar de calidad que deseamos ofrecer. Hemos estado explorando herramientas como <strong>Photopea<\/strong>, que, aunque \u00fatil y con principios b\u00e1sicos similares a Adobe Photoshop, no nos ha proporcionado la versatilidad ni la facilidad de uso que buscamos. Mi curva de aprendizaje con ella ha sido un desaf\u00edo. Por eso, nos comprometemos a <strong>mejorar todas nuestras im\u00e1genes utilizando Adobe Photoshop<\/strong> para asegurar la calidad visual que nuestros lectores merecen. Resolveremos esto con la calma y dedicaci\u00f3n que el proceso requiere.<\/p>\n\n\n\n<blockquote class=\"wp-block-quote is-layout-flow wp-block-quote-is-layout-flow\">\n<p>Este redise\u00f1o es un paso adelante para garantizar que nuestro blog siga siendo tu fuente de referencia para lo \u00faltimo en tecnolog\u00eda de Apple. \u00a1Esperamos que disfrutes de la nueva experiencia!<\/p>\n<\/blockquote>\n\n\n\n<p>\u00a1Estamos en plena transformaci\u00f3n! S\u00e9 que la experiencia de los primeros 15 d\u00edas con un nuevo Mac mini M4 es emocionante, pero tambi\u00e9n de adaptaci\u00f3n. Integrar la imagen de nuestro blog con la nueva nomenclatura y la visi\u00f3n de Apple es un proceso que lleva tiempo.<\/p>\n\n\n\n<p>Mientras inyectaremos contenido relevante, al mismo tiempo estamos puliendo cada segmento y secci\u00f3n del blog sobre la marcha. -Ya hemos implementado algunos cambios, y poco a poco, con el nuevo sistema de nombres, ver\u00e1s c\u00f3mo todo va encajando y mejorando.<\/p>\n\n\n\n<p>Gracias por tu paciencia mientras construimos la mejor experiencia para ti.<\/p>","protected":false},"excerpt":{"rendered":"<p>\u00a1Nuestro Blog se Transforma! Bienvenidos a la Nueva Era Estamos emocionados de anunciar un redise\u00f1o completo de nuestro blog, alineado con la visi\u00f3n de futuro que Apple nos ha presentado en la \u00faltima WWDC. Esta transformaci\u00f3n va m\u00e1s all\u00e1 de lo est\u00e9tico; es una evoluci\u00f3n que busca ofrecerte una experiencia de lectura m\u00e1s clara, atractiva &hellip;<\/p>","protected":false},"author":2,"featured_media":22848,"comment_status":"closed","ping_status":"open","sticky":false,"template":"","format":"standard","meta":{"jetpack_post_was_ever_published":false,"_jetpack_newsletter_access":"","_jetpack_dont_email_post_to_subs":false,"_jetpack_newsletter_tier_id":0,"_jetpack_memberships_contains_paywalled_content":false,"_jetpack_memberships_contains_paid_content":false,"footnotes":"","jetpack_publicize_message":"","jetpack_publicize_feature_enabled":true,"jetpack_social_post_already_shared":true,"jetpack_social_options":{"image_generator_settings":{"template":"highway","default_image_id":0,"font":"","enabled":false},"version":2}},"categories":[1469],"tags":[1471,1470,1464],"class_list":["post-22847","post","type-post","status-publish","format-standard","has-post-thumbnail","hentry","category-fanboy","tag-nueva-filosofia","tag-nuevas-secciones","tag-rediseno"],"jetpack_publicize_connections":[],"jetpack_featured_media_url":"https:\/\/www.macquero.com\/wp-content\/uploads\/2025\/06\/mac16.jpg","jetpack_sharing_enabled":true,"_links":{"self":[{"href":"https:\/\/www.macquero.com\/en\/wp-json\/wp\/v2\/posts\/22847","targetHints":{"allow":["GET"]}}],"collection":[{"href":"https:\/\/www.macquero.com\/en\/wp-json\/wp\/v2\/posts"}],"about":[{"href":"https:\/\/www.macquero.com\/en\/wp-json\/wp\/v2\/types\/post"}],"author":[{"embeddable":true,"href":"https:\/\/www.macquero.com\/en\/wp-json\/wp\/v2\/users\/2"}],"replies":[{"embeddable":true,"href":"https:\/\/www.macquero.com\/en\/wp-json\/wp\/v2\/comments?post=22847"}],"version-history":[{"count":1,"href":"https:\/\/www.macquero.com\/en\/wp-json\/wp\/v2\/posts\/22847\/revisions"}],"predecessor-version":[{"id":22849,"href":"https:\/\/www.macquero.com\/en\/wp-json\/wp\/v2\/posts\/22847\/revisions\/22849"}],"wp:featuredmedia":[{"embeddable":true,"href":"https:\/\/www.macquero.com\/en\/wp-json\/wp\/v2\/media\/22848"}],"wp:attachment":[{"href":"https:\/\/www.macquero.com\/en\/wp-json\/wp\/v2\/media?parent=22847"}],"wp:term":[{"taxonomy":"category","embeddable":true,"href":"https:\/\/www.macquero.com\/en\/wp-json\/wp\/v2\/categories?post=22847"},{"taxonomy":"post_tag","embeddable":true,"href":"https:\/\/www.macquero.com\/en\/wp-json\/wp\/v2\/tags?post=22847"}],"curies":[{"name":"wp","href":"https:\/\/api.w.org\/{rel}","templated":true}]}}