{"id":22738,"date":"2025-05-31T14:55:33","date_gmt":"2025-05-31T20:55:33","guid":{"rendered":"https:\/\/www.macquero.com\/?p=22738"},"modified":"2025-05-31T14:55:35","modified_gmt":"2025-05-31T20:55:35","slug":"la-viuda-negra-pelicula-espanola-de-crimen-disponible-en-netflix","status":"publish","type":"post","link":"https:\/\/www.macquero.com\/en\/2025\/05\/la-viuda-negra-pelicula-espanola-de-crimen-disponible-en-netflix\/","title":{"rendered":"\u201cLa viuda negra\u201d Pel\u00edcula espa\u00f1ola de crimen. \u2013 Disponible en Netflix."},"content":{"rendered":"<p><strong>La viuda negra<\/strong>\u00a0es una pel\u00edcula espa\u00f1ola de crimen, thriller y drama estrenada en Netflix el 30 de mayo de 2025. Dirigida por Carlos Sedes y escrita por Ram\u00f3n Campos, Gema R. Neira, Jon de la Cuesta, David Orea y Javier Chac\u00e1rtegui, la cinta est\u00e1 basada en el crimen real de Patraix ocurrido en 2017 en Valencia, Espa\u00f1a.<\/p>\n\n\n\n<h2 class=\"wp-block-heading\">Narrativa<\/h2>\n\n\n\n<p>La trama se centra en el asesinato de Antonio Navarro, un ingeniero que fue apu\u00f1alado siete veces en el garaje de su casa. La investigaci\u00f3n policial revel\u00f3 que la autora intelectual del crimen fue su esposa, Mar\u00eda Jes\u00fas Moreno, conocida como Maje, quien plane\u00f3 el asesinato con la ayuda de su amante, Salvador Rodrigo, un enfermero con quien manten\u00eda una relaci\u00f3n amorosa.\u00a0<\/p>\n\n\n\n<p><a href=\"https:\/\/www.instagram.com\/ivanabaquero\" data-type=\"link\" data-id=\"https:\/\/www.instagram.com\/ivanabaquero\" target=\"_blank\" rel=\"noreferrer noopener\">Ivana Baquero<\/a> interpreta a Maje, <a href=\"https:\/\/www.instagram.com\/trisulloa\/\" data-type=\"link\" data-id=\"https:\/\/www.instagram.com\/trisulloa\/\" target=\"_blank\" rel=\"noreferrer noopener\">Trist\u00e1n Ulloa<\/a> a Salvador Rodrigo y <strong>Carmen Machi<\/strong> a Eva, una inspectora de polic\u00eda que lidera la investigaci\u00f3n del caso. La pel\u00edcula se enfoca en el an\u00e1lisis psicol\u00f3gico de los asesinos, explorando las motivaciones que llevaron a Maje a manipular a Salvador para cometer el crimen, en lugar de optar por el divorcio.\u00a0<\/p>\n\n\n\n<h2 class=\"wp-block-heading\">La producci\u00f3n, realizada por Bamb\u00fa Producciones, se rod\u00f3 en Valencia y otras localizaciones, y cont\u00f3 con la colaboraci\u00f3n de la polic\u00eda y miembros judiciales para documentarse adecuadamente.\u00a0<\/h2>\n\n\n\n<p>La viuda negra ha sido comparada con otras producciones de true crime espa\u00f1olas, como El caso Asunta y El cuerpo en llamas, por su enfoque en cr\u00edmenes reales y su tratamiento narrativo. La pel\u00edcula ha recibido cr\u00edticas mixtas, destacando su fidelidad a los hechos y la actuaci\u00f3n del elenco, aunque algunos se\u00f1alan una falta de dinamismo narrativo.\u00a0<\/p>\n\n\n\n<p>En resumen, La viuda negra es una dramatizaci\u00f3n del crimen de Patraix que ofrece una mirada profunda a las motivaciones de los asesinos, evitando la romantizaci\u00f3n del crimen y buscando una representaci\u00f3n respetuosa y fiel a los hechos reales.\u00a0<\/p>\n\n\n\n<p>Calificaci\u00f3n: &#x2b50;&#x2b50;<\/p>\n\n\n\n<blockquote class=\"wp-block-quote is-layout-flow wp-block-quote-is-layout-flow\">\n<p>La encontr\u00e9 aceptable; la principal raz\u00f3n por la que la vi, fue por la belleza de Ivana Baquero. Fuera de eso, no me provoc\u00f3 mayores emociones: ni pena ni gloria.<\/p>\n<\/blockquote>","protected":false},"excerpt":{"rendered":"<p>La viuda negra\u00a0es una pel\u00edcula espa\u00f1ola de crimen, thriller y drama estrenada en Netflix el 30 de mayo de 2025. Dirigida por Carlos Sedes y escrita por Ram\u00f3n Campos, Gema R. Neira, Jon de la Cuesta, David Orea y Javier Chac\u00e1rtegui, la cinta est\u00e1 basada en el crimen real de Patraix ocurrido en 2017 en &hellip;<\/p>","protected":false},"author":2,"featured_media":22739,"comment_status":"closed","ping_status":"open","sticky":false,"template":"","format":"standard","meta":{"jetpack_post_was_ever_published":false,"_jetpack_newsletter_access":"","_jetpack_dont_email_post_to_subs":false,"_jetpack_newsletter_tier_id":0,"_jetpack_memberships_contains_paywalled_content":false,"_jetpack_memberships_contains_paid_content":false,"footnotes":"","jetpack_publicize_message":"","jetpack_publicize_feature_enabled":true,"jetpack_social_post_already_shared":true,"jetpack_social_options":{"image_generator_settings":{"template":"highway","default_image_id":0,"font":"","enabled":false},"version":2}},"categories":[766],"tags":[1072,1174,1306],"class_list":["post-22738","post","type-post","status-publish","format-standard","has-post-thumbnail","hentry","category-cine-netflix","tag-crimen","tag-dramatizacion","tag-true-crime"],"jetpack_publicize_connections":[],"jetpack_featured_media_url":"https:\/\/www.macquero.com\/wp-content\/uploads\/2025\/05\/docu.jpg","jetpack_sharing_enabled":true,"_links":{"self":[{"href":"https:\/\/www.macquero.com\/en\/wp-json\/wp\/v2\/posts\/22738","targetHints":{"allow":["GET"]}}],"collection":[{"href":"https:\/\/www.macquero.com\/en\/wp-json\/wp\/v2\/posts"}],"about":[{"href":"https:\/\/www.macquero.com\/en\/wp-json\/wp\/v2\/types\/post"}],"author":[{"embeddable":true,"href":"https:\/\/www.macquero.com\/en\/wp-json\/wp\/v2\/users\/2"}],"replies":[{"embeddable":true,"href":"https:\/\/www.macquero.com\/en\/wp-json\/wp\/v2\/comments?post=22738"}],"version-history":[{"count":1,"href":"https:\/\/www.macquero.com\/en\/wp-json\/wp\/v2\/posts\/22738\/revisions"}],"predecessor-version":[{"id":22740,"href":"https:\/\/www.macquero.com\/en\/wp-json\/wp\/v2\/posts\/22738\/revisions\/22740"}],"wp:featuredmedia":[{"embeddable":true,"href":"https:\/\/www.macquero.com\/en\/wp-json\/wp\/v2\/media\/22739"}],"wp:attachment":[{"href":"https:\/\/www.macquero.com\/en\/wp-json\/wp\/v2\/media?parent=22738"}],"wp:term":[{"taxonomy":"category","embeddable":true,"href":"https:\/\/www.macquero.com\/en\/wp-json\/wp\/v2\/categories?post=22738"},{"taxonomy":"post_tag","embeddable":true,"href":"https:\/\/www.macquero.com\/en\/wp-json\/wp\/v2\/tags?post=22738"}],"curies":[{"name":"wp","href":"https:\/\/api.w.org\/{rel}","templated":true}]}}