{"id":22732,"date":"2025-05-28T17:39:10","date_gmt":"2025-05-28T23:39:10","guid":{"rendered":"https:\/\/www.macquero.com\/?p=22732"},"modified":"2025-05-28T17:55:25","modified_gmt":"2025-05-28T23:55:25","slug":"aquaman-y-el-reino-perdido-pelicula-de-ciencia-ficcion-disponible-en-netflix","status":"publish","type":"post","link":"https:\/\/www.macquero.com\/en\/2025\/05\/aquaman-y-el-reino-perdido-pelicula-de-ciencia-ficcion-disponible-en-netflix\/","title":{"rendered":"&#8220;Aquaman y el Reino Perdido&#8221; Pel\u00edcula de ciencia ficci\u00f3n. \u2013 Disponible en Netflix."},"content":{"rendered":"<p>Aquaman y el Reino Perdido\u00a0(2023), dirigida por James Wan, es la secuela de\u00a0Aquaman\u00a0(2018) y marca el cierre del Universo Extendido de DC (DCEU). La pel\u00edcula retoma la historia de Arthur Curry (<a href=\"https:\/\/www.instagram.com\/prideofgypsies\" data-type=\"link\" data-id=\"https:\/\/www.instagram.com\/prideofgypsies\" target=\"_blank\" rel=\"noreferrer noopener\">Jason Momoa<\/a>), quien, tras convertirse en rey de la Atl\u00e1ntida, ha formado una familia con Mera (<a href=\"https:\/\/www.instagram.com\/amberheard\" data-type=\"link\" data-id=\"https:\/\/www.instagram.com\/amberheard\" target=\"_blank\" rel=\"noreferrer noopener\">Amber Heard<\/a>) y tienen un hijo llamado Arthur Jr. Arthur divide su tiempo entre sus responsabilidades reales y su vida en la superficie, encontr\u00e1ndose frustrado por la burocracia atlante y los desaf\u00edos de la paternidad.\u00a0<\/p>\n\n\n\n<p>Mientras tanto, David Kane, tambi\u00e9n conocido como Black Manta (<strong>Yahya Abdul-Mateen II<\/strong>), sigue buscando venganza por la muerte de su padre. Aliado con el bi\u00f3logo marino Stephen Shin (Randall Park), Kane descubre un tridente negro en la Ant\u00e1rtida que lo posee y le otorga un poder formidable, prometi\u00e9ndole la capacidad de destruir a Aquaman y la Atl\u00e1ntida.\u00a0\u00a0<\/p>\n\n\n\n<p>Kane ataca la Atl\u00e1ntida, hiriendo gravemente a Mera y provocando una crisis ambiental global debido al uso del oricalco, un mineral que emite gases de efecto invernadero y amenaza con una extinci\u00f3n masiva. Para enfrentar esta amenaza, Arthur libera de prisi\u00f3n a su medio hermano Orm (<a href=\"https:\/\/www.instagram.com\/thereelpatrickwilson\/\" data-type=\"link\" data-id=\"https:\/\/www.instagram.com\/thereelpatrickwilson\/\" target=\"_blank\" rel=\"noreferrer noopener\">Patrick Wilson<\/a>), formando una alianza inesperada.\u00a0\u00a0<\/p>\n\n\n\n<p>Juntos, descubren que el tridente negro fue creado por Kordax, el hermano del rey Atlan, quien fue encarcelado junto con el reino perdido de Necrus por utilizar magia oscura y oricalco para intentar usurpar el trono. Kane secuestra a Arthur Jr., llevando a los hermanos a Necrus, donde enfrentan a Kordax, liberado por la sangre real de Orm.&nbsp;&nbsp;<\/p>\n\n\n\n<p>En la batalla final, Arthur logra convencer a Orm de abandonar su odio, permiti\u00e9ndoles destruir a Kordax y el tridente negro. Necrus colapsa, y Kane rechaza la ayuda de Arthur, cayendo a su muerte. Arthur y Mera deciden mantener en secreto la supervivencia de Orm, quien se retira a la superficie. Finalmente, Arthur revela la existencia de la Atl\u00e1ntida ante las Naciones Unidas, buscando unir los reinos submarinos con el mundo de la superficie.&nbsp;&nbsp;<\/p>\n\n\n\n<p>La pel\u00edcula ha recibido cr\u00edticas mixtas, destacando la din\u00e1mica entre Arthur y Orm como un punto fuerte, aunque algunos cr\u00edticos han se\u00f1alado problemas con los efectos visuales y la narrativa.\u00a0<\/p>\n\n\n\n<p><strong>Personalmente, la encontr\u00e9 emocionante y sumamente divertida.<\/strong><\/p>\n\n\n\n<p>Calificaci\u00f3n: &#x2b50;&#x2b50;&#x2b50;&#x2b50;&#x2b50;<\/p>\n\n\n\n<blockquote class=\"wp-block-quote is-layout-flow wp-block-quote-is-layout-flow\">\n<p>\u00bfPueden creer que no la hab\u00eda visto completa, a pesar de tenerla comprada? Aprovech\u00e9 que est\u00e1 disponible en Netflix y finalmente la vi.\u00a0<\/p>\n<\/blockquote>","protected":false},"excerpt":{"rendered":"<p>Aquaman y el Reino Perdido\u00a0(2023), dirigida por James Wan, es la secuela de\u00a0Aquaman\u00a0(2018) y marca el cierre del Universo Extendido de DC (DCEU). La pel\u00edcula retoma la historia de Arthur Curry (Jason Momoa), quien, tras convertirse en rey de la Atl\u00e1ntida, ha formado una familia con Mera (Amber Heard) y tienen un hijo llamado Arthur &hellip;<\/p>","protected":false},"author":2,"featured_media":22735,"comment_status":"closed","ping_status":"open","sticky":false,"template":"","format":"standard","meta":{"jetpack_post_was_ever_published":false,"_jetpack_newsletter_access":"","_jetpack_dont_email_post_to_subs":false,"_jetpack_newsletter_tier_id":0,"_jetpack_memberships_contains_paywalled_content":false,"_jetpack_memberships_contains_paid_content":false,"footnotes":"","jetpack_publicize_message":"","jetpack_publicize_feature_enabled":true,"jetpack_social_post_already_shared":true,"jetpack_social_options":{"image_generator_settings":{"template":"highway","default_image_id":0,"font":"","enabled":false},"version":2}},"categories":[766],"tags":[856],"class_list":["post-22732","post","type-post","status-publish","format-standard","has-post-thumbnail","hentry","category-cine-netflix","tag-ciencia-ficcion-y-fantasia"],"jetpack_publicize_connections":[],"jetpack_featured_media_url":"https:\/\/www.macquero.com\/wp-content\/uploads\/2025\/05\/man.png","jetpack_sharing_enabled":true,"_links":{"self":[{"href":"https:\/\/www.macquero.com\/en\/wp-json\/wp\/v2\/posts\/22732","targetHints":{"allow":["GET"]}}],"collection":[{"href":"https:\/\/www.macquero.com\/en\/wp-json\/wp\/v2\/posts"}],"about":[{"href":"https:\/\/www.macquero.com\/en\/wp-json\/wp\/v2\/types\/post"}],"author":[{"embeddable":true,"href":"https:\/\/www.macquero.com\/en\/wp-json\/wp\/v2\/users\/2"}],"replies":[{"embeddable":true,"href":"https:\/\/www.macquero.com\/en\/wp-json\/wp\/v2\/comments?post=22732"}],"version-history":[{"count":2,"href":"https:\/\/www.macquero.com\/en\/wp-json\/wp\/v2\/posts\/22732\/revisions"}],"predecessor-version":[{"id":22736,"href":"https:\/\/www.macquero.com\/en\/wp-json\/wp\/v2\/posts\/22732\/revisions\/22736"}],"wp:featuredmedia":[{"embeddable":true,"href":"https:\/\/www.macquero.com\/en\/wp-json\/wp\/v2\/media\/22735"}],"wp:attachment":[{"href":"https:\/\/www.macquero.com\/en\/wp-json\/wp\/v2\/media?parent=22732"}],"wp:term":[{"taxonomy":"category","embeddable":true,"href":"https:\/\/www.macquero.com\/en\/wp-json\/wp\/v2\/categories?post=22732"},{"taxonomy":"post_tag","embeddable":true,"href":"https:\/\/www.macquero.com\/en\/wp-json\/wp\/v2\/tags?post=22732"}],"curies":[{"name":"wp","href":"https:\/\/api.w.org\/{rel}","templated":true}]}}