{"id":22707,"date":"2025-05-26T17:10:10","date_gmt":"2025-05-26T23:10:10","guid":{"rendered":"https:\/\/www.macquero.com\/?p=22707"},"modified":"2025-05-26T17:19:50","modified_gmt":"2025-05-26T23:19:50","slug":"careme-chef-de-reyes-serie-dramatica-disponible-en-apple-tv","status":"publish","type":"post","link":"https:\/\/www.macquero.com\/en\/2025\/05\/careme-chef-de-reyes-serie-dramatica-disponible-en-apple-tv\/","title":{"rendered":"&#8220;Car\u00eame: chef de reyes&#8221; serie dram\u00e1tica. \u2013 Disponible en Apple TV+"},"content":{"rendered":"<p>La serie\u00a0Car\u00eame: chef de reyes, disponible en Apple TV+, es una ambiciosa producci\u00f3n dram\u00e1tica que se adentra en la vida de <strong>Marie-Antoine Car\u00eame<\/strong>, considerado uno de los primeros chefs de celebridades de la historia y una figura crucial en la evoluci\u00f3n de la alta cocina francesa. Ambientada en el convulso escenario europeo de principios del siglo XIX, la serie fusiona el arte culinario con la intriga pol\u00edtica, mostrando c\u00f3mo la cocina trascendi\u00f3 su rol dom\u00e9stico para convertirse en una herramienta de poder, prestigio y diplomacia.<\/p>\n\n\n\n<p>Desde sus humildes or\u00edgenes como ni\u00f1o hu\u00e9rfano en las calles de Par\u00eds, Car\u00eame demuestra un talento excepcional para la reposter\u00eda. Pronto es acogido en una cocina parisina y, gracias a su talento, comienza a trabajar para figuras influyentes, entre ellos Talleyrand, el astuto diplom\u00e1tico franc\u00e9s. A trav\u00e9s de esta relaci\u00f3n, Car\u00eame se convierte no solo en testigo, sino en parte activa de los grandes movimientos pol\u00edticos de su tiempo, incluyendo el ascenso y ca\u00edda de Napole\u00f3n Bonaparte, la Restauraci\u00f3n borb\u00f3nica y los cambios radicales en la estructura social de Francia.<\/p>\n\n\n\n<h2 class=\"wp-block-heading\">Importante<\/h2>\n\n\n\n<h2 class=\"wp-block-heading\">La serie destaca el meticuloso proceso creativo de Car\u00eame, quien no solo elev\u00f3 la cocina a la categor\u00eda de arte, sino que tambi\u00e9n la sistematiz\u00f3. <\/h2>\n\n\n\n<p>Fue pionero en desarrollar conceptos fundamentales de la cocina moderna como la organizaci\u00f3n de brigadas en la cocina, la clasificaci\u00f3n de salsas madres y la presentaci\u00f3n de platos como obras de arquitectura ef\u00edmera. Sus elaboradas\u00a0-pi\u00e8ces mont\u00e9es-\u00a0(estructuras comestibles decorativas) son representadas con detalle en la serie, revelando su obsesi\u00f3n por la perfecci\u00f3n y su deseo de elevar el oficio del cocinero al estatus de artista.<\/p>\n\n\n\n<h2 class=\"wp-block-heading\">Mi opini\u00f3n<\/h2>\n\n\n\n<p>La importancia de la cocina en esta \u00e9poca va m\u00e1s all\u00e1 de lo gastron\u00f3mico. Durante el siglo XIX, Francia atravesaba profundas transformaciones pol\u00edticas y sociales. <strong>La mesa se convirti\u00f3 en un lugar donde se negociaban alianzas, se sellaban tratados y se ejerc\u00eda el poder blando<\/strong>. Los banquetes eran manifestaciones de estatus, y el talento de un chef pod\u00eda realzar la imagen de un noble o un pol\u00edtico. En este contexto, Car\u00eame se convierte en una figura clave, un embajador gastron\u00f3mico cuya obra influye en las cocinas de las cortes europeas.<\/p>\n\n\n\n<p>La serie tambi\u00e9n plantea preguntas sobre la identidad, la ambici\u00f3n y el sacrificio personal. Car\u00eame, al alcanzar la fama, se enfrenta al dilema entre servir a los poderosos y mantenerse fiel a su visi\u00f3n creativa. <\/p>\n\n\n\n<h2 class=\"wp-block-heading\">Su historia refleja c\u00f3mo la cocina, en manos de un genio, puede ser una forma de resistencia, de expresi\u00f3n personal y de transformaci\u00f3n social.<\/h2>\n\n\n\n<p>En suma,\u00a0Car\u00eame\u00a0es m\u00e1s que una serie biogr\u00e1fica: es un homenaje a la historia de la cocina como lenguaje universal y como reflejo del esp\u00edritu humano. La narrativa logra transmitir la pasi\u00f3n de un hombre por su arte en un momento en que la gastronom\u00eda se convert\u00eda en s\u00edmbolo de civilizaci\u00f3n y refinamiento cultural.<\/p>\n\n\n\n<blockquote class=\"wp-block-quote is-layout-flow wp-block-quote-is-layout-flow\">\n<p>Hasta ahora se han estrenado solo cinco episodios, y tengo entendido que cada nuevo cap\u00edtulo sale los mi\u00e9rcoles. <\/p>\n<\/blockquote>\n\n\n\n<p>Calificaci\u00f3n: &#x2b50;&#x2b50;&#x2b50;&#x2b50;&#x2b50;<\/p>\n\n\n\n<p>Disponible con una suscripci\u00f3n de <a href=\"https:\/\/tv.apple.com\/es\/show\/careme-chef-de-reyes\/umc.cmc.4280po7j44ucyyg09iugnldvo\" data-type=\"link\" data-id=\"https:\/\/tv.apple.com\/es\/show\/careme-chef-de-reyes\/umc.cmc.4280po7j44ucyyg09iugnldvo\" target=\"_blank\" rel=\"noreferrer noopener\">Apple TV+<\/a><\/p>","protected":false},"excerpt":{"rendered":"<p>La serie\u00a0Car\u00eame: chef de reyes, disponible en Apple TV+, es una ambiciosa producci\u00f3n dram\u00e1tica que se adentra en la vida de Marie-Antoine Car\u00eame, considerado uno de los primeros chefs de celebridades de la historia y una figura crucial en la evoluci\u00f3n de la alta cocina francesa. Ambientada en el convulso escenario europeo de principios del &hellip;<\/p>","protected":false},"author":2,"featured_media":22710,"comment_status":"closed","ping_status":"open","sticky":false,"template":"","format":"standard","meta":{"jetpack_post_was_ever_published":false,"_jetpack_newsletter_access":"","_jetpack_dont_email_post_to_subs":false,"_jetpack_newsletter_tier_id":0,"_jetpack_memberships_contains_paywalled_content":false,"_jetpack_memberships_contains_paid_content":false,"footnotes":"","jetpack_publicize_message":"","jetpack_publicize_feature_enabled":true,"jetpack_social_post_already_shared":true,"jetpack_social_options":{"image_generator_settings":{"template":"highway","default_image_id":0,"font":"","enabled":false},"version":2}},"categories":[1439,689],"tags":[],"class_list":["post-22707","post","type-post","status-publish","format-standard","has-post-thumbnail","hentry","category-apple-tv-tv","category-drama"],"jetpack_publicize_connections":[],"jetpack_featured_media_url":"https:\/\/www.macquero.com\/wp-content\/uploads\/2025\/05\/car.jpg","jetpack_sharing_enabled":true,"_links":{"self":[{"href":"https:\/\/www.macquero.com\/en\/wp-json\/wp\/v2\/posts\/22707","targetHints":{"allow":["GET"]}}],"collection":[{"href":"https:\/\/www.macquero.com\/en\/wp-json\/wp\/v2\/posts"}],"about":[{"href":"https:\/\/www.macquero.com\/en\/wp-json\/wp\/v2\/types\/post"}],"author":[{"embeddable":true,"href":"https:\/\/www.macquero.com\/en\/wp-json\/wp\/v2\/users\/2"}],"replies":[{"embeddable":true,"href":"https:\/\/www.macquero.com\/en\/wp-json\/wp\/v2\/comments?post=22707"}],"version-history":[{"count":2,"href":"https:\/\/www.macquero.com\/en\/wp-json\/wp\/v2\/posts\/22707\/revisions"}],"predecessor-version":[{"id":22711,"href":"https:\/\/www.macquero.com\/en\/wp-json\/wp\/v2\/posts\/22707\/revisions\/22711"}],"wp:featuredmedia":[{"embeddable":true,"href":"https:\/\/www.macquero.com\/en\/wp-json\/wp\/v2\/media\/22710"}],"wp:attachment":[{"href":"https:\/\/www.macquero.com\/en\/wp-json\/wp\/v2\/media?parent=22707"}],"wp:term":[{"taxonomy":"category","embeddable":true,"href":"https:\/\/www.macquero.com\/en\/wp-json\/wp\/v2\/categories?post=22707"},{"taxonomy":"post_tag","embeddable":true,"href":"https:\/\/www.macquero.com\/en\/wp-json\/wp\/v2\/tags?post=22707"}],"curies":[{"name":"wp","href":"https:\/\/api.w.org\/{rel}","templated":true}]}}