{"id":22687,"date":"2025-05-24T06:02:24","date_gmt":"2025-05-24T12:02:24","guid":{"rendered":"https:\/\/www.macquero.com\/?p=22687"},"modified":"2025-05-24T06:15:49","modified_gmt":"2025-05-24T12:15:49","slug":"novedades","status":"publish","type":"post","link":"https:\/\/www.macquero.com\/en\/2025\/05\/novedades\/","title":{"rendered":"Novedades. Mejorando nuestra plataforma."},"content":{"rendered":"<p>Durante a\u00f1os he estado esforz\u00e1ndome por mantenerme al d\u00eda con las novedades del mundo Apple, a pesar de trabajar con un equipo antiguo. La secci\u00f3n&nbsp;-Novedades-&nbsp;re\u00fane todo el material que he desarrollado desde mis inicios, y ahora se renueva con un enfoque m\u00e1s actual, din\u00e1mico y relevante.<\/p>\n\n\n\n<p>En esta nueva etapa, quiero dedicar un espacio especial al&nbsp;<strong>WWDC de este a\u00f1o<\/strong>, con una cobertura diferente a la que encuentras en otros sitios. Aqu\u00ed ver\u00e1s lo que otros no muestran: la presencia de desarrolladores latinoamericanos, sus trayectorias, sus aportes y esas noticias que marcan la diferencia. Porque m\u00e1s que informar, la meta es destacar lo que realmente importa.<\/p>\n\n\n\n<h2 class=\"wp-block-heading\">Revaluando<\/h2>\n\n\n\n<p>Quiero reevaluar las categor\u00edas actuales, ya que todo lo que ver\u00e1s aqu\u00ed est\u00e1 probado directamente por m\u00ed. Como sabes, recientemente adquir\u00ed un Mac mini M4 de base, y me encuentro, como quien dice, \u201climpiando la casa\u201d.<\/p>\n\n\n\n<p>Estoy reorganizando todo para ofrecer una experiencia m\u00e1s clara, \u00fatil y enfocada en lo que realmente aporta valor. Les pido un poco de paciencia, porque en este momento la secci\u00f3n a\u00fan luce incompleta, pero estoy trabajando activamente para dejarla como debe ser: fresca, funcional y bien cuidada.<\/p>\n\n\n\n<h2 class=\"wp-block-heading\">Macquero<\/h2>\n\n\n\n<p><strong>Macquero<\/strong>&nbsp;es una publicaci\u00f3n de tecnolog\u00eda fundada en M\u00e9xico en 2010. En sus primeros a\u00f1os, entre aprendizajes y retos cotidianos, se centr\u00f3 en recomendar aplicaciones nativas y de terceros para cada nueva versi\u00f3n de los sistemas operativos de Apple. Sin embargo, con el tiempo, el proyecto entr\u00f3 en una etapa de pausa.<\/p>\n\n\n\n<p>A partir de 2016, el enfoque se redirigi\u00f3 hacia el mundo del\u00a0streaming, con especial atenci\u00f3n a plataformas como\u00a0<strong>Netflix<\/strong> y\u00a0<strong>Apple TV<\/strong>.<\/p>\n\n\n\n<p>Hoy, con la llegada de una nueva&nbsp;<strong>Mac mini M4<\/strong>,&nbsp;Macquero&nbsp;renueva su visi\u00f3n. El sitio se expande para ofrecer contenido actualizado sobre aplicaciones, noticias tecnol\u00f3gicas relevantes y temas que marcan tendencia, siempre con una mirada personal, honesta y diferente que lo distingue.<\/p>","protected":false},"excerpt":{"rendered":"<p>Durante a\u00f1os he estado esforz\u00e1ndome por mantenerme al d\u00eda con las novedades del mundo Apple, a pesar de trabajar con un equipo antiguo. La secci\u00f3n&nbsp;-Novedades-&nbsp;re\u00fane todo el material que he desarrollado desde mis inicios, y ahora se renueva con un enfoque m\u00e1s actual, din\u00e1mico y relevante. En esta nueva etapa, quiero dedicar un espacio especial &hellip;<\/p>","protected":false},"author":2,"featured_media":22690,"comment_status":"open","ping_status":"open","sticky":false,"template":"","format":"standard","meta":{"jetpack_post_was_ever_published":false,"_jetpack_newsletter_access":"","_jetpack_dont_email_post_to_subs":false,"_jetpack_newsletter_tier_id":0,"_jetpack_memberships_contains_paywalled_content":false,"_jetpack_memberships_contains_paid_content":false,"footnotes":"","jetpack_publicize_message":"","jetpack_publicize_feature_enabled":true,"jetpack_social_post_already_shared":true,"jetpack_social_options":{"image_generator_settings":{"template":"highway","default_image_id":0,"font":"","enabled":false},"version":2}},"categories":[1440],"tags":[],"class_list":["post-22687","post","type-post","status-publish","format-standard","has-post-thumbnail","hentry","category-novedades"],"jetpack_publicize_connections":[],"jetpack_featured_media_url":"https:\/\/www.macquero.com\/wp-content\/uploads\/2025\/05\/mac2-scaled.jpg","jetpack_sharing_enabled":true,"_links":{"self":[{"href":"https:\/\/www.macquero.com\/en\/wp-json\/wp\/v2\/posts\/22687","targetHints":{"allow":["GET"]}}],"collection":[{"href":"https:\/\/www.macquero.com\/en\/wp-json\/wp\/v2\/posts"}],"about":[{"href":"https:\/\/www.macquero.com\/en\/wp-json\/wp\/v2\/types\/post"}],"author":[{"embeddable":true,"href":"https:\/\/www.macquero.com\/en\/wp-json\/wp\/v2\/users\/2"}],"replies":[{"embeddable":true,"href":"https:\/\/www.macquero.com\/en\/wp-json\/wp\/v2\/comments?post=22687"}],"version-history":[{"count":3,"href":"https:\/\/www.macquero.com\/en\/wp-json\/wp\/v2\/posts\/22687\/revisions"}],"predecessor-version":[{"id":22692,"href":"https:\/\/www.macquero.com\/en\/wp-json\/wp\/v2\/posts\/22687\/revisions\/22692"}],"wp:featuredmedia":[{"embeddable":true,"href":"https:\/\/www.macquero.com\/en\/wp-json\/wp\/v2\/media\/22690"}],"wp:attachment":[{"href":"https:\/\/www.macquero.com\/en\/wp-json\/wp\/v2\/media?parent=22687"}],"wp:term":[{"taxonomy":"category","embeddable":true,"href":"https:\/\/www.macquero.com\/en\/wp-json\/wp\/v2\/categories?post=22687"},{"taxonomy":"post_tag","embeddable":true,"href":"https:\/\/www.macquero.com\/en\/wp-json\/wp\/v2\/tags?post=22687"}],"curies":[{"name":"wp","href":"https:\/\/api.w.org\/{rel}","templated":true}]}}