{"id":22653,"date":"2025-05-23T11:47:05","date_gmt":"2025-05-23T17:47:05","guid":{"rendered":"https:\/\/www.macquero.com\/?p=22653"},"modified":"2025-05-24T05:11:37","modified_gmt":"2025-05-24T11:11:37","slug":"chief-of-war-official-teaser-disponible-el-primero-de-agosto-apple-tv","status":"publish","type":"post","link":"https:\/\/www.macquero.com\/en\/2025\/05\/chief-of-war-official-teaser-disponible-el-primero-de-agosto-apple-tv\/","title":{"rendered":"\u201cChief of War\u201d \u2013 Official Teaser \u2013 disponible el primero de agosto. &#8211; Apple TV+."},"content":{"rendered":"<blockquote class=\"wp-block-quote is-layout-flow wp-block-quote-is-layout-flow\">\n<p>\u00a1Esta recomendaci\u00f3n nos sorprendi\u00f3 gratamente y se la debemos a los geniales chicos y chicas de <a href=\"https:\/\/ipadizate.com\" data-type=\"link\" data-id=\"https:\/\/ipadizate.com\" target=\"_blank\" rel=\"noreferrer noopener\">iPadizate!<\/a> Gracias por compartir este hallazgo tan emocionante.<\/p>\n<\/blockquote>\n\n\n\n<p>\u201cEl gran guerrero\u201d (Chief of War) llegar\u00e1 a Apple TV+ como una de las propuestas m\u00e1s ambiciosas del a\u00f1o en el g\u00e9nero hist\u00f3rico. Su estreno global est\u00e1 programado para el 1 de agosto de 2025, con un emocionante lanzamiento de dos episodios, seguido de entregas semanales hasta el 19 de septiembre.<\/p>\n\n\n\n<p>Esta potente miniserie marca un nuevo hito en la carrera de&nbsp;<strong>Jason Momoa<\/strong>, quien no solo protagoniza, sino que tambi\u00e9n participa como guionista y productor ejecutivo. La historia nos transporta al turbulento siglo XVIII, en plena lucha por la unificaci\u00f3n de las islas hawaianas, y lo hace desde una mirada profundamente conectada con sus ra\u00edces: la perspectiva ind\u00edgena.<\/p>\n\n\n\n<p>Si te gustan las epopeyas hist\u00f3ricas cargadas de emoci\u00f3n, acci\u00f3n y contenido cultural profundo, apunta esta serie en tu calendario.&nbsp;Chief of War&nbsp;no solo promete ser entretenimiento de calidad, sino tambi\u00e9n una ventana hacia una historia que merece ser contada.<\/p>\n\n\n\n<hr class=\"wp-block-separator has-alpha-channel-opacity\"\/>\n\n\n\n<p>iPadizate es un medio digital especializado en productos y servicios de Apple, con sede en&nbsp;<strong>A Coru\u00f1a, Galicia, Espa\u00f1a<\/strong>. Fundado en 2010, se ha consolidado como una fuente destacada de noticias, an\u00e1lisis y tutoriales sobre iPad, iPhone, Mac y el ecosistema tecnol\u00f3gico de Apple.<\/p>\n\n\n\n<figure class=\"wp-block-image size-large\"><img loading=\"lazy\" decoding=\"async\" width=\"940\" height=\"655\" src=\"https:\/\/www.macquero.com\/wp-content\/uploads\/2025\/05\/padd-1-940x655.png\" alt=\"\" class=\"wp-image-22660\" srcset=\"https:\/\/www.macquero.com\/wp-content\/uploads\/2025\/05\/padd-1-940x655.png 940w, https:\/\/www.macquero.com\/wp-content\/uploads\/2025\/05\/padd-1-620x432.png 620w, https:\/\/www.macquero.com\/wp-content\/uploads\/2025\/05\/padd-1-300x209.png 300w, https:\/\/www.macquero.com\/wp-content\/uploads\/2025\/05\/padd-1-768x535.png 768w, https:\/\/www.macquero.com\/wp-content\/uploads\/2025\/05\/padd-1-1536x1070.png 1536w, https:\/\/www.macquero.com\/wp-content\/uploads\/2025\/05\/padd-1-2048x1426.png 2048w\" sizes=\"auto, (max-width: 940px) 100vw, 940px\" \/><\/figure>\n\n\n\n<p><strong>iPadizate<\/strong> tambi\u00e9n tiene presencia en&nbsp;<strong>Valencia<\/strong>, lo que refuerza su alcance dentro del <strong>territorio espa\u00f1ol.<\/strong><\/p>\n\n\n\n<p><a href=\"https:\/\/ipadizate.com\" data-type=\"link\" data-id=\"https:\/\/ipadizate.com\" target=\"_blank\" rel=\"noreferrer noopener\">www.ipadizate.com<\/a><\/p>","protected":false},"excerpt":{"rendered":"<p>\u00a1Esta recomendaci\u00f3n nos sorprendi\u00f3 gratamente y se la debemos a los geniales chicos y chicas de iPadizate! Gracias por compartir este hallazgo tan emocionante. \u201cEl gran guerrero\u201d (Chief of War) llegar\u00e1 a Apple TV+ como una de las propuestas m\u00e1s ambiciosas del a\u00f1o en el g\u00e9nero hist\u00f3rico. Su estreno global est\u00e1 programado para el 1 &hellip;<\/p>","protected":false},"author":2,"featured_media":22659,"comment_status":"open","ping_status":"open","sticky":false,"template":"","format":"standard","meta":{"jetpack_post_was_ever_published":false,"_jetpack_newsletter_access":"","_jetpack_dont_email_post_to_subs":false,"_jetpack_newsletter_tier_id":0,"_jetpack_memberships_contains_paywalled_content":false,"_jetpack_memberships_contains_paid_content":false,"footnotes":"","jetpack_publicize_message":"","jetpack_publicize_feature_enabled":true,"jetpack_social_post_already_shared":true,"jetpack_social_options":{"image_generator_settings":{"template":"highway","default_image_id":0,"font":"","enabled":false},"version":2}},"categories":[1057],"tags":[1437],"class_list":["post-22653","post","type-post","status-publish","format-standard","has-post-thumbnail","hentry","category-en-contraste","tag-teaser"],"jetpack_publicize_connections":[],"jetpack_featured_media_url":"https:\/\/www.macquero.com\/wp-content\/uploads\/2025\/05\/mm.png","jetpack_sharing_enabled":true,"_links":{"self":[{"href":"https:\/\/www.macquero.com\/en\/wp-json\/wp\/v2\/posts\/22653","targetHints":{"allow":["GET"]}}],"collection":[{"href":"https:\/\/www.macquero.com\/en\/wp-json\/wp\/v2\/posts"}],"about":[{"href":"https:\/\/www.macquero.com\/en\/wp-json\/wp\/v2\/types\/post"}],"author":[{"embeddable":true,"href":"https:\/\/www.macquero.com\/en\/wp-json\/wp\/v2\/users\/2"}],"replies":[{"embeddable":true,"href":"https:\/\/www.macquero.com\/en\/wp-json\/wp\/v2\/comments?post=22653"}],"version-history":[{"count":3,"href":"https:\/\/www.macquero.com\/en\/wp-json\/wp\/v2\/posts\/22653\/revisions"}],"predecessor-version":[{"id":22662,"href":"https:\/\/www.macquero.com\/en\/wp-json\/wp\/v2\/posts\/22653\/revisions\/22662"}],"wp:featuredmedia":[{"embeddable":true,"href":"https:\/\/www.macquero.com\/en\/wp-json\/wp\/v2\/media\/22659"}],"wp:attachment":[{"href":"https:\/\/www.macquero.com\/en\/wp-json\/wp\/v2\/media?parent=22653"}],"wp:term":[{"taxonomy":"category","embeddable":true,"href":"https:\/\/www.macquero.com\/en\/wp-json\/wp\/v2\/categories?post=22653"},{"taxonomy":"post_tag","embeddable":true,"href":"https:\/\/www.macquero.com\/en\/wp-json\/wp\/v2\/tags?post=22653"}],"curies":[{"name":"wp","href":"https:\/\/api.w.org\/{rel}","templated":true}]}}