{"id":22601,"date":"2025-05-16T09:58:55","date_gmt":"2025-05-16T15:58:55","guid":{"rendered":"https:\/\/www.macquero.com\/?p=22601"},"modified":"2025-05-16T09:58:59","modified_gmt":"2025-05-16T15:58:59","slug":"organizador-visual-en-mac-impresiones","status":"publish","type":"post","link":"https:\/\/www.macquero.com\/en\/2025\/05\/organizador-visual-en-mac-impresiones\/","title":{"rendered":"Organizador Visual en Mac. &#8211; Impresiones."},"content":{"rendered":"<p>El <strong>Organizador Visual<\/strong> en Mac, conocido en ingl\u00e9s como <strong>Stage Manager<\/strong>, es una funcionalidad introducida por Apple a partir de macOS Ventura que facilita la gesti\u00f3n y organizaci\u00f3n de ventanas abiertas en el escritorio. Su prop\u00f3sito principal es mejorar la productividad y reducir el desorden visual, permitiendo a los usuarios concentrarse en una tarea mientras mantienen accesibles otras aplicaciones o documentos.<\/p>\n\n\n\n<p>Cuando el Organizador Visual est\u00e1 activado, la ventana activa ocupa el centro de la pantalla, mientras que las dem\u00e1s ventanas abiertas se agrupan en una columna lateral a la izquierda. Esta disposici\u00f3n permite cambiar r\u00e1pidamente entre aplicaciones o grupos de ventanas con solo un clic, sin tener que minimizar o cerrar nada. Las ventanas agrupadas conservan su estado, lo que significa que al volver a ellas est\u00e1n tal como se dejaron.<\/p>\n\n\n\n<h2 class=\"wp-block-heading\">Fortaleza<\/h2>\n\n\n\n<p>Una de las caracter\u00edsticas m\u00e1s poderosas del Organizador Visual es la posibilidad de <strong>crear grupos personalizados<\/strong>. Por ejemplo, un usuario puede combinar Safari con Pages y Notas para trabajar en un proyecto de investigaci\u00f3n, y luego cambiar a otro grupo con Mail y Calendar para tareas administrativas. Esta capacidad de agrupar aplicaciones relacionadas fomenta un flujo de trabajo m\u00e1s fluido y estructurado.<\/p>\n\n\n\n<p>Adem\u00e1s, el Organizador Visual funciona de forma integrada con <strong>Mission Control<\/strong> y <strong>Spaces<\/strong>, ofreciendo una capa adicional de organizaci\u00f3n sin reemplazar completamente las funciones tradicionales de macOS. Tambi\u00e9n es compatible con pantallas externas, lo que permite tener un entorno ordenado incluso cuando se utilizan m\u00faltiples monitores.<\/p>\n\n\n\n<h2 class=\"wp-block-heading\">En resumen<\/h2>\n\n\n\n<p>El Organizador Visual es especialmente \u00fatil para profesionales creativos, estudiantes o cualquier usuario que maneje varias tareas o aplicaciones simult\u00e1neamente. <strong>Reduce la necesidad de minimizar, cerrar o arrastrar ventanas constantemente, mejorando la eficiencia y reduciendo distracciones.<\/strong><\/p>\n\n\n\n<p>Activarlo es sencillo: se puede hacer desde el <strong>Centro de Control<\/strong> (icono en la barra de men\u00fas) o desde las <strong>Preferencias del Sistema<\/strong> en la secci\u00f3n \u201cEscritorio y Dock\u201d. Tambi\u00e9n se puede personalizar el comportamiento, por ejemplo, para que muestre solo las aplicaciones recientes o todas las que est\u00e1n abiertas.<\/p>\n\n\n\n<blockquote class=\"wp-block-quote is-layout-flow wp-block-quote-is-layout-flow\">\n<p>Debo admitir que al principio me cost\u00f3 adaptarme, pero con el tiempo descubr\u00ed lo \u00fatil que es. Ahora que lo tengo, no puedo evitar preguntarme c\u00f3mo pude estar sin \u00e9l antes.<\/p>\n<\/blockquote>\n\n\n\n<p><\/p>","protected":false},"excerpt":{"rendered":"<p>El Organizador Visual en Mac, conocido en ingl\u00e9s como Stage Manager, es una funcionalidad introducida por Apple a partir de macOS Ventura que facilita la gesti\u00f3n y organizaci\u00f3n de ventanas abiertas en el escritorio. Su prop\u00f3sito principal es mejorar la productividad y reducir el desorden visual, permitiendo a los usuarios concentrarse en una tarea mientras &hellip;<\/p>","protected":false},"author":2,"featured_media":22602,"comment_status":"open","ping_status":"open","sticky":false,"template":"","format":"standard","meta":{"jetpack_post_was_ever_published":false,"_jetpack_newsletter_access":"","_jetpack_dont_email_post_to_subs":false,"_jetpack_newsletter_tier_id":0,"_jetpack_memberships_contains_paywalled_content":false,"_jetpack_memberships_contains_paid_content":false,"footnotes":"","jetpack_publicize_message":"","jetpack_publicize_feature_enabled":true,"jetpack_social_post_already_shared":true,"jetpack_social_options":{"image_generator_settings":{"template":"highway","default_image_id":0,"font":"","enabled":false},"version":2}},"categories":[5,371],"tags":[1423,1424],"class_list":["post-22601","post","type-post","status-publish","format-standard","has-post-thumbnail","hentry","category-apple","category-mac","tag-caracteristicas","tag-organizador-visual"],"jetpack_publicize_connections":[],"jetpack_featured_media_url":"https:\/\/www.macquero.com\/wp-content\/uploads\/2025\/05\/mac.png","jetpack_sharing_enabled":true,"_links":{"self":[{"href":"https:\/\/www.macquero.com\/en\/wp-json\/wp\/v2\/posts\/22601","targetHints":{"allow":["GET"]}}],"collection":[{"href":"https:\/\/www.macquero.com\/en\/wp-json\/wp\/v2\/posts"}],"about":[{"href":"https:\/\/www.macquero.com\/en\/wp-json\/wp\/v2\/types\/post"}],"author":[{"embeddable":true,"href":"https:\/\/www.macquero.com\/en\/wp-json\/wp\/v2\/users\/2"}],"replies":[{"embeddable":true,"href":"https:\/\/www.macquero.com\/en\/wp-json\/wp\/v2\/comments?post=22601"}],"version-history":[{"count":1,"href":"https:\/\/www.macquero.com\/en\/wp-json\/wp\/v2\/posts\/22601\/revisions"}],"predecessor-version":[{"id":22603,"href":"https:\/\/www.macquero.com\/en\/wp-json\/wp\/v2\/posts\/22601\/revisions\/22603"}],"wp:featuredmedia":[{"embeddable":true,"href":"https:\/\/www.macquero.com\/en\/wp-json\/wp\/v2\/media\/22602"}],"wp:attachment":[{"href":"https:\/\/www.macquero.com\/en\/wp-json\/wp\/v2\/media?parent=22601"}],"wp:term":[{"taxonomy":"category","embeddable":true,"href":"https:\/\/www.macquero.com\/en\/wp-json\/wp\/v2\/categories?post=22601"},{"taxonomy":"post_tag","embeddable":true,"href":"https:\/\/www.macquero.com\/en\/wp-json\/wp\/v2\/tags?post=22601"}],"curies":[{"name":"wp","href":"https:\/\/api.w.org\/{rel}","templated":true}]}}