{"id":22598,"date":"2025-05-20T00:20:00","date_gmt":"2025-05-20T06:20:00","guid":{"rendered":"https:\/\/www.macquero.com\/?p=22598"},"modified":"2025-05-16T05:53:22","modified_gmt":"2025-05-16T11:53:22","slug":"affinity-photo-una-alternativa-profesional-que-sorprende","status":"publish","type":"post","link":"https:\/\/www.macquero.com\/en\/2025\/05\/affinity-photo-una-alternativa-profesional-que-sorprende\/","title":{"rendered":"Affinity Photo: una alternativa profesional que sorprende."},"content":{"rendered":"<blockquote class=\"wp-block-quote is-layout-flow wp-block-quote-is-layout-flow\">\n<p>Gracias a la recomendaci\u00f3n de mi amigo Gilberto, recientemente tuve la oportunidad de probar <strong>Affinity Photo<\/strong>, una aplicaci\u00f3n de edici\u00f3n fotogr\u00e1fica que, hasta hace poco, desconoc\u00eda por completo. Lo cierto es que part\u00eda desde cero, sin expectativas ni referencias previas. Sin embargo, lo que descubr\u00ed me sorprendi\u00f3 gratamente.<\/p>\n<\/blockquote>\n\n\n\n<p>Gilberto me explic\u00f3 que la empresa detr\u00e1s de esta herramienta, <strong>Serif<\/strong>, se ha propuesto competir directamente con los productos de Adobe, ofreciendo soluciones profesionales con una estructura de precios m\u00e1s accesible y sin necesidad de suscripci\u00f3n. Y no exageraba. Affinity Photo no solo destaca por su potencia y versatilidad, sino por la forma en que simplifica procesos complejos sin sacrificar calidad.<\/p>\n\n\n\n<p>Hoy quiero contarte qu\u00e9 puedes hacer con esta aplicaci\u00f3n si decides comprarla, especialmente si est\u00e1s buscando una herramienta seria para fotograf\u00eda, dise\u00f1o o retoque digital, sin estar atado a la nube de Adobe.<\/p>\n\n\n\n<h3 class=\"wp-block-heading\">\u00bfQu\u00e9 es Affinity Photo?<\/h3>\n\n\n\n<p><strong>Affinity Photo<\/strong> es un software de edici\u00f3n de im\u00e1genes profesional dise\u00f1ado para fot\u00f3grafos, dise\u00f1adores y creativos visuales. Est\u00e1 disponible para macOS, Windows e iPad, y su gran ventaja es que ofrece <strong>una licencia de pago \u00fanico<\/strong>, sin suscripciones, lo que representa una soluci\u00f3n rentable a largo plazo.<\/p>\n\n\n\n<h3 class=\"wp-block-heading\">Caracter\u00edsticas destacadas de Affinity Photo<\/h3>\n\n\n\n<ul class=\"wp-block-list\">\n<li><strong>Compatibilidad con PSD y formatos profesionales<\/strong>: Affinity Photo puede abrir, editar y exportar archivos en formato PSD, adem\u00e1s de otros como TIFF, PNG, JPG, EXR y m\u00e1s. Esto permite trabajar de forma fluida con archivos creados en Photoshop.<\/li>\n\n\n\n<li><strong>Retoque y edici\u00f3n de alta calidad<\/strong>: Incluye herramientas avanzadas de clonaci\u00f3n, reparaci\u00f3n, licuado, correcci\u00f3n de color, eliminaci\u00f3n de manchas, dodge &amp; burn y mucho m\u00e1s. Todo con una respuesta en tiempo real.<\/li>\n\n\n\n<li><strong>Edici\u00f3n no destructiva con capas<\/strong>: Puedes trabajar con capas de ajuste, m\u00e1scaras, filtros y efectos en un entorno completamente no destructivo, ideal para edici\u00f3n avanzada y proyectos complejos.<\/li>\n\n\n\n<li><strong>Composici\u00f3n y pintura digital<\/strong>: Cuenta con pinceles personalizables, soporte para tabletas gr\u00e1ficas, modos de mezcla, y gesti\u00f3n precisa de color, ideal para ilustradores y artistas digitales.<\/li>\n\n\n\n<li><strong>HDR, panor\u00e1micas y enfoque por apilamiento<\/strong>: Integra funciones profesionales como la creaci\u00f3n de im\u00e1genes HDR, fusi\u00f3n de panoramas y apilamiento de enfoque (focus stacking), muy \u00fatiles en fotograf\u00eda de paisaje y macro.<\/li>\n\n\n\n<li><strong>Velocidad y rendimiento<\/strong>: Est\u00e1 optimizado para CPUs multin\u00facleo y funciona de manera fluida incluso con archivos de gran tama\u00f1o. En los dispositivos Apple con chip M1\/M2 o superiores, el rendimiento es excepcional.<\/li>\n\n\n\n<li><strong>Espacio de trabajo personalizable<\/strong>: Puedes adaptar la interfaz a tu flujo de trabajo, guardar espacios personalizados y acceder r\u00e1pidamente a herramientas mediante atajos de teclado.<\/li>\n<\/ul>\n\n\n\n<h3 class=\"wp-block-heading\">Una herramienta profesional sin ataduras<\/h3>\n\n\n\n<p>Affinity Photo se posiciona como una soluci\u00f3n robusta y profesional para quienes desean mantener un alto nivel de edici\u00f3n sin incurrir en suscripciones mensuales. Ya sea que vengas del ecosistema Adobe o que est\u00e9s comenzando en el mundo del dise\u00f1o y la fotograf\u00eda, esta aplicaci\u00f3n ofrece una experiencia completa, moderna y eficiente.<\/p>\n\n\n\n<p>En definitiva, si buscas independencia, control total sobre tus archivos y una herramienta que realmente compita con los grandes, <strong>Affinity Photo<\/strong> es una elecci\u00f3n inteligente. La curva de aprendizaje es amigable, y su comunidad de usuarios sigue creciendo gracias a la calidad del producto y al compromiso continuo de sus desarrolladores.<\/p>\n\n\n\n<p><a href=\"https:\/\/affinity.serif.com\/es\/photo\/?srsltid=AfmBOorhkYf8MtN9QRt0TbcO16LLdbpyJG1iwqBfTajp6_WBhu45QJ4H\" data-type=\"link\" data-id=\"https:\/\/affinity.serif.com\/es\/photo\/?srsltid=AfmBOorhkYf8MtN9QRt0TbcO16LLdbpyJG1iwqBfTajp6_WBhu45QJ4H\" target=\"_blank\" rel=\"noreferrer noopener\">affinity.serif.com\/es\/photo\/<\/a><\/p>\n\n\n\n<p>Disponible para compra en el <a href=\"https:\/\/apps.apple.com\/us\/app\/affinity-photo-2-image-editor\/id1616822987?mt=12\" data-type=\"link\" data-id=\"https:\/\/apps.apple.com\/us\/app\/affinity-photo-2-image-editor\/id1616822987?mt=12\" target=\"_blank\" rel=\"noreferrer noopener\">App Store<\/a>. \u00a1Desc\u00fabrelo hoy!<\/p>","protected":false},"excerpt":{"rendered":"<p>Gracias a la recomendaci\u00f3n de mi amigo Gilberto, recientemente tuve la oportunidad de probar Affinity Photo, una aplicaci\u00f3n de edici\u00f3n fotogr\u00e1fica que, hasta hace poco, desconoc\u00eda por completo. Lo cierto es que part\u00eda desde cero, sin expectativas ni referencias previas. Sin embargo, lo que descubr\u00ed me sorprendi\u00f3 gratamente. Gilberto me explic\u00f3 que la empresa detr\u00e1s &hellip;<\/p>","protected":false},"author":2,"featured_media":22599,"comment_status":"open","ping_status":"open","sticky":false,"template":"","format":"standard","meta":{"jetpack_post_was_ever_published":false,"_jetpack_newsletter_access":"","_jetpack_dont_email_post_to_subs":false,"_jetpack_newsletter_tier_id":0,"_jetpack_memberships_contains_paywalled_content":false,"_jetpack_memberships_contains_paid_content":false,"footnotes":"","jetpack_publicize_message":"","jetpack_publicize_feature_enabled":true,"jetpack_social_post_already_shared":true,"jetpack_social_options":{"image_generator_settings":{"template":"highway","default_image_id":0,"font":"","enabled":false},"version":2}},"categories":[5,46],"tags":[1422],"class_list":["post-22598","post","type-post","status-publish","format-standard","has-post-thumbnail","hentry","category-apple","category-apps","tag-affinity-photo"],"jetpack_publicize_connections":[],"jetpack_featured_media_url":"https:\/\/www.macquero.com\/wp-content\/uploads\/2025\/05\/photo.png","jetpack_sharing_enabled":true,"_links":{"self":[{"href":"https:\/\/www.macquero.com\/en\/wp-json\/wp\/v2\/posts\/22598","targetHints":{"allow":["GET"]}}],"collection":[{"href":"https:\/\/www.macquero.com\/en\/wp-json\/wp\/v2\/posts"}],"about":[{"href":"https:\/\/www.macquero.com\/en\/wp-json\/wp\/v2\/types\/post"}],"author":[{"embeddable":true,"href":"https:\/\/www.macquero.com\/en\/wp-json\/wp\/v2\/users\/2"}],"replies":[{"embeddable":true,"href":"https:\/\/www.macquero.com\/en\/wp-json\/wp\/v2\/comments?post=22598"}],"version-history":[{"count":1,"href":"https:\/\/www.macquero.com\/en\/wp-json\/wp\/v2\/posts\/22598\/revisions"}],"predecessor-version":[{"id":22600,"href":"https:\/\/www.macquero.com\/en\/wp-json\/wp\/v2\/posts\/22598\/revisions\/22600"}],"wp:featuredmedia":[{"embeddable":true,"href":"https:\/\/www.macquero.com\/en\/wp-json\/wp\/v2\/media\/22599"}],"wp:attachment":[{"href":"https:\/\/www.macquero.com\/en\/wp-json\/wp\/v2\/media?parent=22598"}],"wp:term":[{"taxonomy":"category","embeddable":true,"href":"https:\/\/www.macquero.com\/en\/wp-json\/wp\/v2\/categories?post=22598"},{"taxonomy":"post_tag","embeddable":true,"href":"https:\/\/www.macquero.com\/en\/wp-json\/wp\/v2\/tags?post=22598"}],"curies":[{"name":"wp","href":"https:\/\/api.w.org\/{rel}","templated":true}]}}