{"id":22584,"date":"2025-05-14T16:42:04","date_gmt":"2025-05-14T22:42:04","guid":{"rendered":"https:\/\/www.macquero.com\/?p=22584"},"modified":"2025-05-14T16:44:45","modified_gmt":"2025-05-14T22:44:45","slug":"adquisicion-de-nueva-mac-mini-m4-un-nuevo-comienzo-agradecimientos-a-la-gente-de-apple-planet-en-caracas","status":"publish","type":"post","link":"https:\/\/www.macquero.com\/en\/2025\/05\/adquisicion-de-nueva-mac-mini-m4-un-nuevo-comienzo-agradecimientos-a-la-gente-de-apple-planet-en-caracas\/","title":{"rendered":"Adquisici\u00f3n de nueva Mac Mini M4: Un nuevo comienzo. (Agradecimientos a la gente de Apple Planet en Caracas)."},"content":{"rendered":"<p>Hoy, mi\u00e9rcoles 14, hemos adquirido una Mac Mini equipada con el procesador M4, marcando un salto significativo desde macOS 10.12 hasta Sequoia 15.3. A\u00fan resta actualizar el sistema a su versi\u00f3n m\u00e1s estable, pero ya los primeros resultados son m\u00e1s que prometedores.<\/p>\n\n\n\n<h2 class=\"wp-block-heading\">Experiencia<\/h2>\n\n\n\n<p>Esta actualizaci\u00f3n representa un cambio absoluto, no solo en t\u00e9rminos de interfaz, sino tambi\u00e9n en velocidad y rendimiento. Despu\u00e9s de casi 14 a\u00f1os sin renovar equipo, la experiencia ha superado ampliamente mis expectativas. Lo m\u00e1s gratificante ha sido <strong>eliminar las limitaciones<\/strong> al momento de actualizar aplicaciones de terceros, lo que ampl\u00eda considerablemente mis posibilidades como profesional.<\/p>\n\n\n\n<p>Como desarrollador web, durante a\u00f1os me vi obligado a trabajar sorteando m\u00faltiples barreras t\u00e9cnicas, adapt\u00e1ndome mediante el uso de herramientas basadas en inteligencia artificial para poder seguir co existiendo. Hoy, por fin, cuento con un equipo que me permitir\u00e1 dar continuidad a todos mis proyectos, ofreciendo una nueva cara a mi trabajo y mejorando notablemente la calidad del contenido que comparto.<\/p>\n\n\n\n<p>A partir de esta semana, <strong>mi feed se mantendr\u00e1 actualizado con consejos<\/strong>: noticias y recursos relacionados con el mundo Apple: aplicaciones, herramientas, trucos y secretos para sacar el m\u00e1ximo provecho a tu Mac. <strong>Tambi\u00e9n abordaremos tem\u00e1ticas vinculadas al dise\u00f1o, programaci\u00f3n, inteligencia artificial y herramientas \u00fatiles tanto para dise\u00f1adores como para desarrolladores.<\/strong><\/p>\n\n\n\n<h2 class=\"wp-block-heading\">Agradecimientos<\/h2>\n\n\n\n<p>Quiero agradecer la esmerada atenci\u00f3n recibida en la tienda donde adquir\u00ed mi nuevo equipo. Gracias por brindarme el impulso necesario para continuar con este proyecto.<\/p>\n\n\n\n<p><a href=\"https:\/\/www.instagram.com\/appleplanet.ve\/\" data-type=\"link\" data-id=\"https:\/\/www.instagram.com\/appleplanet.ve\/\" target=\"_blank\" rel=\"noreferrer noopener\">@appleplanet.ve<\/a> Instagram. <\/p>\n\n\n\n<p><a href=\"https:\/\/www.apple.com\/mx\/mac-mini\/\" data-type=\"link\" data-id=\"https:\/\/www.apple.com\/mx\/mac-mini\/\" target=\"_blank\" rel=\"noreferrer noopener\">www.apple.com\/mx\/mac-mini<\/a><\/p>","protected":false},"excerpt":{"rendered":"<p>Hoy, mi\u00e9rcoles 14, hemos adquirido una Mac Mini equipada con el procesador M4, marcando un salto significativo desde macOS 10.12 hasta Sequoia 15.3. A\u00fan resta actualizar el sistema a su versi\u00f3n m\u00e1s estable, pero ya los primeros resultados son m\u00e1s que prometedores. Experiencia Esta actualizaci\u00f3n representa un cambio absoluto, no solo en t\u00e9rminos de interfaz, &hellip;<\/p>","protected":false},"author":2,"featured_media":22587,"comment_status":"open","ping_status":"open","sticky":false,"template":"","format":"standard","meta":{"jetpack_post_was_ever_published":false,"_jetpack_newsletter_access":"","_jetpack_dont_email_post_to_subs":false,"_jetpack_newsletter_tier_id":0,"_jetpack_memberships_contains_paywalled_content":false,"_jetpack_memberships_contains_paid_content":false,"footnotes":"","jetpack_publicize_message":"","jetpack_publicize_feature_enabled":true,"jetpack_social_post_already_shared":true,"jetpack_social_options":{"image_generator_settings":{"template":"highway","default_image_id":0,"font":"","enabled":false},"version":2}},"categories":[5],"tags":[],"class_list":["post-22584","post","type-post","status-publish","format-standard","has-post-thumbnail","hentry","category-apple"],"jetpack_publicize_connections":[],"jetpack_featured_media_url":"https:\/\/www.macquero.com\/wp-content\/uploads\/2025\/05\/macmini2.png","jetpack_sharing_enabled":true,"_links":{"self":[{"href":"https:\/\/www.macquero.com\/en\/wp-json\/wp\/v2\/posts\/22584","targetHints":{"allow":["GET"]}}],"collection":[{"href":"https:\/\/www.macquero.com\/en\/wp-json\/wp\/v2\/posts"}],"about":[{"href":"https:\/\/www.macquero.com\/en\/wp-json\/wp\/v2\/types\/post"}],"author":[{"embeddable":true,"href":"https:\/\/www.macquero.com\/en\/wp-json\/wp\/v2\/users\/2"}],"replies":[{"embeddable":true,"href":"https:\/\/www.macquero.com\/en\/wp-json\/wp\/v2\/comments?post=22584"}],"version-history":[{"count":1,"href":"https:\/\/www.macquero.com\/en\/wp-json\/wp\/v2\/posts\/22584\/revisions"}],"predecessor-version":[{"id":22586,"href":"https:\/\/www.macquero.com\/en\/wp-json\/wp\/v2\/posts\/22584\/revisions\/22586"}],"wp:featuredmedia":[{"embeddable":true,"href":"https:\/\/www.macquero.com\/en\/wp-json\/wp\/v2\/media\/22587"}],"wp:attachment":[{"href":"https:\/\/www.macquero.com\/en\/wp-json\/wp\/v2\/media?parent=22584"}],"wp:term":[{"taxonomy":"category","embeddable":true,"href":"https:\/\/www.macquero.com\/en\/wp-json\/wp\/v2\/categories?post=22584"},{"taxonomy":"post_tag","embeddable":true,"href":"https:\/\/www.macquero.com\/en\/wp-json\/wp\/v2\/tags?post=22584"}],"curies":[{"name":"wp","href":"https:\/\/api.w.org\/{rel}","templated":true}]}}