{"id":22574,"date":"2025-05-14T00:20:00","date_gmt":"2025-05-14T06:20:00","guid":{"rendered":"https:\/\/www.macquero.com\/?p=22574"},"modified":"2025-05-12T02:30:00","modified_gmt":"2025-05-12T08:30:00","slug":"dracula-la-historia-jamas-contada-pelicula-de-accion-fantasia-y-horror-disponible-en-netflix","status":"publish","type":"post","link":"https:\/\/www.macquero.com\/en\/2025\/05\/dracula-la-historia-jamas-contada-pelicula-de-accion-fantasia-y-horror-disponible-en-netflix\/","title":{"rendered":"\u201cDracula: The Untold Story.\u201d Action, fantasy and horror film. - Available on Netflix."},"content":{"rendered":"<p>Dr\u00e1cula: La historia jam\u00e1s contada es una pel\u00edcula de acci\u00f3n, fantas\u00eda y horror dirigida por Gary Shore, protagonizada por <strong>Luke Evans<\/strong> como Vlad III, el personaje hist\u00f3rico que inspira la leyenda de Dr\u00e1cula. A diferencia de otras adaptaciones centradas en el monstruo vamp\u00edrico cl\u00e1sico, esta versi\u00f3n ofrece una mirada m\u00e1s humana al personaje, explorando su pasado como pr\u00edncipe y guerrero antes de su transformaci\u00f3n en criatura de la noche.<\/p>\n\n\n\n<h2 class=\"wp-block-heading\">Narrativa<\/h2>\n\n\n\n<p>La historia se sit\u00faa en el siglo XV, en la regi\u00f3n de Transilvania. Vlad Tepes, tambi\u00e9n conocido como Vlad el Empalador, es un pr\u00edncipe respetado y temido, conocido por sus haza\u00f1as durante su tiempo como soldado al servicio del Imperio Otomano. Ahora gobernante de su tierra natal, busca mantener la paz para su pueblo y proteger a su familia: su esposa Mirena (<a href=\"https:\/\/www.instagram.com\/sarahgadon\/\" data-type=\"link\" data-id=\"https:\/\/www.instagram.com\/sarahgadon\/\" target=\"_blank\" rel=\"noreferrer noopener\">Sarah Gadon<\/a>) y su hijo Ingeras.<\/p>\n\n\n\n<p>Sin embargo, la paz se ve amenazada cuando el sult\u00e1n Mehmed II (<strong>Dominic Cooper<\/strong>) exige un tributo de mil ni\u00f1os para su ej\u00e9rcito, incluyendo al hijo de Vlad. Esta demanda reabre viejas heridas en Vlad, quien fue uno de esos ni\u00f1os entregados al Imperio en su juventud. Decidido a no repetir la historia, Vlad desaf\u00eda al Imperio Otomano, consciente de que no tiene los medios para derrotarlo en batalla convencional.<\/p>\n\n\n\n<h2 class=\"wp-block-heading\">Desarrollo<\/h2>\n\n\n\n<p>El cl\u00edmax de la pel\u00edcula ocurre cuando Mehmed secuestra al hijo de Vlad. En una \u00faltima batalla, Vlad libera todo su poder vamp\u00edrico, sacrificando lo que quedaba de su humanidad para salvar a su hijo. Mirena muere durante el enfrentamiento, y con su \u00faltimo aliento, pide a Vlad que beba su sangre, aceptando as\u00ed su destino como vampiro.<\/p>\n\n\n\n<p>La pel\u00edcula concluye en el presente, con Vlad, a\u00fan vivo y convertido en un ser inmortal, encontr\u00e1ndose con una mujer id\u00e9ntica a Mirena. El antiguo vampiro que le dio sus poderes lo observa desde lejos, insinuando que el juego entre el bien y el mal contin\u00faa.<\/p>\n\n\n\n<p>Dr\u00e1cula: La historia jam\u00e1s contada re imagina el mito de Dr\u00e1cula como una tragedia heroica, combinando elementos hist\u00f3ricos y fant\u00e1sticos para ofrecer una nueva perspectiva sobre un personaje cl\u00e1sico.<\/p>\n\n\n\n<p>Calificaci\u00f3n: &#x2b50;&#x2b50;&#x2b50;&#x2b50;&#x2b50;<\/p>","protected":false},"excerpt":{"rendered":"<p>Dr\u00e1cula: La historia jam\u00e1s contada es una pel\u00edcula de acci\u00f3n, fantas\u00eda y horror dirigida por Gary Shore, protagonizada por Luke Evans como Vlad III, el personaje hist\u00f3rico que inspira la leyenda de Dr\u00e1cula. A diferencia de otras adaptaciones centradas en el monstruo vamp\u00edrico cl\u00e1sico, esta versi\u00f3n ofrece una mirada m\u00e1s humana al personaje, explorando su &hellip;<\/p>","protected":false},"author":2,"featured_media":22575,"comment_status":"open","ping_status":"open","sticky":false,"template":"","format":"standard","meta":{"jetpack_post_was_ever_published":false,"_jetpack_newsletter_access":"","_jetpack_dont_email_post_to_subs":false,"_jetpack_newsletter_tier_id":0,"_jetpack_memberships_contains_paywalled_content":false,"_jetpack_memberships_contains_paid_content":false,"footnotes":"","jetpack_publicize_message":"","jetpack_publicize_feature_enabled":true,"jetpack_social_post_already_shared":true,"jetpack_social_options":{"image_generator_settings":{"template":"highway","default_image_id":0,"font":"","enabled":false},"version":2}},"categories":[1102,766],"tags":[757,1025,534],"class_list":["post-22574","post","type-post","status-publish","format-standard","has-post-thumbnail","hentry","category-favoritos","category-cine-netflix","tag-accion","tag-fantasia","tag-horror"],"jetpack_publicize_connections":[],"jetpack_featured_media_url":"https:\/\/www.macquero.com\/wp-content\/uploads\/2025\/05\/ac.jpg","jetpack_sharing_enabled":true,"_links":{"self":[{"href":"https:\/\/www.macquero.com\/en\/wp-json\/wp\/v2\/posts\/22574","targetHints":{"allow":["GET"]}}],"collection":[{"href":"https:\/\/www.macquero.com\/en\/wp-json\/wp\/v2\/posts"}],"about":[{"href":"https:\/\/www.macquero.com\/en\/wp-json\/wp\/v2\/types\/post"}],"author":[{"embeddable":true,"href":"https:\/\/www.macquero.com\/en\/wp-json\/wp\/v2\/users\/2"}],"replies":[{"embeddable":true,"href":"https:\/\/www.macquero.com\/en\/wp-json\/wp\/v2\/comments?post=22574"}],"version-history":[{"count":1,"href":"https:\/\/www.macquero.com\/en\/wp-json\/wp\/v2\/posts\/22574\/revisions"}],"predecessor-version":[{"id":22576,"href":"https:\/\/www.macquero.com\/en\/wp-json\/wp\/v2\/posts\/22574\/revisions\/22576"}],"wp:featuredmedia":[{"embeddable":true,"href":"https:\/\/www.macquero.com\/en\/wp-json\/wp\/v2\/media\/22575"}],"wp:attachment":[{"href":"https:\/\/www.macquero.com\/en\/wp-json\/wp\/v2\/media?parent=22574"}],"wp:term":[{"taxonomy":"category","embeddable":true,"href":"https:\/\/www.macquero.com\/en\/wp-json\/wp\/v2\/categories?post=22574"},{"taxonomy":"post_tag","embeddable":true,"href":"https:\/\/www.macquero.com\/en\/wp-json\/wp\/v2\/tags?post=22574"}],"curies":[{"name":"wp","href":"https:\/\/api.w.org\/{rel}","templated":true}]}}