{"id":22562,"date":"2025-05-11T00:20:00","date_gmt":"2025-05-11T06:20:00","guid":{"rendered":"https:\/\/www.macquero.com\/?p=22562"},"modified":"2025-05-08T00:21:25","modified_gmt":"2025-05-08T06:21:25","slug":"intimidad-serie-dramatica-disponible-en-netflix","status":"publish","type":"post","link":"https:\/\/www.macquero.com\/en\/2025\/05\/intimidad-serie-dramatica-disponible-en-netflix\/","title":{"rendered":"\u201cIntimidad\u201d serie dram\u00e1tica. \u2013 Disponible en Netflix."},"content":{"rendered":"<p>Intimidad es una serie dram\u00e1tica de origen espa\u00f1ol que explora el impacto personal, social y pol\u00edtico de la vulneraci\u00f3n de la privacidad, centr\u00e1ndose en c\u00f3mo la filtraci\u00f3n de im\u00e1genes \u00edntimas puede destruir vidas, carreras y relaciones. Creada por Ver\u00f3nica Fern\u00e1ndez e Itziar Ugarte, la historia entrelaza las vidas de varias mujeres afectadas por la exposici\u00f3n no consentida de contenido sexual o \u00edntimo.<\/p>\n\n\n\n<p>La serie se ambienta en Bilbao y gira principalmente en torno a <strong>Malena Ortiz<\/strong> (interpretada por Itziar Itu\u00f1o), una ambiciosa pol\u00edtica y vicealcaldesa que se encuentra en ascenso hacia la alcald\u00eda. Todo cambia cuando se filtra a la prensa un video sexual suyo, grabado sin su consentimiento. A ra\u00edz de esta violaci\u00f3n de su intimidad, Malena debe enfrentarse a la presi\u00f3n de los medios, el juicio social, el desprecio pol\u00edtico y los conflictos dentro de su familia, todo mientras lucha por conservar su integridad, su carrera y su dignidad.<\/p>\n\n\n\n<p>En paralelo, la historia introduce a <strong>Ane<\/strong>, una joven trabajadora de una f\u00e1brica que tambi\u00e9n fue v\u00edctima de una filtraci\u00f3n de contenido \u00edntimo en su entorno laboral. Humillada y aislada, Ane no encuentra apoyo ni comprensi\u00f3n de parte de sus compa\u00f1eros ni de su empresa, lo que la lleva a una profunda crisis personal con tr\u00e1gicas consecuencias. Su hermana <strong>Bego\u00f1a<\/strong> (Patricia L\u00f3pez Arnaiz) se convierte en otra de las protagonistas, ya que tras la muerte de Ane, decide buscar justicia y exponer la cultura de silencio y complicidad que permiti\u00f3 ese abuso.<\/p>\n\n\n\n<p>A lo largo de los episodios, la serie presenta una narrativa coral que tambi\u00e9n incluye a otros personajes femeninos, como <strong>Alicia<\/strong>, una periodista decidida a investigar los casos de filtraci\u00f3n y a cuestionar el papel de los medios en la revictimizaci\u00f3n, y <strong>Leire<\/strong>, la hija adolescente de Malena, quien tambi\u00e9n sufre el impacto de la exposici\u00f3n p\u00fablica de su madre.<\/p>\n\n\n\n<h2 class=\"wp-block-heading\">Temas <\/h2>\n\n\n\n<p>Intimidad aborda temas muy actuales como la violencia digital, la \u00e9tica en los medios de comunicaci\u00f3n, el machismo en el entorno laboral y pol\u00edtico, y la forma en que la sociedad juzga a las mujeres por su vida privada. Se destaca por mostrar el trauma emocional de las v\u00edctimas y la dificultad de defenderse cuando las instituciones fallan o se lavan las manos.<\/p>\n\n\n\n<p>La serie no solo expone la problem\u00e1tica de la violaci\u00f3n de la privacidad, sino que tambi\u00e9n plantea una reflexi\u00f3n sobre la empat\u00eda, la sororidad y la necesidad de cambiar las estructuras sociales que permiten este tipo de abusos. Cada una de las protagonistas encuentra su propia forma de resistencia, desde la denuncia hasta la reconstrucci\u00f3n personal, mostrando que, a pesar del dolor, es posible recuperar el control sobre la propia vida.<\/p>\n\n\n\n<p>Visualmente sobria y narrativamente s\u00f3lida, <em>Intimidad<\/em> es una obra poderosa que combina drama pol\u00edtico y humano, ofreciendo una cr\u00edtica contundente a una sociedad que todav\u00eda penaliza a las mujeres por su sexualidad, en lugar de condenar a quienes vulneran su intimidad.<\/p>\n\n\n\n<p>Calificaci\u00f3n: &#x2b50;&#x2b50;&#x2b50;&#x2b50;&#x2b50;<\/p>","protected":false},"excerpt":{"rendered":"<p>Intimidad es una serie dram\u00e1tica de origen espa\u00f1ol que explora el impacto personal, social y pol\u00edtico de la vulneraci\u00f3n de la privacidad, centr\u00e1ndose en c\u00f3mo la filtraci\u00f3n de im\u00e1genes \u00edntimas puede destruir vidas, carreras y relaciones. Creada por Ver\u00f3nica Fern\u00e1ndez e Itziar Ugarte, la historia entrelaza las vidas de varias mujeres afectadas por la exposici\u00f3n &hellip;<\/p>","protected":false},"author":2,"featured_media":22563,"comment_status":"open","ping_status":"open","sticky":false,"template":"","format":"standard","meta":{"jetpack_post_was_ever_published":false,"_jetpack_newsletter_access":"","_jetpack_dont_email_post_to_subs":false,"_jetpack_newsletter_tier_id":0,"_jetpack_memberships_contains_paywalled_content":false,"_jetpack_memberships_contains_paid_content":false,"footnotes":"","jetpack_publicize_message":"","jetpack_publicize_feature_enabled":true,"jetpack_social_post_already_shared":true,"jetpack_social_options":{"image_generator_settings":{"template":"highway","default_image_id":0,"font":"","enabled":false},"version":2}},"categories":[732],"tags":[303],"class_list":["post-22562","post","type-post","status-publish","format-standard","has-post-thumbnail","hentry","category-series","tag-drama"],"jetpack_publicize_connections":[],"jetpack_featured_media_url":"https:\/\/www.macquero.com\/wp-content\/uploads\/2025\/05\/im.jpg","jetpack_sharing_enabled":true,"_links":{"self":[{"href":"https:\/\/www.macquero.com\/en\/wp-json\/wp\/v2\/posts\/22562","targetHints":{"allow":["GET"]}}],"collection":[{"href":"https:\/\/www.macquero.com\/en\/wp-json\/wp\/v2\/posts"}],"about":[{"href":"https:\/\/www.macquero.com\/en\/wp-json\/wp\/v2\/types\/post"}],"author":[{"embeddable":true,"href":"https:\/\/www.macquero.com\/en\/wp-json\/wp\/v2\/users\/2"}],"replies":[{"embeddable":true,"href":"https:\/\/www.macquero.com\/en\/wp-json\/wp\/v2\/comments?post=22562"}],"version-history":[{"count":1,"href":"https:\/\/www.macquero.com\/en\/wp-json\/wp\/v2\/posts\/22562\/revisions"}],"predecessor-version":[{"id":22564,"href":"https:\/\/www.macquero.com\/en\/wp-json\/wp\/v2\/posts\/22562\/revisions\/22564"}],"wp:featuredmedia":[{"embeddable":true,"href":"https:\/\/www.macquero.com\/en\/wp-json\/wp\/v2\/media\/22563"}],"wp:attachment":[{"href":"https:\/\/www.macquero.com\/en\/wp-json\/wp\/v2\/media?parent=22562"}],"wp:term":[{"taxonomy":"category","embeddable":true,"href":"https:\/\/www.macquero.com\/en\/wp-json\/wp\/v2\/categories?post=22562"},{"taxonomy":"post_tag","embeddable":true,"href":"https:\/\/www.macquero.com\/en\/wp-json\/wp\/v2\/tags?post=22562"}],"curies":[{"name":"wp","href":"https:\/\/api.w.org\/{rel}","templated":true}]}}