{"id":22559,"date":"2025-05-10T00:20:00","date_gmt":"2025-05-10T06:20:00","guid":{"rendered":"https:\/\/www.macquero.com\/?p=22559"},"modified":"2025-05-08T00:11:24","modified_gmt":"2025-05-08T06:11:24","slug":"altered-carbon-serie-de-ciencia-ficcion-cyberpunk-disponible-en-netflix","status":"publish","type":"post","link":"https:\/\/www.macquero.com\/en\/2025\/05\/altered-carbon-serie-de-ciencia-ficcion-cyberpunk-disponible-en-netflix\/","title":{"rendered":"\u201cAltered Carbon&#8221; serie de ciencia ficci\u00f3n cyberpunk. \u2013 Disponible en Netflix."},"content":{"rendered":"<p>Altered Carbon es una serie de ciencia ficci\u00f3n cyberpunk basada en la novela hom\u00f3nima de Richard K. Morgan. Ambientada en el siglo XXIV, la historia presenta un futuro donde la conciencia humana puede digitalizarse y transferirse a distintos cuerpos, conocidos como \u201cfundas\u201d. Esta tecnolog\u00eda es posible gracias a los &#8220;stacks&#8221; o <strong>pilas corticales<\/strong>, dispositivos implantados en la base del cr\u00e1neo que almacenan la identidad y memoria de cada persona. Esto ha cambiado radicalmente el concepto de la muerte, que solo es permanente si se destruye la pila.<\/p>\n\n\n\n<h2 class=\"wp-block-heading\">Trama<\/h2>\n\n\n\n<p>La trama gira en torno a <strong>Takeshi Kovacs<\/strong>, un ex soldado de \u00e9lite del grupo rebelde <strong>Los Enviados<\/strong>, que es revivido tras 250 a\u00f1os en prisi\u00f3n por un poderoso &#8220;Meth&#8221; (una clase de millonarios pr\u00e1cticamente inmortales llamados as\u00ed por Matusal\u00e9n), llamado <strong>Laurens Bancroft<\/strong>. Este millonario ha sido asesinado&#8230; o eso parece, ya que ha regresado en una nueva funda, pero sin memoria de las \u00faltimas 48 horas. Bancroft cree que fue asesinado y que el suicidio registrado en sus datos es una falsificaci\u00f3n, por lo que contrata a Kovacs para resolver el misterio.<\/p>\n\n\n\n<p>Al principio, Kovacs no tiene inter\u00e9s en la misi\u00f3n, pero poco a poco se ve arrastrado a un mundo de conspiraciones, secretos oscuros, corrupci\u00f3n institucional y dilemas \u00e9ticos sobre la identidad, el alma y la inmortalidad. A lo largo de la serie, va reconstruyendo su pasado, sus ideales perdidos como miembro de los Enviados, y su conexi\u00f3n emocional con <strong>Quellcrist Falconer<\/strong>, la l\u00edder revolucionaria que inspir\u00f3 su causa original.<\/p>\n\n\n\n<p>En paralelo, Kovacs se relaciona con <strong>Kristin Ortega<\/strong> (<a href=\"https:\/\/www.instagram.com\/marthahigareda\/\" data-type=\"link\" data-id=\"https:\/\/www.instagram.com\/marthahigareda\/\" target=\"_blank\" rel=\"noreferrer noopener\">Martha Higareda<\/a>), una detective de polic\u00eda que guarda sus propios secretos y que vigila a Kovacs por razones personales. A medida que la investigaci\u00f3n avanza, se revelan los excesos y horrores que los Meths cometen gracias a su impunidad, incluyendo abusos, cr\u00edmenes sin castigo y la creaci\u00f3n de fundas para fines inmorales.<\/p>\n\n\n\n<h2 class=\"wp-block-heading\">Temporada 1<\/h2>\n\n\n\n<p>La primera temporada (2018), protagonizada por <strong>Joel Kinnaman<\/strong> como la funda de Kovacs, se centra en este asesinato e introduce los principales conceptos del universo de Altered Carbon: la desigualdad social extrema, la p\u00e9rdida de humanidad a trav\u00e9s de la tecnolog\u00eda, y la lucha por preservar la esencia humana frente a la inmortalidad artificial.<\/p>\n\n\n\n<h2 class=\"wp-block-heading\">Temporada 2<\/h2>\n\n\n\n<p>La segunda temporada (2020), protagonizada por <strong>Anthony Mackie<\/strong> como una nueva funda de Kovacs, sigue su b\u00fasqueda de Quellcrist Falconer, quien reaparece misteriosamente en el planeta Harlan\u2019s World. Esta entrega explora m\u00e1s a fondo los or\u00edgenes del &#8220;stack&#8221;, las verdaderas intenciones detr\u00e1s de la rebeli\u00f3n, y el precio emocional que implica vivir m\u00faltiples vidas.<\/p>\n\n\n\n<h2 class=\"wp-block-heading\">Efectos especiales<\/h2>\n\n\n\n<p>La serie destaca por su <strong>est\u00e9tica cyberpunk, con ciudades ne\u00f3n, inteligencia artificial, violencia estilizada y cuestionamientos filos\u00f3ficos profundos.<\/strong> Tambi\u00e9n introduce personajes secundarios memorables como <strong>Poe<\/strong>, una IA inspirada en Edgar Allan Poe que maneja un hotel y se convierte en el leal aliado de Kovacs.<\/p>\n\n\n\n<p><em>Altered Carbon<\/em> combina acci\u00f3n, misterio y filosof\u00eda en un universo visualmente impactante, donde el alma humana se vuelve una mercanc\u00eda, y la lucha por la identidad se convierte en una forma de resistencia.<\/p>\n\n\n\n<p>Calificaci\u00f3n: &#x2b50;&#x2b50;&#x2b50;&#x2b50;&#x2b50;<\/p>","protected":false},"excerpt":{"rendered":"<p>Altered Carbon es una serie de ciencia ficci\u00f3n cyberpunk basada en la novela hom\u00f3nima de Richard K. Morgan. Ambientada en el siglo XXIV, la historia presenta un futuro donde la conciencia humana puede digitalizarse y transferirse a distintos cuerpos, conocidos como \u201cfundas\u201d. Esta tecnolog\u00eda es posible gracias a los &#8220;stacks&#8221; o pilas corticales, dispositivos implantados &hellip;<\/p>","protected":false},"author":2,"featured_media":22560,"comment_status":"open","ping_status":"open","sticky":false,"template":"","format":"standard","meta":{"jetpack_post_was_ever_published":false,"_jetpack_newsletter_access":"","_jetpack_dont_email_post_to_subs":false,"_jetpack_newsletter_tier_id":0,"_jetpack_memberships_contains_paywalled_content":false,"_jetpack_memberships_contains_paid_content":false,"footnotes":"","jetpack_publicize_message":"","jetpack_publicize_feature_enabled":true,"jetpack_social_post_already_shared":true,"jetpack_social_options":{"image_generator_settings":{"template":"highway","default_image_id":0,"font":"","enabled":false},"version":2}},"categories":[1101,732],"tags":[682,431,303],"class_list":["post-22559","post","type-post","status-publish","format-standard","has-post-thumbnail","hentry","category-recomendado","category-series","tag-accion-y-aventura","tag-ciencia-ficcion","tag-drama"],"jetpack_publicize_connections":[],"jetpack_featured_media_url":"https:\/\/www.macquero.com\/wp-content\/uploads\/2025\/05\/dc.jpg","jetpack_sharing_enabled":true,"_links":{"self":[{"href":"https:\/\/www.macquero.com\/en\/wp-json\/wp\/v2\/posts\/22559","targetHints":{"allow":["GET"]}}],"collection":[{"href":"https:\/\/www.macquero.com\/en\/wp-json\/wp\/v2\/posts"}],"about":[{"href":"https:\/\/www.macquero.com\/en\/wp-json\/wp\/v2\/types\/post"}],"author":[{"embeddable":true,"href":"https:\/\/www.macquero.com\/en\/wp-json\/wp\/v2\/users\/2"}],"replies":[{"embeddable":true,"href":"https:\/\/www.macquero.com\/en\/wp-json\/wp\/v2\/comments?post=22559"}],"version-history":[{"count":1,"href":"https:\/\/www.macquero.com\/en\/wp-json\/wp\/v2\/posts\/22559\/revisions"}],"predecessor-version":[{"id":22561,"href":"https:\/\/www.macquero.com\/en\/wp-json\/wp\/v2\/posts\/22559\/revisions\/22561"}],"wp:featuredmedia":[{"embeddable":true,"href":"https:\/\/www.macquero.com\/en\/wp-json\/wp\/v2\/media\/22560"}],"wp:attachment":[{"href":"https:\/\/www.macquero.com\/en\/wp-json\/wp\/v2\/media?parent=22559"}],"wp:term":[{"taxonomy":"category","embeddable":true,"href":"https:\/\/www.macquero.com\/en\/wp-json\/wp\/v2\/categories?post=22559"},{"taxonomy":"post_tag","embeddable":true,"href":"https:\/\/www.macquero.com\/en\/wp-json\/wp\/v2\/tags?post=22559"}],"curies":[{"name":"wp","href":"https:\/\/api.w.org\/{rel}","templated":true}]}}