{"id":22547,"date":"2025-05-04T00:20:00","date_gmt":"2025-05-04T06:20:00","guid":{"rendered":"https:\/\/www.macquero.com\/?p=22547"},"modified":"2025-05-03T01:38:15","modified_gmt":"2025-05-03T07:38:15","slug":"asterix-y-obelix-el-combate-de-los-jefes-serie-de-animacion-para-toda-la-familia-disponible-en-netflix","status":"publish","type":"post","link":"https:\/\/www.macquero.com\/en\/2025\/05\/asterix-y-obelix-el-combate-de-los-jefes-serie-de-animacion-para-toda-la-familia-disponible-en-netflix\/","title":{"rendered":"\u201cAst\u00e9rix y Ob\u00e9lix: el combate de los jefes\u201d serie de animaci\u00f3n para toda la familia. \u2013 Disponible en Netflix."},"content":{"rendered":"<p>Ast\u00e9rix y Ob\u00e9lix: El combate de los jefes (t\u00edtulo original en franc\u00e9s: Le Combat des chefs) es el s\u00e9ptimo \u00e1lbum de la popular serie de c\u00f3mics creada por Ren\u00e9 Goscinny (guion) y Albert Uderzo (dibujo). Fue publicado por primera vez en 1966 y es una de las historias m\u00e1s ic\u00f3nicas del universo de Ast\u00e9rix, donde el humor, la s\u00e1tira y la aventura se combinan con elementos hist\u00f3ricos y caricaturescos.<\/p>\n\n\n\n<blockquote class=\"wp-block-quote is-layout-flow wp-block-quote-is-layout-flow\">\n<p>Est\u00e1 clar\u00edsimo que est\u00e1 dirigido principalmente al p\u00fablico infantil, pero incluye pasajes sorprendentes que evocan el estilo de las caricaturas de sus historietas originales. Aunque es una obra pensada para los m\u00e1s peque\u00f1os de la casa, contiene momentos realmente divertidos y c\u00f3micos, lo que la convierte en una excelente opci\u00f3n para disfrutar en familia.<\/p>\n<\/blockquote>\n\n\n\n<h2 class=\"wp-block-heading\">Narrativa<\/h2>\n\n\n\n<p>La historia comienza en la famosa aldea gala que resiste heroicamente a los invasores romanos gracias a la poci\u00f3n m\u00e1gica del druida <strong>Panor\u00e1mix<\/strong>, que otorga fuerza sobrehumana a quien la consume. Como siempre, los romanos buscan una forma de derrotarlos, y en esta ocasi\u00f3n el prefecto romano de Lutecia, <strong>Centuri\u00f3n L\u00e1nguidepis<\/strong>, idea un plan diferente: provocar un <strong>combate de jefes<\/strong> entre el jefe galo <strong>Abrarac\u00farcix<\/strong> y un jefe de otra aldea sometida por los romanos, sabiendo que si Abrarac\u00farcix pierde, su aldea deber\u00e1 rendirse seg\u00fan las antiguas costumbres galas.<\/p>\n\n\n\n<p>Para asegurarse la victoria, los romanos secuestran a Panor\u00e1mix y lo llevan a una de sus fortalezas, donde lo exponen a un extra\u00f1o dispositivo que le provoca amnesia. Sin el druida y, por lo tanto, sin la poci\u00f3n m\u00e1gica, la aldea queda vulnerable y en estado de desesperaci\u00f3n. Ast\u00e9rix y Ob\u00e9lix, siempre fieles defensores de su pueblo, inician una misi\u00f3n para rescatar a Panor\u00e1mix y restaurar su memoria.<\/p>\n\n\n\n<p>Mientras tanto, el campe\u00f3n romano designado para el combate de jefes es <strong>Aplusbegalix<\/strong>, un galo traidor corpulento y fuerte, que se enfrenta a un Abrarac\u00farcix mucho menos preparado y sin el apoyo de la poci\u00f3n m\u00e1gica. El tiempo apremia para nuestros h\u00e9roes.<\/p>\n\n\n\n<p>Durante su aventura, Ast\u00e9rix y Ob\u00e9lix intentan todos los m\u00e9todos posibles para que Panor\u00e1mix recupere la memoria: desde la repetici\u00f3n de rutinas cotidianas hasta golpes en la cabeza, pasando por remedios rid\u00edculos. Finalmente, logran su objetivo y el druida puede preparar la poci\u00f3n m\u00e1gica justo a tiempo para que Abrarac\u00farcix la beba antes del combate.<\/p>\n\n\n\n<p>El combate, que parec\u00eda perdido, da un giro inesperado cuando el jefe galo, ahora con fuerza sobrehumana, derrota f\u00e1cilmente a Aplusbegalix. La victoria reafirma la independencia de la aldea frente a los romanos y restablece el orden habitual.<\/p>\n\n\n\n<p>La historia termina con la tradicional escena del banquete bajo las estrellas, donde todos celebran la victoria, salvo el bardo <strong>Asurancet\u00farix<\/strong>, amordazado para evitar que cante.<\/p>\n\n\n\n<h2 class=\"wp-block-heading\">Conclusi\u00f3n<\/h2>\n\n\n\n<p>El combate de los jefes destaca por su agudo humor, sus juegos de palabras y su cr\u00edtica social disfrazada de aventura ligera. <strong>Se burla de la burocracia romana, de la medicina, y de los m\u00e9todos pedag\u00f3gicos, y demuestra una vez m\u00e1s el valor de la amistad, la astucia y la perseverancia.<\/strong> Con dibujos expresivos y di\u00e1logos ingeniosos, esta serie animada reafirma el esp\u00edritu irreverente y entra\u00f1able de la saga de Ast\u00e9rix.<\/p>\n\n\n\n<p>Calificaci\u00f3n: &#x2b50;&#x2b50;&#x2b50;&#x2b50;<\/p>","protected":false},"excerpt":{"rendered":"<p>Ast\u00e9rix y Ob\u00e9lix: El combate de los jefes (t\u00edtulo original en franc\u00e9s: Le Combat des chefs) es el s\u00e9ptimo \u00e1lbum de la popular serie de c\u00f3mics creada por Ren\u00e9 Goscinny (guion) y Albert Uderzo (dibujo). Fue publicado por primera vez en 1966 y es una de las historias m\u00e1s ic\u00f3nicas del universo de Ast\u00e9rix, donde &hellip;<\/p>","protected":false},"author":2,"featured_media":22548,"comment_status":"open","ping_status":"open","sticky":false,"template":"","format":"standard","meta":{"jetpack_post_was_ever_published":false,"_jetpack_newsletter_access":"","_jetpack_dont_email_post_to_subs":false,"_jetpack_newsletter_tier_id":0,"_jetpack_memberships_contains_paywalled_content":false,"_jetpack_memberships_contains_paid_content":false,"footnotes":"","jetpack_publicize_message":"","jetpack_publicize_feature_enabled":true,"jetpack_social_post_already_shared":true,"jetpack_social_options":{"image_generator_settings":{"template":"highway","default_image_id":0,"font":"","enabled":false},"version":2}},"categories":[732],"tags":[1077,453],"class_list":["post-22547","post","type-post","status-publish","format-standard","has-post-thumbnail","hentry","category-series","tag-animacion","tag-para-toda-la-familia"],"jetpack_publicize_connections":[],"jetpack_featured_media_url":"https:\/\/www.macquero.com\/wp-content\/uploads\/2025\/05\/yo.jpg","jetpack_sharing_enabled":true,"_links":{"self":[{"href":"https:\/\/www.macquero.com\/en\/wp-json\/wp\/v2\/posts\/22547","targetHints":{"allow":["GET"]}}],"collection":[{"href":"https:\/\/www.macquero.com\/en\/wp-json\/wp\/v2\/posts"}],"about":[{"href":"https:\/\/www.macquero.com\/en\/wp-json\/wp\/v2\/types\/post"}],"author":[{"embeddable":true,"href":"https:\/\/www.macquero.com\/en\/wp-json\/wp\/v2\/users\/2"}],"replies":[{"embeddable":true,"href":"https:\/\/www.macquero.com\/en\/wp-json\/wp\/v2\/comments?post=22547"}],"version-history":[{"count":1,"href":"https:\/\/www.macquero.com\/en\/wp-json\/wp\/v2\/posts\/22547\/revisions"}],"predecessor-version":[{"id":22549,"href":"https:\/\/www.macquero.com\/en\/wp-json\/wp\/v2\/posts\/22547\/revisions\/22549"}],"wp:featuredmedia":[{"embeddable":true,"href":"https:\/\/www.macquero.com\/en\/wp-json\/wp\/v2\/media\/22548"}],"wp:attachment":[{"href":"https:\/\/www.macquero.com\/en\/wp-json\/wp\/v2\/media?parent=22547"}],"wp:term":[{"taxonomy":"category","embeddable":true,"href":"https:\/\/www.macquero.com\/en\/wp-json\/wp\/v2\/categories?post=22547"},{"taxonomy":"post_tag","embeddable":true,"href":"https:\/\/www.macquero.com\/en\/wp-json\/wp\/v2\/tags?post=22547"}],"curies":[{"name":"wp","href":"https:\/\/api.w.org\/{rel}","templated":true}]}}