{"id":22544,"date":"2025-05-03T01:21:46","date_gmt":"2025-05-03T07:21:46","guid":{"rendered":"https:\/\/www.macquero.com\/?p=22544"},"modified":"2025-05-03T01:21:50","modified_gmt":"2025-05-03T07:21:50","slug":"fire-country-serie-dramatica-de-accion-y-suspenso-temporada-2-disponible-en-netflix","status":"publish","type":"post","link":"https:\/\/www.macquero.com\/en\/2025\/05\/fire-country-serie-dramatica-de-accion-y-suspenso-temporada-2-disponible-en-netflix\/","title":{"rendered":"\u201cFire Country\u201d serie dram\u00e1tica de acci\u00f3n y suspenso. Temporada 2. \u2013 Disponible en Netflix."},"content":{"rendered":"<p>Fire Country es una serie de televisi\u00f3n dram\u00e1tica estadounidense creada por Max Thieriot, Tony Phelan y Joan Rater. La serie se estren\u00f3 en CBS en octubre de 2022 y ha captado r\u00e1pidamente la atenci\u00f3n del p\u00fablico gracias a su enfoque emocional y lleno de acci\u00f3n. Ambientada en California, la trama gira en torno a un grupo de reclusos que, como parte de un programa de rehabilitaci\u00f3n, se une a un equipo de bomberos para combatir incendios forestales.<\/p>\n\n\n\n<h2 class=\"wp-block-heading\">Elenco<\/h2>\n\n\n\n<p>El protagonista principal es <strong>Bode Donovan<\/strong> (interpretado por <a href=\"https:\/\/www.instagram.com\/maxthieriot\" data-type=\"link\" data-id=\"https:\/\/www.instagram.com\/maxthieriot\" target=\"_blank\" rel=\"noreferrer noopener\">Max Thieriot<\/a>), un joven convicto que busca redenci\u00f3n tras cometer errores graves en su pasado. Bode se une voluntariamente al programa de trabajo penitenciario de Cal Fire, la agencia de bomberos forestales de California, con la esperanza de reducir su condena y reconstruir su vida. Sin embargo, lo que hace a\u00fan m\u00e1s intensa su historia es que regresa a su ciudad natal de Edgewater, un lugar cargado de recuerdos dolorosos y relaciones complicadas, incluyendo su distanciamiento con su familia y su ex novia.<\/p>\n\n\n\n<p>Uno de los ejes centrales de la serie es el conflicto interno de Bode, quien lucha constantemente por demostrar que ha cambiado, mientras enfrenta el juicio de quienes lo conocen desde antes de caer en prisi\u00f3n. Su padre, <strong>Vince Leone<\/strong> (<strong>Billy Burke<\/strong>), es el jefe de bomberos local, lo que intensifica a\u00fan m\u00e1s la tensi\u00f3n. Adem\u00e1s, su madre <strong>Sharon Leone<\/strong> (<strong>Diane Farr<\/strong>), tambi\u00e9n est\u00e1 involucrada en el departamento de bomberos, lo que crea un entorno de emociones cruzadas y constantes desaf\u00edos personales y profesionales.<\/p>\n\n\n\n<p>La serie mezcla con habilidad escenas de acci\u00f3n espectaculares, como incendios forestales realistas, rescates arriesgados y situaciones l\u00edmite, con drama emocional profundo. Las historias de los dem\u00e1s bomberos, tanto voluntarios como profesionales, tambi\u00e9n se entrelazan con la narrativa principal. Cada personaje tiene sus propios motivos, heridas del pasado y deseos de superaci\u00f3n, lo que enriquece la trama y genera empat\u00eda en el espectador.<\/p>\n\n\n\n<h2 class=\"wp-block-heading\">Temas de relevancia<\/h2>\n\n\n\n<p>Uno de los elementos m\u00e1s atractivos de Fire Country es su representaci\u00f3n de los bomberos no solo como h\u00e9roes, sino como seres humanos imperfectos, llenos de conflictos y emociones. <\/p>\n\n\n\n<h2 class=\"wp-block-heading\"><strong>Adem\u00e1s, aborda temas relevantes como el sistema penitenciario, la reinserci\u00f3n social, la redenci\u00f3n, la lealtad, la familia, y la lucha contra los desastres naturales provocados por el cambio clim\u00e1tico.<\/strong><\/h2>\n\n\n\n<p>El ritmo narrativo es din\u00e1mico, con episodios cargados de tensi\u00f3n y emociones, con diferentes giros argumentales que mantienen al espectador enganchado. La relaci\u00f3n entre Bode y su entorno evoluciona con el tiempo, mostrando altibajos, sacrificios y momentos de redenci\u00f3n que le dan profundidad a su arco de personaje.<\/p>\n\n\n\n<p>En conclusi\u00f3n, Fire Country es una serie que va m\u00e1s all\u00e1 de la acci\u00f3n y los incendios. <strong>Se trata de una historia de segundas oportunidades, de la fuerza del perd\u00f3n y de la b\u00fasqueda constante de redenci\u00f3n en medio de un escenario tan hostil como el fuego mismo.<\/strong> Su mezcla de drama humano, acci\u00f3n y una propuesta social poderosa la convierten en una serie destacada dentro del panorama televisivo actual.<\/p>\n\n\n\n<p>Calificaci\u00f3n: &#x2b50;&#x2b50;&#x2b50;&#x2b50;&#x2b50;<\/p>","protected":false},"excerpt":{"rendered":"<p>Fire Country es una serie de televisi\u00f3n dram\u00e1tica estadounidense creada por Max Thieriot, Tony Phelan y Joan Rater. La serie se estren\u00f3 en CBS en octubre de 2022 y ha captado r\u00e1pidamente la atenci\u00f3n del p\u00fablico gracias a su enfoque emocional y lleno de acci\u00f3n. Ambientada en California, la trama gira en torno a un &hellip;<\/p>","protected":false},"author":2,"featured_media":22545,"comment_status":"open","ping_status":"open","sticky":false,"template":"","format":"standard","meta":{"jetpack_post_was_ever_published":false,"_jetpack_newsletter_access":"","_jetpack_dont_email_post_to_subs":false,"_jetpack_newsletter_tier_id":0,"_jetpack_memberships_contains_paywalled_content":false,"_jetpack_memberships_contains_paid_content":false,"footnotes":"","jetpack_publicize_message":"","jetpack_publicize_feature_enabled":true,"jetpack_social_post_already_shared":true,"jetpack_social_options":{"image_generator_settings":{"template":"highway","default_image_id":0,"font":"","enabled":false},"version":2}},"categories":[1101,732],"tags":[757,303,1081],"class_list":["post-22544","post","type-post","status-publish","format-standard","has-post-thumbnail","hentry","category-recomendado","category-series","tag-accion","tag-drama","tag-supenso"],"jetpack_publicize_connections":[],"jetpack_featured_media_url":"https:\/\/www.macquero.com\/wp-content\/uploads\/2025\/05\/co.jpg","jetpack_sharing_enabled":true,"_links":{"self":[{"href":"https:\/\/www.macquero.com\/en\/wp-json\/wp\/v2\/posts\/22544","targetHints":{"allow":["GET"]}}],"collection":[{"href":"https:\/\/www.macquero.com\/en\/wp-json\/wp\/v2\/posts"}],"about":[{"href":"https:\/\/www.macquero.com\/en\/wp-json\/wp\/v2\/types\/post"}],"author":[{"embeddable":true,"href":"https:\/\/www.macquero.com\/en\/wp-json\/wp\/v2\/users\/2"}],"replies":[{"embeddable":true,"href":"https:\/\/www.macquero.com\/en\/wp-json\/wp\/v2\/comments?post=22544"}],"version-history":[{"count":1,"href":"https:\/\/www.macquero.com\/en\/wp-json\/wp\/v2\/posts\/22544\/revisions"}],"predecessor-version":[{"id":22546,"href":"https:\/\/www.macquero.com\/en\/wp-json\/wp\/v2\/posts\/22544\/revisions\/22546"}],"wp:featuredmedia":[{"embeddable":true,"href":"https:\/\/www.macquero.com\/en\/wp-json\/wp\/v2\/media\/22545"}],"wp:attachment":[{"href":"https:\/\/www.macquero.com\/en\/wp-json\/wp\/v2\/media?parent=22544"}],"wp:term":[{"taxonomy":"category","embeddable":true,"href":"https:\/\/www.macquero.com\/en\/wp-json\/wp\/v2\/categories?post=22544"},{"taxonomy":"post_tag","embeddable":true,"href":"https:\/\/www.macquero.com\/en\/wp-json\/wp\/v2\/tags?post=22544"}],"curies":[{"name":"wp","href":"https:\/\/api.w.org\/{rel}","templated":true}]}}