{"id":22483,"date":"2025-04-22T00:20:00","date_gmt":"2025-04-22T06:20:00","guid":{"rendered":"https:\/\/www.macquero.com\/?p=22483"},"modified":"2025-04-23T11:05:45","modified_gmt":"2025-04-23T17:05:45","slug":"yo-no-soy-mendoza-telenovela-de-drama-y-comedia-disponible-en-netflix","status":"publish","type":"post","link":"https:\/\/www.macquero.com\/en\/2025\/04\/yo-no-soy-mendoza-telenovela-de-drama-y-comedia-disponible-en-netflix\/","title":{"rendered":"\u201cYo no soy Mendoza\u201d serie en formato de telenovela de drama y comedia \u2013 Disponible en Netflix."},"content":{"rendered":"<p>La \u00faltima historia original del legendario guionista <strong>Fernando Gait\u00e1n<\/strong>, creador de <em>Yo soy Betty, la fea<\/em>, ya est\u00e1 disponible en <strong>Netflix<\/strong>. <em>Yo no soy Mendoza<\/em> es una serie que combina <strong>comedia, drama, romance y cr\u00edtica social<\/strong>, con ese sello \u00fanico que convirti\u00f3 a Gait\u00e1n en un referente de la televisi\u00f3n latinoamericana.<\/p>\n\n\n\n<p>Estrenada el <strong>16 de abril de 2025<\/strong>, la serie consta de <strong>40 episodios de 45 minutos<\/strong> cada uno y fue producida por <strong>Sony Pictures Television<\/strong>. Aunque fue filmada en Colombia, la historia se sit\u00faa en la <strong>Ciudad de M\u00e9xico<\/strong>, lo que aporta un entorno urbano vibrante y lleno de contrastes.<\/p>\n\n\n\n<hr class=\"wp-block-separator has-alpha-channel-opacity\"\/>\n\n\n\n<h3 class=\"wp-block-heading\">Sinopsis: \u00bfQui\u00e9n eres cuando el mundo te confunde?<\/h3>\n\n\n\n<p><em>Yo no soy Mendoza<\/em> sigue la historia de <strong>Juli\u00e1n Garc\u00eda<\/strong>, un cobrador de deudas sencillo y honesto que es secuestrado debido a su incre\u00edble parecido f\u00edsico con <strong>Esteban Mendoza<\/strong>, un poderoso empresario involucrado en negocios turbios.<\/p>\n\n\n\n<p>A partir de ese momento, Juli\u00e1n se ve obligado a <strong>suplantar a Mendoza<\/strong>: debe vivir una vida de lujo, casarse con una mujer que no conoce y enga\u00f1ar a una peligrosa mafia. En medio de todo eso, se enamora de <strong>Laura Santander<\/strong>, la prometida del verdadero Mendoza, y se enfrenta a dilemas morales que lo llevan a cuestionar qui\u00e9n es en realidad.<\/p>\n\n\n\n<hr class=\"wp-block-separator has-alpha-channel-opacity\"\/>\n\n\n\n<h3 class=\"wp-block-heading\">Personajes principales<\/h3>\n\n\n\n<ul class=\"wp-block-list\">\n<li><strong>Vadhir Derbez<\/strong> interpreta a Juli\u00e1n Garc\u00eda y Esteban Mendoza. Su actuaci\u00f3n dual muestra el contraste entre la humildad y la arrogancia, la verdad y la apariencia.<\/li>\n\n\n\n<li><strong>Laura Londo\u00f1o<\/strong> es <strong>Laura Santander<\/strong>, una mujer atrapada en una relaci\u00f3n con un hombre que ya no reconoce, sin saber que su prometido ha sido reemplazado.<\/li>\n\n\n\n<li><strong>Elyfer Torres<\/strong> da vida a <strong>Cindy<\/strong>, la novia original de Juli\u00e1n, cuya ambici\u00f3n, celos y desconfianza a\u00f1aden una capa adicional de conflicto a la historia.<\/li>\n<\/ul>\n\n\n\n<hr class=\"wp-block-separator has-alpha-channel-opacity\"\/>\n\n\n\n<h3 class=\"wp-block-heading\">Una producci\u00f3n con sello Gait\u00e1n<\/h3>\n\n\n\n<p>Lo que hace especial a esta serie no es solo su premisa, sino <strong>c\u00f3mo la desarrolla<\/strong>.<br>Con un equipo de guionistas como <strong>Miguel Garc\u00eda Moreno, Juan Carlos P\u00e9rez, Mariana Palos y Alejandra Rodr\u00edguez<\/strong>, y la direcci\u00f3n creativa de <strong>Carlos Quintanilla<\/strong>, la historia fluye entre <strong>la iron\u00eda, el romance, el peligro y la cr\u00edtica social<\/strong>, record\u00e1ndonos por qu\u00e9 Fernando Gait\u00e1n era un maestro del melodrama contempor\u00e1neo.<\/p>\n\n\n\n<p>La serie se rod\u00f3 en Colombia gracias al <strong>Certificado de Inversi\u00f3n Audiovisual (CINA)<\/strong>, pero su narrativa urbana se siente completamente mexicana, conectando con p\u00fablicos de toda Latinoam\u00e9rica.<\/p>\n\n\n\n<hr class=\"wp-block-separator has-alpha-channel-opacity\"\/>\n\n\n\n<h3 class=\"wp-block-heading\">M\u00e1s que una telenovela moderna<\/h3>\n\n\n\n<p><em>Yo no soy Mendoza<\/em> no se limita a ser una historia de enredos y suplantaciones. Es una reflexi\u00f3n sobre <strong>la identidad, la ambici\u00f3n, el poder y la transformaci\u00f3n personal<\/strong>.<br>\u00bfHasta d\u00f3nde puede cambiar alguien cuando se le ofrece todo lo que nunca tuvo?<br>\u00bfY qu\u00e9 pasa con el coraz\u00f3n cuando se enamora dentro de una mentira?<\/p>\n\n\n\n<p>La serie <strong>honra el legado de Gait\u00e1n<\/strong>, al mezclar lo cl\u00e1sico con lo actual, lo emocional con lo cr\u00edtico, y lo rom\u00e1ntico con lo absurdo.<\/p>\n\n\n\n<hr class=\"wp-block-separator has-alpha-channel-opacity\"\/>\n\n\n\n<h3 class=\"wp-block-heading\">Veredicto final<\/h3>\n\n\n\n<p>Una serie que <strong>entretiene, emociona y deja huella<\/strong>, especialmente para los que crecimos con los dramas ingeniosos y llenos de humanidad de Fernando Gait\u00e1n.<br>Con <em>Yo no soy Mendoza<\/em>, <strong>el maestro se despide por todo lo alto<\/strong>.<\/p>\n\n\n\n<hr class=\"wp-block-separator has-alpha-channel-opacity\"\/>\n\n\n\n<p><strong>Calificaci\u00f3n:<\/strong> &#x2b50;&#x2b50;&#x2b50;&#x2b50;&#x2b50; (5 de 5)<br><strong>Disponible en:<\/strong> Netflix<\/p>","protected":false},"excerpt":{"rendered":"<p>Yo no soy Mendoza es la \u00faltima serie escrita por Fernando Gait\u00e1n. Con drama, romance y cr\u00edtica social, esta historia de suplantaci\u00f3n y amor ya est\u00e1 disponible en Netflix.<\/p>","protected":false},"author":2,"featured_media":22484,"comment_status":"open","ping_status":"open","sticky":false,"template":"","format":"standard","meta":{"jetpack_post_was_ever_published":false,"_jetpack_newsletter_access":"","_jetpack_dont_email_post_to_subs":false,"_jetpack_newsletter_tier_id":0,"_jetpack_memberships_contains_paywalled_content":false,"_jetpack_memberships_contains_paid_content":false,"footnotes":"","jetpack_publicize_message":"","jetpack_publicize_feature_enabled":true,"jetpack_social_post_already_shared":true,"jetpack_social_options":{"image_generator_settings":{"template":"highway","default_image_id":0,"font":"","enabled":false},"version":2}},"categories":[732,974],"tags":[683,303,1416],"class_list":["post-22483","post","type-post","status-publish","format-standard","has-post-thumbnail","hentry","category-series","category-telenovela","tag-comedia","tag-drama","tag-enredos"],"jetpack_publicize_connections":[],"jetpack_featured_media_url":"https:\/\/www.macquero.com\/wp-content\/uploads\/2025\/04\/oy.jpg","jetpack_sharing_enabled":true,"_links":{"self":[{"href":"https:\/\/www.macquero.com\/en\/wp-json\/wp\/v2\/posts\/22483","targetHints":{"allow":["GET"]}}],"collection":[{"href":"https:\/\/www.macquero.com\/en\/wp-json\/wp\/v2\/posts"}],"about":[{"href":"https:\/\/www.macquero.com\/en\/wp-json\/wp\/v2\/types\/post"}],"author":[{"embeddable":true,"href":"https:\/\/www.macquero.com\/en\/wp-json\/wp\/v2\/users\/2"}],"replies":[{"embeddable":true,"href":"https:\/\/www.macquero.com\/en\/wp-json\/wp\/v2\/comments?post=22483"}],"version-history":[{"count":3,"href":"https:\/\/www.macquero.com\/en\/wp-json\/wp\/v2\/posts\/22483\/revisions"}],"predecessor-version":[{"id":22492,"href":"https:\/\/www.macquero.com\/en\/wp-json\/wp\/v2\/posts\/22483\/revisions\/22492"}],"wp:featuredmedia":[{"embeddable":true,"href":"https:\/\/www.macquero.com\/en\/wp-json\/wp\/v2\/media\/22484"}],"wp:attachment":[{"href":"https:\/\/www.macquero.com\/en\/wp-json\/wp\/v2\/media?parent=22483"}],"wp:term":[{"taxonomy":"category","embeddable":true,"href":"https:\/\/www.macquero.com\/en\/wp-json\/wp\/v2\/categories?post=22483"},{"taxonomy":"post_tag","embeddable":true,"href":"https:\/\/www.macquero.com\/en\/wp-json\/wp\/v2\/tags?post=22483"}],"curies":[{"name":"wp","href":"https:\/\/api.w.org\/{rel}","templated":true}]}}