{"id":22432,"date":"2025-04-18T00:20:00","date_gmt":"2025-04-18T06:20:00","guid":{"rendered":"https:\/\/www.macquero.com\/?p=22432"},"modified":"2025-04-15T11:10:06","modified_gmt":"2025-04-15T17:10:06","slug":"constelacion-serie-de-ciencia-ficcion-disponible-en-apple-tv","status":"publish","type":"post","link":"https:\/\/www.macquero.com\/en\/2025\/04\/constelacion-serie-de-ciencia-ficcion-disponible-en-apple-tv\/","title":{"rendered":"Constelaci\u00f3n: ciencia ficci\u00f3n psicol\u00f3gica en \u00f3rbita \u2013 Disponible en Apple TV+"},"content":{"rendered":"<p>En febrero de 2024, <strong>Apple TV+<\/strong> estren\u00f3 <em>Constelaci\u00f3n<\/em>, una <strong>serie limitada de ciencia ficci\u00f3n y suspenso psicol\u00f3gico<\/strong> que, aunque no tuvo una segunda temporada, dej\u00f3 una huella por su atm\u00f3sfera inquietante y su propuesta narrativa arriesgada. Protagonizada por <strong>Noomi Rapace<\/strong>, la serie plantea una historia donde <strong>la realidad y la identidad se fragmentan tras un viaje espacial<\/strong> que no termina al regresar a la Tierra.<\/p>\n\n\n\n<hr class=\"wp-block-separator has-alpha-channel-opacity\"\/>\n\n\n\n<h3 class=\"wp-block-heading\">Sinopsis: \u00bfqu\u00e9 cambi\u00f3 al volver del espacio?<\/h3>\n\n\n\n<p>La trama comienza con un <strong>accidente misterioso en la Estaci\u00f3n Espacial Internacional (EEI)<\/strong>, provocado por el impacto de un objeto no identificado. Tras la colisi\u00f3n, tres de los astronautas logran evacuar en una c\u00e1psula Soyuz. Sin embargo, <strong>Jo Ericsson<\/strong>, astronauta de la Agencia Espacial Europea, debe reparar una c\u00e1psula averiada para regresar sola.<\/p>\n\n\n\n<p>Cuando aterriza, lo que deber\u00eda ser su hogar ya no lo es del todo. <strong>Su hija no la reconoce igual, su esposo Magnus (James D\u2019Arcy) se comporta de forma distante<\/strong>, y su entorno \u2014incluso sus propios recuerdos\u2014 <strong>parecen estar fuera de lugar<\/strong>. Lo que comienza como desorientaci\u00f3n se convierte en una crisis de identidad que pondr\u00e1 en duda su percepci\u00f3n, su pasado y su propia cordura.<\/p>\n\n\n\n<hr class=\"wp-block-separator has-alpha-channel-opacity\"\/>\n\n\n\n<h3 class=\"wp-block-heading\">Ciencia ficci\u00f3n con enfoque psicol\u00f3gico<\/h3>\n\n\n\n<p><em>Constelaci\u00f3n<\/em> no sigue la ruta convencional de las series espaciales. En lugar de centrarse en la tecnolog\u00eda o la acci\u00f3n, <strong>explora la mente humana y sus l\u00edmites<\/strong>. A trav\u00e9s de una narrativa fragmentada, la serie nos obliga a acompa\u00f1ar a Jo en su descenso (o ascenso) hacia una verdad ambigua y profundamente perturbadora.<\/p>\n\n\n\n<p>Entre los temas que aborda se encuentran:<\/p>\n\n\n\n<ul class=\"wp-block-list\">\n<li>La <strong>fragmentaci\u00f3n de la identidad<\/strong><\/li>\n\n\n\n<li>El <strong>trauma psicol\u00f3gico derivado de la exploraci\u00f3n espacial<\/strong><\/li>\n\n\n\n<li>La <strong>relaci\u00f3n entre memoria, percepci\u00f3n y realidad<\/strong><\/li>\n\n\n\n<li>El sentimiento de <strong>desplazamiento emocional<\/strong> tras experiencias extremas<\/li>\n<\/ul>\n\n\n\n<p>Esta propuesta puede resultar <strong>confusa o exigente para algunos espectadores<\/strong>, ya que juega deliberadamente con las l\u00edneas temporales, los dobles significados y las realidades alternas. Pero para quienes disfrutan de series que desaf\u00edan la l\u00f3gica lineal y apuestan por lo emocional, <strong>ofrece una experiencia intensa y reflexiva<\/strong>.<\/p>\n\n\n\n<hr class=\"wp-block-separator has-alpha-channel-opacity\"\/>\n\n\n\n<h3 class=\"wp-block-heading\">Reparto y producci\u00f3n<\/h3>\n\n\n\n<p>Adem\u00e1s de la potente interpretaci\u00f3n de <strong>Noomi Rapace<\/strong>, el elenco incluye a:<\/p>\n\n\n\n<ul class=\"wp-block-list\">\n<li><strong>James D\u2019Arcy<\/strong> como Magnus, su esposo<\/li>\n\n\n\n<li><strong>Jonathan Banks<\/strong> en un papel doble como Henry y Bud Caldera<\/li>\n\n\n\n<li><strong>Barbara Sukowa<\/strong> como Irena Lysenko<\/li>\n<\/ul>\n\n\n\n<p>La serie fue filmada en diversas locaciones de <strong>Alemania, Finlandia y Marruecos<\/strong>, lo que le otorga una ambientaci\u00f3n visual diversa y atmosf\u00e9rica. Su producci\u00f3n recibi\u00f3 respaldo de fondos europeos como el <strong>German Motion Picture Fund<\/strong> y <strong>Business Finland<\/strong>.<\/p>\n\n\n\n<hr class=\"wp-block-separator has-alpha-channel-opacity\"\/>\n\n\n\n<h3 class=\"wp-block-heading\">Cr\u00edtica y recepci\u00f3n<\/h3>\n\n\n\n<p>Con una puntuaci\u00f3n del <strong>71% en Rotten Tomatoes<\/strong> y <strong>63\/100 en Metacritic<\/strong>, <em>Constelaci\u00f3n<\/em> fue bien recibida por la cr\u00edtica especializada, aunque no exenta de observaciones. Se elogi\u00f3 la actuaci\u00f3n de Rapace y la direcci\u00f3n art\u00edstica, pero se se\u00f1al\u00f3 que su narrativa, a ratos enigm\u00e1tica, <strong>pod\u00eda dificultar la conexi\u00f3n con la historia<\/strong>.<\/p>\n\n\n\n<hr class=\"wp-block-separator has-alpha-channel-opacity\"\/>\n\n\n\n<h3 class=\"wp-block-heading\">\u00bfVale la pena verla?<\/h3>\n\n\n\n<p><strong>S\u00ed, pero con matices.<\/strong><br><em>Constelaci\u00f3n<\/em> no es una serie para ver mientras haces otra cosa. Exige atenci\u00f3n, interpretaci\u00f3n y paciencia. Pero si lo tuyo son las tramas que combinan ciencia ficci\u00f3n con thriller psicol\u00f3gico, <strong>te atrapar\u00e1 por su capacidad de incomodar y hacerte dudar de todo<\/strong>.<\/p>\n\n\n\n<hr class=\"wp-block-separator has-alpha-channel-opacity\"\/>\n\n\n\n<p><strong>Calificaci\u00f3n:<\/strong> &#x2b50;&#x2b50;&#x2b50;\u2606\u2606 (3 de 5)<br><strong>Disponible en:<\/strong> <a href=\"https:\/\/tv.apple.com\/mx\/show\/constelacion\/umc.cmc.3lvo8a7ezxpysdy3gou3fsns0\" data-type=\"link\" data-id=\"https:\/\/tv.apple.com\/mx\/show\/constelacion\/umc.cmc.3lvo8a7ezxpysdy3gou3fsns0\" target=\"_blank\" rel=\"noreferrer noopener\">Apple TV+<\/a><\/p>\n\n\n\n<p><a href=\"https:\/\/tv.apple.com\/es\/show\/constelacion\/umc.cmc.3lvo8a7ezxpysdy3gou3fsns0?utm_source=chatgpt.com\" target=\"_blank\" rel=\"noreferrer noopener\"><\/a><\/p>","protected":false},"excerpt":{"rendered":"<p>Constelaci\u00f3n es una serie de ciencia ficci\u00f3n y suspenso psicol\u00f3gico sobre una astronauta que regresa a la Tierra y descubre que su realidad ha cambiado. Disponible en Apple TV+.<\/p>","protected":false},"author":2,"featured_media":22433,"comment_status":"open","ping_status":"open","sticky":false,"template":"","format":"standard","meta":{"jetpack_post_was_ever_published":false,"_jetpack_newsletter_access":"","_jetpack_dont_email_post_to_subs":false,"_jetpack_newsletter_tier_id":0,"_jetpack_memberships_contains_paywalled_content":false,"_jetpack_memberships_contains_paid_content":false,"footnotes":"","jetpack_publicize_message":"","jetpack_publicize_feature_enabled":true,"jetpack_social_post_already_shared":true,"jetpack_social_options":{"image_generator_settings":{"template":"highway","default_image_id":0,"font":"","enabled":false},"version":2}},"categories":[688,1243],"tags":[832],"class_list":["post-22432","post","type-post","status-publish","format-standard","has-post-thumbnail","hentry","category-ciencia-ficcion","category-series-originales","tag-thriller-psicologico"],"jetpack_publicize_connections":[],"jetpack_featured_media_url":"https:\/\/www.macquero.com\/wp-content\/uploads\/2025\/04\/te.jpg","jetpack_sharing_enabled":true,"_links":{"self":[{"href":"https:\/\/www.macquero.com\/en\/wp-json\/wp\/v2\/posts\/22432","targetHints":{"allow":["GET"]}}],"collection":[{"href":"https:\/\/www.macquero.com\/en\/wp-json\/wp\/v2\/posts"}],"about":[{"href":"https:\/\/www.macquero.com\/en\/wp-json\/wp\/v2\/types\/post"}],"author":[{"embeddable":true,"href":"https:\/\/www.macquero.com\/en\/wp-json\/wp\/v2\/users\/2"}],"replies":[{"embeddable":true,"href":"https:\/\/www.macquero.com\/en\/wp-json\/wp\/v2\/comments?post=22432"}],"version-history":[{"count":2,"href":"https:\/\/www.macquero.com\/en\/wp-json\/wp\/v2\/posts\/22432\/revisions"}],"predecessor-version":[{"id":22450,"href":"https:\/\/www.macquero.com\/en\/wp-json\/wp\/v2\/posts\/22432\/revisions\/22450"}],"wp:featuredmedia":[{"embeddable":true,"href":"https:\/\/www.macquero.com\/en\/wp-json\/wp\/v2\/media\/22433"}],"wp:attachment":[{"href":"https:\/\/www.macquero.com\/en\/wp-json\/wp\/v2\/media?parent=22432"}],"wp:term":[{"taxonomy":"category","embeddable":true,"href":"https:\/\/www.macquero.com\/en\/wp-json\/wp\/v2\/categories?post=22432"},{"taxonomy":"post_tag","embeddable":true,"href":"https:\/\/www.macquero.com\/en\/wp-json\/wp\/v2\/tags?post=22432"}],"curies":[{"name":"wp","href":"https:\/\/api.w.org\/{rel}","templated":true}]}}