{"id":22429,"date":"2025-04-17T00:20:00","date_gmt":"2025-04-17T06:20:00","guid":{"rendered":"https:\/\/www.macquero.com\/?p=22429"},"modified":"2025-04-15T11:06:54","modified_gmt":"2025-04-15T17:06:54","slug":"las-azules-serie-mexicana-de-drama-y-suspenso-disponible-en-apple-tv","status":"publish","type":"post","link":"https:\/\/www.macquero.com\/en\/2025\/04\/las-azules-serie-mexicana-de-drama-y-suspenso-disponible-en-apple-tv\/","title":{"rendered":"Las Azules: drama, crimen y justicia en el M\u00e9xico de los a\u00f1os 70 \u2013 Disponible en Apple TV+"},"content":{"rendered":"<p>Basada en hechos reales, <strong>Las Azules<\/strong> es una serie mexicana de <strong>drama y suspenso<\/strong> que nos transporta al <strong>M\u00e9xico de 1971<\/strong>, una \u00e9poca marcada por el machismo institucional, la represi\u00f3n pol\u00edtica y la invisibilizaci\u00f3n de la mujer. Disponible en <strong>Apple TV+<\/strong>, esta producci\u00f3n ofrece <strong>una poderosa historia sobre resistencia, sororidad y justicia<\/strong>, todo bajo el envolvente marco de un thriller policial.<\/p>\n\n\n\n<hr class=\"wp-block-separator has-alpha-channel-opacity\"\/>\n\n\n\n<h3 class=\"wp-block-heading\">Sinopsis: el primer escuadr\u00f3n femenino en una ciudad bajo amenaza<\/h3>\n\n\n\n<p>En medio de una <strong>ola de cr\u00edmenes cometidos por un asesino serial<\/strong> que tiene aterrorizada a la Ciudad de M\u00e9xico, el gobierno lanza una campa\u00f1a medi\u00e1tica para distraer la atenci\u00f3n p\u00fablica: <strong>la creaci\u00f3n del primer cuerpo de polic\u00eda femenino<\/strong>. Lo que parece una acci\u00f3n simb\u00f3lica sin intenci\u00f3n real de transformaci\u00f3n se convierte, sin embargo, en el punto de partida para una lucha mucho m\u00e1s profunda.<\/p>\n\n\n\n<p>Las protagonistas \u2014<strong>Mar\u00eda, Valentina, Gabina y \u00c1ngeles<\/strong>\u2014 descubren que han sido reclutadas m\u00e1s como espect\u00e1culo que por m\u00e9rito. Pero lejos de aceptar su rol decorativo, <strong>deciden actuar<\/strong> por su cuenta para capturar al asesino, enfrent\u00e1ndose no solo al crimen, sino tambi\u00e9n <strong>a un sistema corrupto, mis\u00f3gino y hostil<\/strong>.<\/p>\n\n\n\n<hr class=\"wp-block-separator has-alpha-channel-opacity\"\/>\n\n\n\n<h3 class=\"wp-block-heading\">Personajes principales: mujeres con historia, fuerza y voz<\/h3>\n\n\n\n<ul class=\"wp-block-list\">\n<li><strong>Mar\u00eda<\/strong> (B\u00e1rbara Mori): ama de casa que, tras descubrir la infidelidad de su esposo, busca reconstruir su vida y darle sentido a su independencia.<\/li>\n\n\n\n<li><strong>Valentina<\/strong>: hermana de Mar\u00eda y feminista convencida, entra a la polic\u00eda con el objetivo de transformar el sistema desde adentro.<\/li>\n\n\n\n<li><strong>Gabina<\/strong>: hija de un expolic\u00eda, quiere honrar su legado y romper las barreras impuestas por el g\u00e9nero.<\/li>\n\n\n\n<li><strong>\u00c1ngeles<\/strong>: una mujer pr\u00e1ctica y decidida, ve en esta oportunidad la posibilidad de cambiar su futuro y el de su familia.<\/li>\n<\/ul>\n\n\n\n<p>El elenco tambi\u00e9n incluye a <strong>Ximena Sari\u00f1ana, Natalia T\u00e9llez y Amorita Rasgado<\/strong>, aportando diversidad, frescura y profundidad a los personajes femeninos que cargan con el peso dram\u00e1tico de la serie.<\/p>\n\n\n\n<hr class=\"wp-block-separator has-alpha-channel-opacity\"\/>\n\n\n\n<h3 class=\"wp-block-heading\">Producci\u00f3n, contexto y direcci\u00f3n<\/h3>\n\n\n\n<p>Creada por <strong>Fernando Rovzar y Pablo Aramendi<\/strong>, <em>Las Azules<\/em> cuenta con una cuidada recreaci\u00f3n del M\u00e9xico setentero, donde el contexto pol\u00edtico, social y cultural <strong>refuerza el conflicto central<\/strong>: mujeres enfrent\u00e1ndose a un entorno dise\u00f1ado para silenciarlas.<\/p>\n\n\n\n<p>La serie combina elementos del <strong>thriller policial<\/strong> con un <strong>drama social potente<\/strong>, logrando que la lucha contra un asesino serial funcione tambi\u00e9n como <strong>una met\u00e1fora de la lucha contra el sistema patriarcal<\/strong>.<\/p>\n\n\n\n<hr class=\"wp-block-separator has-alpha-channel-opacity\"\/>\n\n\n\n<h3 class=\"wp-block-heading\">Temas y relevancia actual<\/h3>\n\n\n\n<p><em>Las Azules<\/em> pone sobre la mesa temas que siguen siendo relevantes:<\/p>\n\n\n\n<ul class=\"wp-block-list\">\n<li><strong>Violencia de g\u00e9nero y feminicidios<\/strong><\/li>\n\n\n\n<li><strong>Corrupci\u00f3n e impunidad institucional<\/strong><\/li>\n\n\n\n<li><strong>Feminismo, derechos laborales y equidad de g\u00e9nero<\/strong><\/li>\n\n\n\n<li><strong>El valor del trabajo colectivo frente a la opresi\u00f3n estructural<\/strong><\/li>\n<\/ul>\n\n\n\n<p>M\u00e1s all\u00e1 del suspenso, la serie <strong>rinde homenaje a las mujeres reales que abrieron camino en profesiones dominadas por hombres<\/strong>, enfrent\u00e1ndose a la discriminaci\u00f3n para dejar huella.<\/p>\n\n\n\n<hr class=\"wp-block-separator has-alpha-channel-opacity\"\/>\n\n\n\n<h3 class=\"wp-block-heading\">\u00bfVale la pena verla?<\/h3>\n\n\n\n<p><strong>S\u00ed.<\/strong><br><em>Las Azules<\/em> es una propuesta s\u00f3lida y necesaria. A trav\u00e9s de una narrativa bien construida, personajes entra\u00f1ables y un trasfondo hist\u00f3rico inquietantemente familiar, logra <strong>emocionar, incomodar y hacer reflexionar<\/strong>. Una historia sobre valent\u00eda, dignidad y la incansable b\u00fasqueda de justicia en un pa\u00eds que no siempre sabe reconocerla.<\/p>\n\n\n\n<hr class=\"wp-block-separator has-alpha-channel-opacity\"\/>\n\n\n\n<p><strong>Calificaci\u00f3n:<\/strong> &#x2b50;&#x2b50;&#x2b50;&#x2b50;\u2606 (4 de 5)<br><strong>Disponible en:<\/strong> <a href=\"https:\/\/tv.apple.com\/mx\/show\/las-azules\/umc.cmc.73wmdmkfpta5ul1vbwckmme39?l=es-MX\" data-type=\"link\" data-id=\"https:\/\/tv.apple.com\/mx\/show\/las-azules\/umc.cmc.73wmdmkfpta5ul1vbwckmme39?l=es-MX\" target=\"_blank\" rel=\"noreferrer noopener\">Apple TV+<\/a><\/p>","protected":false},"excerpt":{"rendered":"<p>Las Azules es una serie mexicana de drama y suspenso basada en hechos reales. Cuatro mujeres polic\u00edas enfrentan a un asesino serial y al machismo institucional. Disponible en Apple TV+.<\/p>","protected":false},"author":2,"featured_media":22430,"comment_status":"open","ping_status":"open","sticky":false,"template":"","format":"standard","meta":{"jetpack_post_was_ever_published":false,"_jetpack_newsletter_access":"","_jetpack_dont_email_post_to_subs":false,"_jetpack_newsletter_tier_id":0,"_jetpack_memberships_contains_paywalled_content":false,"_jetpack_memberships_contains_paid_content":false,"footnotes":"","jetpack_publicize_message":"","jetpack_publicize_feature_enabled":true,"jetpack_social_post_already_shared":true,"jetpack_social_options":{"image_generator_settings":{"template":"highway","default_image_id":0,"font":"","enabled":false},"version":2}},"categories":[689,1243],"tags":[1403,432],"class_list":["post-22429","post","type-post","status-publish","format-standard","has-post-thumbnail","hentry","category-drama","category-series-originales","tag-series-mexicanas","tag-suspenso"],"jetpack_publicize_connections":[],"jetpack_featured_media_url":"https:\/\/www.macquero.com\/wp-content\/uploads\/2025\/04\/az.jpg","jetpack_sharing_enabled":true,"_links":{"self":[{"href":"https:\/\/www.macquero.com\/en\/wp-json\/wp\/v2\/posts\/22429","targetHints":{"allow":["GET"]}}],"collection":[{"href":"https:\/\/www.macquero.com\/en\/wp-json\/wp\/v2\/posts"}],"about":[{"href":"https:\/\/www.macquero.com\/en\/wp-json\/wp\/v2\/types\/post"}],"author":[{"embeddable":true,"href":"https:\/\/www.macquero.com\/en\/wp-json\/wp\/v2\/users\/2"}],"replies":[{"embeddable":true,"href":"https:\/\/www.macquero.com\/en\/wp-json\/wp\/v2\/comments?post=22429"}],"version-history":[{"count":2,"href":"https:\/\/www.macquero.com\/en\/wp-json\/wp\/v2\/posts\/22429\/revisions"}],"predecessor-version":[{"id":22449,"href":"https:\/\/www.macquero.com\/en\/wp-json\/wp\/v2\/posts\/22429\/revisions\/22449"}],"wp:featuredmedia":[{"embeddable":true,"href":"https:\/\/www.macquero.com\/en\/wp-json\/wp\/v2\/media\/22430"}],"wp:attachment":[{"href":"https:\/\/www.macquero.com\/en\/wp-json\/wp\/v2\/media?parent=22429"}],"wp:term":[{"taxonomy":"category","embeddable":true,"href":"https:\/\/www.macquero.com\/en\/wp-json\/wp\/v2\/categories?post=22429"},{"taxonomy":"post_tag","embeddable":true,"href":"https:\/\/www.macquero.com\/en\/wp-json\/wp\/v2\/tags?post=22429"}],"curies":[{"name":"wp","href":"https:\/\/api.w.org\/{rel}","templated":true}]}}