{"id":22405,"date":"2025-04-10T00:20:00","date_gmt":"2025-04-10T06:20:00","guid":{"rendered":"https:\/\/www.macquero.com\/?p=22405"},"modified":"2025-04-15T10:48:14","modified_gmt":"2025-04-15T16:48:14","slug":"black-mirror-serie-dramatica-y-antologica-de-ciencia-ficcion-disponible-en-netflix","status":"publish","type":"post","link":"https:\/\/www.macquero.com\/en\/2025\/04\/black-mirror-serie-dramatica-y-antologica-de-ciencia-ficcion-disponible-en-netflix\/","title":{"rendered":"Black Mirror regresa con su s\u00e9ptima temporada: seis nuevos episodios que prometen estremecer \u2013 Disponible en Netflix."},"content":{"rendered":"<p>La espera termin\u00f3. Hoy, <strong>jueves 10 de abril de 2025<\/strong>, se estrena en <strong>Netflix<\/strong> la tan esperada <strong>s\u00e9ptima temporada de <em>Black Mirror<\/em><\/strong>. En <strong>M\u00e9xico<\/strong>, los seis nuevos episodios est\u00e1n disponibles desde la <strong>1:00 a.m. (hora del centro)<\/strong>, y todo indica que esta nueva entrega seguir\u00e1 haciendo lo que mejor sabe: <strong>incomodar, provocar y hacernos pensar<\/strong>.<\/p>\n\n\n\n<hr class=\"wp-block-separator has-alpha-channel-opacity\"\/>\n\n\n\n<h3 class=\"wp-block-heading\">\u00bfQu\u00e9 es <em>Black Mirror<\/em>?<\/h3>\n\n\n\n<p>Creada por <strong>Charlie Brooker<\/strong>, <em>Black Mirror<\/em> es una <strong>serie antol\u00f3gica de ciencia ficci\u00f3n, suspenso y cr\u00edtica social<\/strong>, estrenada originalmente en <strong>2011<\/strong> a trav\u00e9s de <strong>Channel 4<\/strong> en el Reino Unido. Su enorme \u00e9xito llev\u00f3 a <strong>Netflix<\/strong> a adquirir la franquicia y producir temporadas posteriores, consolid\u00e1ndola como una de las series m\u00e1s impactantes y comentadas de la \u00faltima d\u00e9cada.<\/p>\n\n\n\n<p>Cada episodio funciona como una historia independiente, sin conexi\u00f3n con los dem\u00e1s, y plantea <strong>escenarios dist\u00f3picos o alternativos<\/strong> donde la tecnolog\u00eda juega un papel central en la transformaci\u00f3n \u2014y muchas veces degradaci\u00f3n\u2014 de la condici\u00f3n humana.<\/p>\n\n\n\n<hr class=\"wp-block-separator has-alpha-channel-opacity\"\/>\n\n\n\n<h3 class=\"wp-block-heading\">El simbolismo del \u201cespejo negro\u201d<\/h3>\n\n\n\n<p>El t\u00edtulo de la serie, <em>Black Mirror<\/em> (\u201cespejo negro\u201d), hace referencia a las <strong>pantallas apagadas de los dispositivos electr\u00f3nicos<\/strong>: celulares, computadoras, televisores. Estos \u201cespejos\u201d reflejan nuestra dependencia tecnol\u00f3gica, pero tambi\u00e9n <strong>distorsionan la realidad, manipulan nuestra percepci\u00f3n y exponen nuestras debilidades como sociedad<\/strong>.<\/p>\n\n\n\n<p>Brooker lo ha definido como un reflejo oscuro de nosotros mismos, amplificado por los avances que, aunque parecen prometer progreso, tambi\u00e9n traen consecuencias inesperadas y profundamente perturbadoras.<\/p>\n\n\n\n<hr class=\"wp-block-separator has-alpha-channel-opacity\"\/>\n\n\n\n<h3 class=\"wp-block-heading\">Narrativa: par\u00e1bolas modernas para un mundo hiperconectado<\/h3>\n\n\n\n<p>Uno de los sellos distintivos de <em>Black Mirror<\/em> es su <strong>variedad de escenarios<\/strong>. Algunos episodios est\u00e1n ambientados en futuros lejanos, otros en presentes alternativos, y unos cuantos en un mundo que se parece demasiado al nuestro. En todos los casos, la constante es la misma: <strong>mostrar c\u00f3mo la tecnolog\u00eda puede moldear, corromper o redefinir nuestra forma de vivir, amar, recordar o gobernar<\/strong>.<\/p>\n\n\n\n<p>Entre los temas m\u00e1s recurrentes en la serie encontramos:<\/p>\n\n\n\n<ul class=\"wp-block-list\">\n<li>La <strong>p\u00e9rdida de privacidad<\/strong> en un mundo vigilado.<\/li>\n\n\n\n<li>La <strong>manipulaci\u00f3n medi\u00e1tica<\/strong> y la adicci\u00f3n al entretenimiento.<\/li>\n\n\n\n<li>La <strong>alienaci\u00f3n emocional<\/strong> en entornos artificiales.<\/li>\n\n\n\n<li>La <strong>b\u00fasqueda de validaci\u00f3n social<\/strong> a trav\u00e9s de redes.<\/li>\n\n\n\n<li>El uso de la tecnolog\u00eda para <strong>controlar la memoria, la identidad o incluso la vida y la muerte<\/strong>.<\/li>\n<\/ul>\n\n\n\n<hr class=\"wp-block-separator has-alpha-channel-opacity\"\/>\n\n\n\n<h3 class=\"wp-block-heading\">Evoluci\u00f3n y expectativas<\/h3>\n\n\n\n<p>A lo largo de sus temporadas, <em>Black Mirror<\/em> ha evolucionado desde relatos m\u00e1s <strong>minimalistas y filos\u00f3ficos<\/strong>, como <em>The Entire History of You<\/em>, hasta producciones m\u00e1s <strong>cinematogr\u00e1ficas y ambiciosas<\/strong>, como <em>USS Callister<\/em> o <em>Striking Vipers<\/em>.<\/p>\n\n\n\n<p>Con cada nueva entrega, la serie se reinventa, manteni\u00e9ndose fiel a su esencia provocadora y l\u00facida. Esta <strong>s\u00e9ptima temporada<\/strong>, conformada por seis episodios, se perfila como una continuaci\u00f3n s\u00f3lida que no busca repetir f\u00f3rmulas, sino <strong>sorprender nuevamente con ideas frescas, giros inesperados y preguntas que incomodan<\/strong>.<\/p>\n\n\n\n<hr class=\"wp-block-separator has-alpha-channel-opacity\"\/>\n\n\n\n<h3 class=\"wp-block-heading\">\u00bfVale la pena verla?<\/h3>\n\n\n\n<p><strong>Definitivamente.<\/strong><br><em>Black Mirror<\/em> no es una serie para ver en piloto autom\u00e1tico. Es una experiencia que exige atenci\u00f3n, pensamiento cr\u00edtico y apertura emocional. Pero si lo que buscas es <strong>una serie que cuestione la forma en que vivimos y nos relacionamos con la tecnolog\u00eda<\/strong>, no hay mejor opci\u00f3n.<\/p>\n\n\n\n<hr class=\"wp-block-separator has-alpha-channel-opacity\"\/>\n\n\n\n<p><strong>Calificaci\u00f3n:<\/strong> &#x2b50;&#x2b50;&#x2b50;&#x2b50;&#x2b50; (5 de 5)<br><strong>Disponible en:<\/strong> Netflix<\/p>","protected":false},"excerpt":{"rendered":"<p>La s\u00e9ptima temporada de Black Mirror ya est\u00e1 disponible en Netflix. Seis nuevos episodios que exploran la relaci\u00f3n entre humanidad y tecnolog\u00eda. \u00bfEst\u00e1s listo para mirar al espejo?<\/p>","protected":false},"author":2,"featured_media":22406,"comment_status":"open","ping_status":"open","sticky":false,"template":"","format":"standard","meta":{"jetpack_post_was_ever_published":false,"_jetpack_newsletter_access":"","_jetpack_dont_email_post_to_subs":false,"_jetpack_newsletter_tier_id":0,"_jetpack_memberships_contains_paywalled_content":false,"_jetpack_memberships_contains_paid_content":false,"footnotes":"","jetpack_publicize_message":"","jetpack_publicize_feature_enabled":true,"jetpack_social_post_already_shared":true,"jetpack_social_options":{"image_generator_settings":{"template":"highway","default_image_id":0,"font":"","enabled":false},"version":2}},"categories":[733,732],"tags":[1238,303,500,432,832],"class_list":["post-22405","post","type-post","status-publish","format-standard","has-post-thumbnail","hentry","category-originales-de-netflix","category-series","tag-antologia","tag-drama","tag-misterio","tag-suspenso","tag-thriller-psicologico"],"jetpack_publicize_connections":[],"jetpack_featured_media_url":"https:\/\/www.macquero.com\/wp-content\/uploads\/2025\/04\/km.jpg","jetpack_sharing_enabled":true,"_links":{"self":[{"href":"https:\/\/www.macquero.com\/en\/wp-json\/wp\/v2\/posts\/22405","targetHints":{"allow":["GET"]}}],"collection":[{"href":"https:\/\/www.macquero.com\/en\/wp-json\/wp\/v2\/posts"}],"about":[{"href":"https:\/\/www.macquero.com\/en\/wp-json\/wp\/v2\/types\/post"}],"author":[{"embeddable":true,"href":"https:\/\/www.macquero.com\/en\/wp-json\/wp\/v2\/users\/2"}],"replies":[{"embeddable":true,"href":"https:\/\/www.macquero.com\/en\/wp-json\/wp\/v2\/comments?post=22405"}],"version-history":[{"count":2,"href":"https:\/\/www.macquero.com\/en\/wp-json\/wp\/v2\/posts\/22405\/revisions"}],"predecessor-version":[{"id":22440,"href":"https:\/\/www.macquero.com\/en\/wp-json\/wp\/v2\/posts\/22405\/revisions\/22440"}],"wp:featuredmedia":[{"embeddable":true,"href":"https:\/\/www.macquero.com\/en\/wp-json\/wp\/v2\/media\/22406"}],"wp:attachment":[{"href":"https:\/\/www.macquero.com\/en\/wp-json\/wp\/v2\/media?parent=22405"}],"wp:term":[{"taxonomy":"category","embeddable":true,"href":"https:\/\/www.macquero.com\/en\/wp-json\/wp\/v2\/categories?post=22405"},{"taxonomy":"post_tag","embeddable":true,"href":"https:\/\/www.macquero.com\/en\/wp-json\/wp\/v2\/tags?post=22405"}],"curies":[{"name":"wp","href":"https:\/\/api.w.org\/{rel}","templated":true}]}}