{"id":22330,"date":"2025-04-01T00:20:00","date_gmt":"2025-04-01T06:20:00","guid":{"rendered":"https:\/\/www.macquero.com\/?p=22330"},"modified":"2025-03-29T13:26:07","modified_gmt":"2025-03-29T19:26:07","slug":"atrapados-miniserie-argentina-suspenso-netflix","status":"publish","type":"post","link":"https:\/\/www.macquero.com\/en\/2025\/04\/atrapados-miniserie-argentina-suspenso-netflix\/","title":{"rendered":"&#8220;Atrapados&#8221;: Miniserie argentina de suspenso policial \u2013 Disponible en Netflix"},"content":{"rendered":"<p><em>Atrapados<\/em> es una miniserie de <strong>suspenso policial argentino<\/strong> que lleg\u00f3 a <strong>Netflix<\/strong> el <strong>26 de marzo de 2025<\/strong>. Basada en la novela <em>Caught<\/em> del escritor estadounidense <strong>Harlan Coben<\/strong>, esta producci\u00f3n marca la primera <strong>adaptaci\u00f3n latinoamericana<\/strong> de una de sus obras, uni\u00e9ndose as\u00ed al universo de series internacionales que han tomado como base sus historias llenas de giros y secretos.<\/p>\n\n\n\n<p>Y aunque al principio no ten\u00eda la intenci\u00f3n de verla, debo agradecer a <strong>Mina Pietri<\/strong> (@minapietri_) en Threads por su recomendaci\u00f3n apasionada. Fue esa convicci\u00f3n suya la que me hizo darle una oportunidad. Gracias, Mina. &#x2764;&#xfe0f;<\/p>\n\n\n\n<hr class=\"wp-block-separator has-alpha-channel-opacity\"\/>\n\n\n\n<h3 class=\"wp-block-heading\">Sinopsis: verdad, mentira y un dilema moral<\/h3>\n\n\n\n<p>La protagonista es <strong>Ema<\/strong>, una periodista decidida que investiga la misteriosa <strong>desaparici\u00f3n de Martina<\/strong>, una adolescente que parec\u00eda haberlo tenido todo&#8230; hasta que desapareci\u00f3 sin dejar rastro. Durante la investigaci\u00f3n, Ema conoce a <strong>Leo Mercer<\/strong> (interpretado por <strong>Alberto Ammann<\/strong>), un respetado l\u00edder comunitario y director de la Fundaci\u00f3n Fronteras, una organizaci\u00f3n que ayuda a j\u00f3venes en situaci\u00f3n vulnerable.<\/p>\n\n\n\n<p>Al principio, Leo colabora con la investigaci\u00f3n. Pero pronto se convierte en el <strong>principal sospechoso<\/strong>, y todo se complica a\u00fan m\u00e1s cuando Ema comienza una relaci\u00f3n sentimental con \u00e9l. \u00bfQu\u00e9 pesa m\u00e1s: la verdad o el amor?<\/p>\n\n\n\n<p>A medida que profundiza, Ema descubre una red de <strong>manipulaci\u00f3n, secretos del pasado<\/strong> y ambiciones ocultas. En el centro de todo aparece <strong>Marcos Brown<\/strong> (Juan Minuj\u00edn), un viejo amigo de Leo que, impulsado por venganza y conflictos familiares, orquesta una trampa para destruirlo.<\/p>\n\n\n\n<p>Una fotograf\u00eda de Martina en una fiesta clandestina, con un <strong>punto rojo en la frente<\/strong>, se convierte en la clave del misterio. La imagen lleva a Ema a la casa de <strong>Juliana<\/strong> (Victoria Almeida), ex pareja de Leo, y poco a poco todo comienza a encajar\u2026 aunque no de la manera que Ema hubiera querido.<\/p>\n\n\n\n<hr class=\"wp-block-separator has-alpha-channel-opacity\"\/>\n\n\n\n<h3 class=\"wp-block-heading\">Una producci\u00f3n s\u00f3lida y bien ejecutada<\/h3>\n\n\n\n<p>La serie tiene solo <strong>seis episodios<\/strong>, lo que la hace perfecta para una marat\u00f3n de fin de semana. Est\u00e1 dirigida por <strong>Miguel Cohan<\/strong> y <strong>Hern\u00e1n Goldfrid<\/strong>, y producida por <strong>Haddock Films<\/strong> con <strong>Vanessa Ragone<\/strong> como productora y el propio <strong>Harlan Coben<\/strong> como productor ejecutivo.<\/p>\n\n\n\n<p>El elenco incluye a nombres reconocidos como <strong>Mat\u00edas Recalt, Fern\u00e1n Mir\u00e1s y Mike Amigorena<\/strong>, aportando fuerza a una historia que se sostiene tanto por su narrativa como por la calidad de sus actuaciones.<\/p>\n\n\n\n<p>Adem\u00e1s, la ambientaci\u00f3n en <strong>Bariloche<\/strong> no s\u00f3lo ofrece paisajes espectaculares, sino que refuerza el tono de misterio con un contraste perfecto entre belleza natural y tensi\u00f3n latente.<\/p>\n\n\n\n<hr class=\"wp-block-separator has-alpha-channel-opacity\"\/>\n\n\n\n<h3 class=\"wp-block-heading\">\u00bfVale la pena verla?<\/h3>\n\n\n\n<p><em>Atrapados<\/em> ofrece una historia de suspenso s\u00f3lida, bien escrita y con temas que van m\u00e1s all\u00e1 de la investigaci\u00f3n policial: <strong>\u00e9tica period\u00edstica, manipulaci\u00f3n medi\u00e1tica<\/strong>, y los l\u00edmites morales cuando el coraz\u00f3n se interpone en la b\u00fasqueda de la verdad.<\/p>\n\n\n\n<p>Aunque en algunos momentos puede sentirse predecible, la direcci\u00f3n y el guion logran mantener la tensi\u00f3n hasta el desenlace. Una propuesta interesante dentro del cat\u00e1logo de Netflix y un paso firme para la ficci\u00f3n argentina en plataformas globales.<\/p>\n\n\n\n<hr class=\"wp-block-separator has-alpha-channel-opacity\"\/>\n\n\n\n<p><strong>Calificaci\u00f3n:<\/strong> &#x2b50;&#x2b50;&#x2b50;\u2606\u2606 (3 de 5)<br><strong>Disponible en:<\/strong> Netflix<\/p>","protected":false},"excerpt":{"rendered":"<p>Atrapados es una miniserie argentina de suspenso basada en una novela de Harlan Coben. Una historia de amor, traici\u00f3n y verdades ocultas. Disponible en Netflix.<\/p>","protected":false},"author":2,"featured_media":22331,"comment_status":"open","ping_status":"open","sticky":false,"template":"","format":"standard","meta":{"jetpack_post_was_ever_published":false,"_jetpack_newsletter_access":"","_jetpack_dont_email_post_to_subs":false,"_jetpack_newsletter_tier_id":0,"_jetpack_memberships_contains_paywalled_content":false,"_jetpack_memberships_contains_paid_content":false,"footnotes":"","jetpack_publicize_message":"","jetpack_publicize_feature_enabled":true,"jetpack_social_post_already_shared":true,"jetpack_social_options":{"image_generator_settings":{"template":"highway","default_image_id":0,"font":"","enabled":false},"version":2}},"categories":[732],"tags":[1148,1401,1402,432],"class_list":["post-22330","post","type-post","status-publish","format-standard","has-post-thumbnail","hentry","category-series","tag-miniseries","tag-netflix2025","tag-series-latinas","tag-suspenso"],"jetpack_publicize_connections":[],"jetpack_featured_media_url":"https:\/\/www.macquero.com\/wp-content\/uploads\/2025\/03\/ap.jpg","jetpack_sharing_enabled":true,"_links":{"self":[{"href":"https:\/\/www.macquero.com\/en\/wp-json\/wp\/v2\/posts\/22330","targetHints":{"allow":["GET"]}}],"collection":[{"href":"https:\/\/www.macquero.com\/en\/wp-json\/wp\/v2\/posts"}],"about":[{"href":"https:\/\/www.macquero.com\/en\/wp-json\/wp\/v2\/types\/post"}],"author":[{"embeddable":true,"href":"https:\/\/www.macquero.com\/en\/wp-json\/wp\/v2\/users\/2"}],"replies":[{"embeddable":true,"href":"https:\/\/www.macquero.com\/en\/wp-json\/wp\/v2\/comments?post=22330"}],"version-history":[{"count":3,"href":"https:\/\/www.macquero.com\/en\/wp-json\/wp\/v2\/posts\/22330\/revisions"}],"predecessor-version":[{"id":22346,"href":"https:\/\/www.macquero.com\/en\/wp-json\/wp\/v2\/posts\/22330\/revisions\/22346"}],"wp:featuredmedia":[{"embeddable":true,"href":"https:\/\/www.macquero.com\/en\/wp-json\/wp\/v2\/media\/22331"}],"wp:attachment":[{"href":"https:\/\/www.macquero.com\/en\/wp-json\/wp\/v2\/media?parent=22330"}],"wp:term":[{"taxonomy":"category","embeddable":true,"href":"https:\/\/www.macquero.com\/en\/wp-json\/wp\/v2\/categories?post=22330"},{"taxonomy":"post_tag","embeddable":true,"href":"https:\/\/www.macquero.com\/en\/wp-json\/wp\/v2\/tags?post=22330"}],"curies":[{"name":"wp","href":"https:\/\/api.w.org\/{rel}","templated":true}]}}