{"id":22305,"date":"2025-03-29T00:20:00","date_gmt":"2025-03-29T06:20:00","guid":{"rendered":"https:\/\/www.macquero.com\/?p=22305"},"modified":"2025-03-27T20:49:41","modified_gmt":"2025-03-28T02:49:41","slug":"tu-tambien-lo-harias-thriller-espanol-apple-tv","status":"publish","type":"post","link":"https:\/\/www.macquero.com\/en\/2025\/03\/tu-tambien-lo-harias-thriller-espanol-apple-tv\/","title":{"rendered":"&#8220;T\u00fa tambi\u00e9n lo har\u00edas&#8221;: Un thriller espa\u00f1ol que cuestiona la moral y la justicia \u2013 Disponible en Apple TV+"},"content":{"rendered":"<p>La serie <strong>&#8220;T\u00fa tambi\u00e9n lo har\u00edas&#8221;<\/strong> es una producci\u00f3n espa\u00f1ola de suspenso disponible en <strong>Apple TV+<\/strong>, estrenada el <strong>30 de octubre de 2024<\/strong>. Esta historia breve pero intensa atrapa desde el primer episodio con una propuesta que mezcla crimen, dilemas morales y una atm\u00f3sfera tensa que te obliga a cuestionarte constantemente: \u00bfQu\u00e9 har\u00edas t\u00fa en esa situaci\u00f3n?<\/p>\n\n\n\n<p>Con solo seis episodios, la serie ofrece una narrativa compacta, ideal para quienes buscan una historia de intriga que se pueda ver en poco tiempo pero que deje una fuerte impresi\u00f3n.<\/p>\n\n\n\n<hr class=\"wp-block-separator has-alpha-channel-opacity\"\/>\n\n\n\n<h3 class=\"wp-block-heading\">Una historia que comienza con un crimen\u2026 \u00bfo con un acto heroico?<\/h3>\n\n\n\n<p>La trama se centra en el asalto a un autob\u00fas nocturno en las afueras de Barcelona. Tres hombres armados intentan robar a los pasajeros, pero antes de que puedan escapar, son abatidos por un encapuchado que desaparece sin dejar rastro. Los testigos coinciden en que esta misteriosa figura salv\u00f3 sus vidas. \u00bfUn justiciero an\u00f3nimo o alguien que actu\u00f3 por venganza?<\/p>\n\n\n\n<p>A medida que avanzan las investigaciones, la serie plantea una pregunta clave: <strong>\u00bfD\u00f3nde termina el hero\u00edsmo y d\u00f3nde comienza el crimen?<\/strong> La historia se mueve en esa delgada l\u00ednea, desafiando al espectador a replantearse su percepci\u00f3n de lo correcto y lo incorrecto.<\/p>\n\n\n\n<hr class=\"wp-block-separator has-alpha-channel-opacity\"\/>\n\n\n\n<h3 class=\"wp-block-heading\">Un reparto s\u00f3lido y familiar para el p\u00fablico espa\u00f1ol<\/h3>\n\n\n\n<p>Uno de los puntos fuertes de <em>T\u00fa tambi\u00e9n lo har\u00edas<\/em> es su elenco, encabezado por actores conocidos del cine y la televisi\u00f3n en Espa\u00f1a:<\/p>\n\n\n\n<ul class=\"wp-block-list\">\n<li><strong>Elena Irureta<\/strong> interpreta a <strong>Rebeca Quir\u00f3s<\/strong>, una inspectora de polic\u00eda comprometida con la verdad, que tambi\u00e9n tiene un pasado sentimental con uno de sus colegas.<\/li>\n\n\n\n<li><strong>Paco Tous<\/strong>, conocido por su papel en <em>La casa de papel<\/em>, da vida a <strong>Fran Garza<\/strong>, inspector encargado del caso y ex pareja de Rebeca. Su interpretaci\u00f3n aporta humanidad y profundidad a un personaje atrapado entre la ley y sus emociones.<\/li>\n\n\n\n<li><strong>Ana Polvorosa<\/strong> es <strong>Michelle<\/strong>, una de las pasajeras clave del autob\u00fas, cuyo testimonio es fundamental para desentra\u00f1ar lo ocurrido.<\/li>\n\n\n\n<li><strong>Michelle Jenner<\/strong> interpreta a <strong>Nerea<\/strong>, otra testigo del evento, que aporta una perspectiva distinta al caso.<\/li>\n<\/ul>\n\n\n\n<p>El talento actoral contribuye a que la historia se sienta real y cercana, alej\u00e1ndose de los clich\u00e9s del g\u00e9nero.<\/p>\n\n\n\n<hr class=\"wp-block-separator has-alpha-channel-opacity\"\/>\n\n\n\n<h3 class=\"wp-block-heading\">Suspenso con contenido social<\/h3>\n\n\n\n<p>M\u00e1s all\u00e1 del misterio central, la serie aborda temas como la justicia por mano propia, el miedo colectivo y la manipulaci\u00f3n de la informaci\u00f3n. La narrativa no ofrece respuestas f\u00e1ciles y deja espacio para que el espectador saque sus propias conclusiones.<\/p>\n\n\n\n<p>El ritmo es constante, y aunque la historia se desarrolla en pocos escenarios, logra mantener la tensi\u00f3n gracias a los giros argumentales y al enfoque psicol\u00f3gico de los personajes. Cada episodio revela nuevas capas del caso, cambiando la perspectiva una y otra vez.<\/p>\n\n\n\n<hr class=\"wp-block-separator has-alpha-channel-opacity\"\/>\n\n\n\n<h3 class=\"wp-block-heading\">\u00bfPor qu\u00e9 verla?<\/h3>\n\n\n\n<p>Si te gustan los thrillers psicol\u00f3gicos con un enfoque humano, <em>T\u00fa tambi\u00e9n lo har\u00edas<\/em> puede ser una gran opci\u00f3n. No se basa en efectos especiales ni persecuciones espectaculares, sino en una narrativa s\u00f3lida y personajes con conflictos internos. Es una serie ideal para quienes disfrutan de historias que los hacen pensar.<\/p>\n\n\n\n<p>Adem\u00e1s, su formato breve permite disfrutarla en un fin de semana sin perder intensidad.<\/p>\n\n\n\n<hr class=\"wp-block-separator has-alpha-channel-opacity\"\/>\n\n\n\n<p>Disponible con una suscripci\u00f3n de <a href=\"https:\/\/tv.apple.com\/es\/show\/tu-tambien-lo-harias\/umc.cmc.3454ibvvsaasehju6k2nfxu3m\" data-type=\"link\" data-id=\"https:\/\/tv.apple.com\/es\/show\/tu-tambien-lo-harias\/umc.cmc.3454ibvvsaasehju6k2nfxu3m\">\uf8ffTV<\/a>.<\/p>\n\n\n\n<p><strong>Calificaci\u00f3n:<\/strong> &#x2b50;&#x2b50;&#x2b50;\u2606\u2606 (3 de 5)<\/p>","protected":false},"excerpt":{"rendered":"<p>La serie &#8220;T\u00fa tambi\u00e9n lo har\u00edas&#8221; es una producci\u00f3n espa\u00f1ola de suspenso disponible en Apple TV+, estrenada el 30 de octubre de 2024. Esta historia breve pero intensa atrapa desde el primer episodio con una propuesta que mezcla crimen, dilemas morales y una atm\u00f3sfera tensa que te obliga a cuestionarte constantemente: \u00bfQu\u00e9 har\u00edas t\u00fa en &hellip;<\/p>","protected":false},"author":2,"featured_media":22306,"comment_status":"closed","ping_status":"closed","sticky":false,"template":"","format":"standard","meta":{"jetpack_post_was_ever_published":false,"_jetpack_newsletter_access":"","_jetpack_dont_email_post_to_subs":false,"_jetpack_newsletter_tier_id":0,"_jetpack_memberships_contains_paywalled_content":false,"_jetpack_memberships_contains_paid_content":false,"footnotes":"","jetpack_publicize_message":"","jetpack_publicize_feature_enabled":true,"jetpack_social_post_already_shared":true,"jetpack_social_options":{"image_generator_settings":{"template":"highway","default_image_id":0,"font":"","enabled":false},"version":2}},"categories":[689,1243,692],"tags":[791],"class_list":["post-22305","post","type-post","status-publish","format-standard","has-post-thumbnail","hentry","category-drama","category-series-originales","category-thriller","tag-intriga"],"jetpack_publicize_connections":[],"jetpack_featured_media_url":"https:\/\/www.macquero.com\/wp-content\/uploads\/2025\/03\/am.jpg","jetpack_sharing_enabled":true,"_links":{"self":[{"href":"https:\/\/www.macquero.com\/en\/wp-json\/wp\/v2\/posts\/22305","targetHints":{"allow":["GET"]}}],"collection":[{"href":"https:\/\/www.macquero.com\/en\/wp-json\/wp\/v2\/posts"}],"about":[{"href":"https:\/\/www.macquero.com\/en\/wp-json\/wp\/v2\/types\/post"}],"author":[{"embeddable":true,"href":"https:\/\/www.macquero.com\/en\/wp-json\/wp\/v2\/users\/2"}],"replies":[{"embeddable":true,"href":"https:\/\/www.macquero.com\/en\/wp-json\/wp\/v2\/comments?post=22305"}],"version-history":[{"count":2,"href":"https:\/\/www.macquero.com\/en\/wp-json\/wp\/v2\/posts\/22305\/revisions"}],"predecessor-version":[{"id":22320,"href":"https:\/\/www.macquero.com\/en\/wp-json\/wp\/v2\/posts\/22305\/revisions\/22320"}],"wp:featuredmedia":[{"embeddable":true,"href":"https:\/\/www.macquero.com\/en\/wp-json\/wp\/v2\/media\/22306"}],"wp:attachment":[{"href":"https:\/\/www.macquero.com\/en\/wp-json\/wp\/v2\/media?parent=22305"}],"wp:term":[{"taxonomy":"category","embeddable":true,"href":"https:\/\/www.macquero.com\/en\/wp-json\/wp\/v2\/categories?post=22305"},{"taxonomy":"post_tag","embeddable":true,"href":"https:\/\/www.macquero.com\/en\/wp-json\/wp\/v2\/tags?post=22305"}],"curies":[{"name":"wp","href":"https:\/\/api.w.org\/{rel}","templated":true}]}}