{"id":22296,"date":"2025-03-26T00:57:44","date_gmt":"2025-03-26T06:57:44","guid":{"rendered":"https:\/\/www.macquero.com\/?p=22296"},"modified":"2025-03-27T20:41:47","modified_gmt":"2025-03-28T02:41:47","slug":"yo-serie-ciencia-ficcion-familiar-apple-tv","status":"publish","type":"post","link":"https:\/\/www.macquero.com\/en\/2025\/03\/yo-serie-ciencia-ficcion-familiar-apple-tv\/","title":{"rendered":"&#8220;Yo&#8221;: Una serie de ciencia ficci\u00f3n para toda la familia en Apple TV+"},"content":{"rendered":"<p>Si est\u00e1s buscando una serie que combine aventura, ciencia ficci\u00f3n y un mensaje positivo sobre identidad, <em>Yo<\/em> puede ser una excelente opci\u00f3n. Disponible en <strong>Apple TV+<\/strong>, esta producci\u00f3n de 2024 est\u00e1 pensada para el p\u00fablico infantil y familiar, pero logra captar la atenci\u00f3n tambi\u00e9n de espectadores mayores gracias a su premisa original y su enfoque emocional.<\/p>\n\n\n\n<hr class=\"wp-block-separator has-alpha-channel-opacity\"\/>\n\n\n\n<h3 class=\"wp-block-heading\">\u00bfDe qu\u00e9 trata <em>Yo<\/em>?<\/h3>\n\n\n\n<p>La historia gira en torno a <strong>Ben Vasani<\/strong>, un ni\u00f1o de 12 a\u00f1os que se enfrenta a una etapa complicada: acaba de cambiar de escuela, su vida familiar ha dado un giro importante, y como si eso no fuera suficiente, descubre que tiene un superpoder fuera de lo com\u00fan: puede <strong>transformarse en cualquier persona que conozca<\/strong>.<\/p>\n\n\n\n<p>Este don, que en un principio parece divertido, lo lleva por un camino lleno de preguntas existenciales, conflictos personales y momentos emotivos. A trav\u00e9s de sus transformaciones, Ben comienza un viaje de autoconocimiento en el que se cuestiona qui\u00e9n es realmente y qui\u00e9n quiere llegar a ser.<\/p>\n\n\n\n<p>La serie logra equilibrar muy bien los elementos fant\u00e1sticos con situaciones reales a las que muchos ni\u00f1os y adolescentes pueden relacionarse: sentirse fuera de lugar, buscar aceptaci\u00f3n, adaptarse a nuevas circunstancias y encontrar su verdadera identidad.<\/p>\n\n\n\n<hr class=\"wp-block-separator has-alpha-channel-opacity\"\/>\n\n\n\n<h3 class=\"wp-block-heading\">Un reparto joven con buen desempe\u00f1o<\/h3>\n\n\n\n<p>El elenco de <em>Yo<\/em> est\u00e1 liderado por <strong>Lucian-River Chauhan<\/strong>, quien interpreta a Ben Vasani con mucha naturalidad. Su actuaci\u00f3n es cre\u00edble y logra transmitir tanto el asombro como la confusi\u00f3n que vive su personaje. Lo acompa\u00f1an <strong>Abigail Pniowsky<\/strong> y <strong>Amanda Reid<\/strong>, quienes aportan dinamismo a la trama con personajes secundarios bien construidos y relevantes para el desarrollo emocional del protagonista.<\/p>\n\n\n\n<p>Aunque se trata de un reparto joven, las actuaciones est\u00e1n a la altura del reto que implica una historia con temas de transformaci\u00f3n, crecimiento personal y ciencia ficci\u00f3n.<\/p>\n\n\n\n<hr class=\"wp-block-separator has-alpha-channel-opacity\"\/>\n\n\n\n<h3 class=\"wp-block-heading\">\u00bfEs una buena opci\u00f3n para ver en familia?<\/h3>\n\n\n\n<p>Definitivamente s\u00ed. <em>Yo<\/em> est\u00e1 clasificada como <strong>apta para mayores de 7 a\u00f1os<\/strong>, lo que la convierte en una alternativa segura y entretenida para ver con ni\u00f1os. Sin embargo, tambi\u00e9n incluye reflexiones interesantes que los adultos pueden valorar, especialmente en lo relacionado con la b\u00fasqueda de identidad y el poder de ser uno mismo.<\/p>\n\n\n\n<p>No esperes escenas de acci\u00f3n explosiva ni efectos especiales al estilo de superproducciones, pero s\u00ed encontrar\u00e1s una narrativa bien cuidada, con un ritmo adecuado y personajes entra\u00f1ables.<\/p>\n\n\n\n<hr class=\"wp-block-separator has-alpha-channel-opacity\"\/>\n\n\n\n<h3 class=\"wp-block-heading\">Disponible en Apple TV+<\/h3>\n\n\n\n<p>Como muchas de las nuevas producciones familiares de Apple, <em>Yo<\/em> forma parte de su cat\u00e1logo original, por lo que s\u00f3lo est\u00e1 disponible con una <strong>suscripci\u00f3n activa a Apple TV+<\/strong>. La calidad de producci\u00f3n est\u00e1 a la altura del est\u00e1ndar de la plataforma: fotograf\u00eda cuidada, buena direcci\u00f3n de arte y una banda sonora agradable.<\/p>\n\n\n\n<hr class=\"wp-block-separator has-alpha-channel-opacity\"\/>\n\n\n\n<h3 class=\"wp-block-heading\">Veredicto final<\/h3>\n\n\n\n<p><em>Yo<\/em> es una serie distinta, con una propuesta fresca y emotiva. Aunque no es perfecta, se agradece que ofrezca algo diferente en el panorama de entretenimiento familiar. Es una historia sobre la transformaci\u00f3n f\u00edsica y emocional que atraviesan muchos ni\u00f1os en edad escolar, contada con sensibilidad y un toque de fantas\u00eda.<\/p>\n\n\n\n<h3 class=\"wp-block-heading\"><\/h3>\n\n\n\n<blockquote class=\"wp-block-quote is-layout-flow wp-block-quote-is-layout-flow\">\n<p>La encontr\u00e9 entretenida y fuera de lo com\u00fan.<\/p>\n<\/blockquote>\n\n\n\n<p>Disponible con una suscripci\u00f3n de <a href=\"https:\/\/tv.apple.com\/mx\/show\/yo\/umc.cmc.3d79cajjwbx5wsylkce31zrcz\" data-type=\"link\" data-id=\"https:\/\/tv.apple.com\/mx\/show\/yo\/umc.cmc.3d79cajjwbx5wsylkce31zrcz\" target=\"_blank\" rel=\"noreferrer noopener\">\uf8ffTV<\/a>.<\/p>\n\n\n\n<p><strong>Calificaci\u00f3n:<\/strong> &#x2b50;&#x2b50;&#x2b50;\u2606\u2606 (3 de 5)<\/p>","protected":false},"excerpt":{"rendered":"<p>Si est\u00e1s buscando una serie que combine aventura, ciencia ficci\u00f3n y un mensaje positivo sobre identidad, Yo puede ser una excelente opci\u00f3n. Disponible en Apple TV+, esta producci\u00f3n de 2024 est\u00e1 pensada para el p\u00fablico infantil y familiar, pero logra captar la atenci\u00f3n tambi\u00e9n de espectadores mayores gracias a su premisa original y su enfoque &hellip;<\/p>","protected":false},"author":2,"featured_media":22297,"comment_status":"closed","ping_status":"closed","sticky":false,"template":"","format":"standard","meta":{"jetpack_post_was_ever_published":false,"_jetpack_newsletter_access":"","_jetpack_dont_email_post_to_subs":false,"_jetpack_newsletter_tier_id":0,"_jetpack_memberships_contains_paywalled_content":false,"_jetpack_memberships_contains_paid_content":false,"footnotes":"","jetpack_publicize_message":"","jetpack_publicize_feature_enabled":true,"jetpack_social_post_already_shared":true,"jetpack_social_options":{"image_generator_settings":{"template":"highway","default_image_id":0,"font":"","enabled":false},"version":2}},"categories":[688,691,1243],"tags":[756,453],"class_list":["post-22296","post","type-post","status-publish","format-standard","has-post-thumbnail","hentry","category-ciencia-ficcion","category-comedia","category-series-originales","tag-aventura","tag-para-toda-la-familia"],"jetpack_publicize_connections":[],"jetpack_featured_media_url":"https:\/\/www.macquero.com\/wp-content\/uploads\/2025\/03\/yo.jpg","jetpack_sharing_enabled":true,"_links":{"self":[{"href":"https:\/\/www.macquero.com\/en\/wp-json\/wp\/v2\/posts\/22296","targetHints":{"allow":["GET"]}}],"collection":[{"href":"https:\/\/www.macquero.com\/en\/wp-json\/wp\/v2\/posts"}],"about":[{"href":"https:\/\/www.macquero.com\/en\/wp-json\/wp\/v2\/types\/post"}],"author":[{"embeddable":true,"href":"https:\/\/www.macquero.com\/en\/wp-json\/wp\/v2\/users\/2"}],"replies":[{"embeddable":true,"href":"https:\/\/www.macquero.com\/en\/wp-json\/wp\/v2\/comments?post=22296"}],"version-history":[{"count":2,"href":"https:\/\/www.macquero.com\/en\/wp-json\/wp\/v2\/posts\/22296\/revisions"}],"predecessor-version":[{"id":22315,"href":"https:\/\/www.macquero.com\/en\/wp-json\/wp\/v2\/posts\/22296\/revisions\/22315"}],"wp:featuredmedia":[{"embeddable":true,"href":"https:\/\/www.macquero.com\/en\/wp-json\/wp\/v2\/media\/22297"}],"wp:attachment":[{"href":"https:\/\/www.macquero.com\/en\/wp-json\/wp\/v2\/media?parent=22296"}],"wp:term":[{"taxonomy":"category","embeddable":true,"href":"https:\/\/www.macquero.com\/en\/wp-json\/wp\/v2\/categories?post=22296"},{"taxonomy":"post_tag","embeddable":true,"href":"https:\/\/www.macquero.com\/en\/wp-json\/wp\/v2\/tags?post=22296"}],"curies":[{"name":"wp","href":"https:\/\/api.w.org\/{rel}","templated":true}]}}