{"id":22287,"date":"2025-03-23T22:04:32","date_gmt":"2025-03-24T04:04:32","guid":{"rendered":"https:\/\/www.macquero.com\/?p=22287"},"modified":"2025-03-29T13:14:46","modified_gmt":"2025-03-29T19:14:46","slug":"tierra-de-mujeres-serie-drama-comedia-apple-tv","status":"publish","type":"post","link":"https:\/\/www.macquero.com\/en\/2025\/03\/tierra-de-mujeres-serie-drama-comedia-apple-tv\/","title":{"rendered":"Tierra de mujeres: secretos, drama y comedia entre vi\u00f1edos \u2013 Disponible en Apple TV+"},"content":{"rendered":"<p>Si te gustan las historias de mujeres fuertes, con un toque de humor, drama familiar y un poco de suspenso, <strong>Tierra de mujeres<\/strong> puede ser la serie que necesitas para tu pr\u00f3xima marat\u00f3n. Estrenada el <strong>26 de junio de 2024<\/strong> en <strong>Apple TV+<\/strong>, esta producci\u00f3n internacional mezcla ingredientes cl\u00e1sicos del melodrama con una narrativa moderna y visualmente atractiva.<\/p>\n\n\n\n<p>La serie est\u00e1 basada en la novela <em>La tierra de las mujeres<\/em> de <strong>Sandra Barneda<\/strong>, y fue adaptada para televisi\u00f3n por <strong>Ram\u00f3n Campos<\/strong> y <strong>Gema R. Neira<\/strong>, creadores de otros \u00e9xitos como <em>Gran Hotel<\/em> y <em>Velvet<\/em>.<\/p>\n\n\n\n<hr class=\"wp-block-separator has-alpha-channel-opacity\"\/>\n\n\n\n<h3 class=\"wp-block-heading\">Sinopsis: de Nueva York a un vi\u00f1edo espa\u00f1ol<\/h3>\n\n\n\n<p>La historia gira en torno a <strong>Gala Scott<\/strong> (interpretada por <strong>Eva Longoria<\/strong>), una mujer de clase alta en Nueva York cuya vida se desmorona de un d\u00eda para otro cuando su esposo la involucra en un esc\u00e1ndalo financiero. Para protegerse a s\u00ed misma y a su familia, Gala decide huir de Estados Unidos junto a su madre <strong>Julia<\/strong> (<strong>Carmen Maura<\/strong>) y su hija universitaria <strong>Kate<\/strong> (<strong>Victoria Baz\u00faa<\/strong>).<\/p>\n\n\n\n<p>\u00bfEl destino? Un peque\u00f1o y pintoresco pueblo vin\u00edcola en <strong>Catalu\u00f1a<\/strong>, Espa\u00f1a, donde la familia busca empezar de nuevo mientras se esconden del pasado.<\/p>\n\n\n\n<p>Pero la tranquilidad no dura mucho. Pronto descubren que en ese lugar tambi\u00e9n hay secretos enterrados, viejas disputas familiares, y una comunidad que no siempre recibe con los brazos abiertos a los forasteros. Entre conflictos, nuevas amistades, enredos amorosos y una buena dosis de vino, las tres mujeres se embarcan en una traves\u00eda de transformaci\u00f3n personal.<\/p>\n\n\n\n<hr class=\"wp-block-separator has-alpha-channel-opacity\"\/>\n\n\n\n<h3 class=\"wp-block-heading\">Un elenco con qu\u00edmica y presencia<\/h3>\n\n\n\n<p>Uno de los puntos fuertes de la serie es la din\u00e1mica entre las tres protagonistas, que representan tres generaciones con visiones muy distintas de la vida:<\/p>\n\n\n\n<ul class=\"wp-block-list\">\n<li><strong>Eva Longoria<\/strong> aporta carisma, elegancia y sensibilidad a Gala, una mujer que debe reconstruirse desde cero.<\/li>\n\n\n\n<li><strong>Carmen Maura<\/strong> brilla como Julia, con una interpretaci\u00f3n entra\u00f1able, divertida y llena de car\u00e1cter.<\/li>\n\n\n\n<li><strong>Victoria Baz\u00faa<\/strong>, actriz trans mexicana, destaca como Kate, aportando una perspectiva joven, fresca y con mucha personalidad.<\/li>\n<\/ul>\n\n\n\n<p>El elenco secundario tambi\u00e9n complementa bien la historia, con personajes locales que van desde lo entra\u00f1able hasta lo exc\u00e9ntrico, reflejando con humor y calidez la vida rural espa\u00f1ola.<\/p>\n\n\n\n<hr class=\"wp-block-separator has-alpha-channel-opacity\"\/>\n\n\n\n<h3 class=\"wp-block-heading\">Producci\u00f3n y ambientaci\u00f3n<\/h3>\n\n\n\n<p>La serie es una coproducci\u00f3n de <strong>Apple TV+<\/strong> y <strong>Bamb\u00fa Producciones<\/strong>, filmada en el municipio de <strong>Garriguella<\/strong>, en Catalu\u00f1a. Uno de los grandes aciertos visuales es su ambientaci\u00f3n entre vi\u00f1edos, casas antiguas y paisajes espectaculares.<\/p>\n\n\n\n<p>La serie est\u00e1 hablada en <strong>espa\u00f1ol, ingl\u00e9s y catal\u00e1n<\/strong>, lo cual le da un aire aut\u00e9ntico y multicultural que suma puntos a su valor de producci\u00f3n.<\/p>\n\n\n\n<hr class=\"wp-block-separator has-alpha-channel-opacity\"\/>\n\n\n\n<h3 class=\"wp-block-heading\">Cr\u00edticas y recepci\u00f3n<\/h3>\n\n\n\n<p>Tras su estreno, <em>Tierra de mujeres<\/em> recibi\u00f3 <strong>opiniones mixtas<\/strong>. Algunos elogiaron la <strong>qu\u00edmica del elenco<\/strong>, el mensaje de empoderamiento femenino y la representaci\u00f3n positiva de la diversidad. Otros mencionaron que la historia cae en ciertos <strong>clich\u00e9s<\/strong> del melodrama.<\/p>\n\n\n\n<p>Pero si algo es claro, es que no deja indiferente: engancha, emociona y entretiene.<\/p>\n\n\n\n<hr class=\"wp-block-separator has-alpha-channel-opacity\"\/>\n\n\n\n<h3 class=\"wp-block-heading\">\u00bfHabr\u00e1 segunda temporada?<\/h3>\n\n\n\n<p>Hasta ahora, <strong>Apple TV+ no ha confirmado<\/strong> si habr\u00e1 una continuaci\u00f3n. La primera temporada se present\u00f3 como una <strong>serie limitada<\/strong>, aunque la historia qued\u00f3 abierta para seguir desarroll\u00e1ndose. Personalmente, creo que todav\u00eda hay mucho por contar\u2026 y s\u00ed, <strong>yo s\u00ed quiero ver una segunda temporada<\/strong>. &#x1f377;<\/p>\n\n\n\n<hr class=\"wp-block-separator has-alpha-channel-opacity\"\/>\n\n\n\n<p><strong>Calificaci\u00f3n:<\/strong> &#x2b50;&#x2b50;&#x2b50;&#x2b50;&#x2b50; (5 de 5)<br><strong>Disponible en:<\/strong> <a href=\"https:\/\/tv.apple.com\/mx\/show\/tierra-de-mujeres\/umc.cmc.3jchmur9er2whr7zsubfcasrv\" data-type=\"link\" data-id=\"https:\/\/tv.apple.com\/mx\/show\/tierra-de-mujeres\/umc.cmc.3jchmur9er2whr7zsubfcasrv\" target=\"_blank\" rel=\"noreferrer noopener\">Apple TV+<\/a><\/p>","protected":false},"excerpt":{"rendered":"<p>Tierra de mujeres es una serie de Apple TV+ que combina drama, comedia y suspenso con un elenco liderado por Eva Longoria y Carmen Maura. \u00bfYa la viste?<\/p>","protected":false},"author":2,"featured_media":22288,"comment_status":"closed","ping_status":"closed","sticky":false,"template":"","format":"standard","meta":{"jetpack_post_was_ever_published":false,"_jetpack_newsletter_access":"","_jetpack_dont_email_post_to_subs":false,"_jetpack_newsletter_tier_id":0,"_jetpack_memberships_contains_paywalled_content":false,"_jetpack_memberships_contains_paid_content":false,"footnotes":"","jetpack_publicize_message":"","jetpack_publicize_feature_enabled":true,"jetpack_social_post_already_shared":true,"jetpack_social_options":{"image_generator_settings":{"template":"highway","default_image_id":0,"font":"","enabled":false},"version":2}},"categories":[691,689,1242,1243],"tags":[303],"class_list":["post-22287","post","type-post","status-publish","format-standard","has-post-thumbnail","hentry","category-comedia","category-drama","category-originales-de-la-plataforma","category-series-originales","tag-drama"],"jetpack_publicize_connections":[],"jetpack_featured_media_url":"https:\/\/www.macquero.com\/wp-content\/uploads\/2025\/03\/em.jpg","jetpack_sharing_enabled":true,"_links":{"self":[{"href":"https:\/\/www.macquero.com\/en\/wp-json\/wp\/v2\/posts\/22287","targetHints":{"allow":["GET"]}}],"collection":[{"href":"https:\/\/www.macquero.com\/en\/wp-json\/wp\/v2\/posts"}],"about":[{"href":"https:\/\/www.macquero.com\/en\/wp-json\/wp\/v2\/types\/post"}],"author":[{"embeddable":true,"href":"https:\/\/www.macquero.com\/en\/wp-json\/wp\/v2\/users\/2"}],"replies":[{"embeddable":true,"href":"https:\/\/www.macquero.com\/en\/wp-json\/wp\/v2\/comments?post=22287"}],"version-history":[{"count":2,"href":"https:\/\/www.macquero.com\/en\/wp-json\/wp\/v2\/posts\/22287\/revisions"}],"predecessor-version":[{"id":22341,"href":"https:\/\/www.macquero.com\/en\/wp-json\/wp\/v2\/posts\/22287\/revisions\/22341"}],"wp:featuredmedia":[{"embeddable":true,"href":"https:\/\/www.macquero.com\/en\/wp-json\/wp\/v2\/media\/22288"}],"wp:attachment":[{"href":"https:\/\/www.macquero.com\/en\/wp-json\/wp\/v2\/media?parent=22287"}],"wp:term":[{"taxonomy":"category","embeddable":true,"href":"https:\/\/www.macquero.com\/en\/wp-json\/wp\/v2\/categories?post=22287"},{"taxonomy":"post_tag","embeddable":true,"href":"https:\/\/www.macquero.com\/en\/wp-json\/wp\/v2\/tags?post=22287"}],"curies":[{"name":"wp","href":"https:\/\/api.w.org\/{rel}","templated":true}]}}