{"id":22259,"date":"2025-03-15T09:24:04","date_gmt":"2025-03-15T15:24:04","guid":{"rendered":"https:\/\/www.macquero.com\/?p=22259"},"modified":"2025-03-27T20:57:14","modified_gmt":"2025-03-28T02:57:14","slug":"adolescencia-miniserie-thriller-psicologico-netflix","status":"publish","type":"post","link":"https:\/\/www.macquero.com\/en\/2025\/03\/adolescencia-miniserie-thriller-psicologico-netflix\/","title":{"rendered":"Adolescencia: un thriller psicol\u00f3gico en una sola toma \u2013 Disponible en Netflix"},"content":{"rendered":"<p>La miniserie <strong>Adolescencia<\/strong> lleg\u00f3 a <strong>Netflix<\/strong> el <strong>13 de marzo de 2025<\/strong> y desde su estreno ha generado un fuerte impacto tanto entre la cr\u00edtica como el p\u00fablico. Se trata de una propuesta arriesgada y muy bien ejecutada que mezcla el drama familiar con el suspenso psicol\u00f3gico, en un formato que no pasa desapercibido.<\/p>\n\n\n\n<p>Con apenas <strong>cuatro episodios<\/strong>, <em>Adolescencia<\/em> se perfila como una de las producciones m\u00e1s s\u00f3lidas y perturbadoras del a\u00f1o. \u00bfSu premisa? Un adolescente de 13 a\u00f1os acusado de asesinato y una familia rota tratando de comprender lo incomprensible.<\/p>\n\n\n\n<hr class=\"wp-block-separator has-alpha-channel-opacity\"\/>\n\n\n\n<h3 class=\"wp-block-heading\">Trama: un crimen que sacude a una familia<\/h3>\n\n\n\n<p>La historia gira en torno a <strong>Jamie Miller<\/strong>, un chico aparentemente com\u00fan que, de un momento a otro, se convierte en el principal sospechoso del asesinato de una compa\u00f1era de su escuela. A partir de esta acusaci\u00f3n, la serie nos lleva por un viaje emocional donde se exploran las consecuencias del crimen desde distintas perspectivas: la de Jamie, la de sus padres, y la de los investigadores que intentan reconstruir lo ocurrido.<\/p>\n\n\n\n<p>Lo interesante es que la serie <strong>no cae en clich\u00e9s<\/strong>, sino que opta por un enfoque realista, emocional y ambiguo. Jamie no es un villano cl\u00e1sico, ni tampoco un inocente total. Es un adolescente lleno de contradicciones, con un comportamiento inquietante que despierta dudas desde el primer episodio.<\/p>\n\n\n\n<hr class=\"wp-block-separator has-alpha-channel-opacity\"\/>\n\n\n\n<h3 class=\"wp-block-heading\">Una propuesta t\u00e9cnica \u00fanica<\/h3>\n\n\n\n<p>Uno de los aspectos m\u00e1s comentados de <em>Adolescencia<\/em> es su <strong>innovadora t\u00e9cnica de filmaci\u00f3n<\/strong>. Cada episodio fue rodado en una <strong>toma continua<\/strong> y en <strong>tiempo real<\/strong>, sin cortes ocultos ni montajes. Esta decisi\u00f3n creativa a\u00f1ade una sensaci\u00f3n de inmediatez e intensidad emocional que hace que el espectador se sienta dentro de la historia, casi como un testigo presencial de los hechos.<\/p>\n\n\n\n<p>Esta apuesta t\u00e9cnica ha sido ampliamente <strong>elogiada por la cr\u00edtica especializada<\/strong>, destacando el trabajo de c\u00e1mara, la precisi\u00f3n en las actuaciones y el ritmo narrativo, que a pesar del formato, no decae en ning\u00fan momento.<\/p>\n\n\n\n<hr class=\"wp-block-separator has-alpha-channel-opacity\"\/>\n\n\n\n<h3 class=\"wp-block-heading\">Reparto y actuaci\u00f3n<\/h3>\n\n\n\n<p>Aunque el reparto no incluye nombres muy conocidos, las actuaciones son <strong>sorprendentemente s\u00f3lidas<\/strong>. El actor que interpreta a Jamie logra transmitir una complejidad emocional dif\u00edcil de encontrar en personajes de su edad. Su comportamiento, en momentos, puede interpretarse como una mezcla de rasgos psicop\u00e1ticos y s\u00edntomas de un posible trastorno bipolar, aunque la serie nunca lo diagnostica de forma expl\u00edcita. M\u00e1s que dar respuestas, deja espacio para que el espectador saque sus propias conclusiones.<\/p>\n\n\n\n<hr class=\"wp-block-separator has-alpha-channel-opacity\"\/>\n\n\n\n<h3 class=\"wp-block-heading\">Recepci\u00f3n cr\u00edtica y del p\u00fablico<\/h3>\n\n\n\n<p>Desde su estreno, <em>Adolescencia<\/em> ha sido muy bien recibida. En plataformas como:<\/p>\n\n\n\n<ul class=\"wp-block-list\">\n<li><strong>IMDb<\/strong>: 8.5<\/li>\n\n\n\n<li><strong>FilmAffinity<\/strong>: 8.1<\/li>\n\n\n\n<li><strong>Rotten Tomatoes<\/strong>: 100% de aprobaci\u00f3n<\/li>\n<\/ul>\n\n\n\n<p>Estas cifras reflejan un consenso casi un\u00e1nime sobre la calidad de la producci\u00f3n, destacando su narrativa tensa, su enfoque emocional y la originalidad de su ejecuci\u00f3n.<\/p>\n\n\n\n<blockquote class=\"wp-block-quote is-layout-flow wp-block-quote-is-layout-flow\">\n<p>En lo personal, encontr\u00e9 al personaje principal inquietante; &#8220;su comportamiento&#8221; se percibi\u00f3 como una combinaci\u00f3n de rasgos psicop\u00e1ticos con comportamientos propios de un trastorno bipolar. Sin embargo, no me sorprende del todo, pues siempre he considerado que la adolescencia es una etapa dif\u00edcil de comprender.<\/p>\n<\/blockquote>\n\n\n\n<hr class=\"wp-block-separator has-alpha-channel-opacity\"\/>\n\n\n\n<h3 class=\"wp-block-heading\">\u00bfPor qu\u00e9 verla?<\/h3>\n\n\n\n<p><em>Adolescencia<\/em> no es una serie f\u00e1cil. Es intensa, oscura y emocionalmente exigente. Pero si buscas algo diferente, con un enfoque psicol\u00f3gico profundo y un estilo visual fuera de lo com\u00fan, esta miniserie definitivamente vale tu tiempo.<\/p>\n\n\n\n<p>Adem\u00e1s, su corta duraci\u00f3n la hace ideal para ver en un par de d\u00edas, sin perder continuidad ni tensi\u00f3n narrativa.<\/p>\n\n\n\n<hr class=\"wp-block-separator has-alpha-channel-opacity\"\/>\n\n\n\n<p><strong>Calificaci\u00f3n:<\/strong> &#x2b50;&#x2b50;&#x2b50;&#x2b50;\u2606 (4 de 5)<br><strong>Disponible en:<\/strong> Netflix<\/p>","protected":false},"excerpt":{"rendered":"<p>La miniserie Adolescencia lleg\u00f3 a Netflix el 13 de marzo de 2025 y desde su estreno ha generado un fuerte impacto tanto entre la cr\u00edtica como el p\u00fablico. Se trata de una propuesta arriesgada y muy bien ejecutada que mezcla el drama familiar con el suspenso psicol\u00f3gico, en un formato que no pasa desapercibido. Con &hellip;<\/p>","protected":false},"author":2,"featured_media":22260,"comment_status":"closed","ping_status":"closed","sticky":false,"template":"","format":"standard","meta":{"jetpack_post_was_ever_published":false,"_jetpack_newsletter_access":"","_jetpack_dont_email_post_to_subs":false,"_jetpack_newsletter_tier_id":0,"_jetpack_memberships_contains_paywalled_content":false,"_jetpack_memberships_contains_paid_content":false,"footnotes":"","jetpack_publicize_message":"","jetpack_publicize_feature_enabled":true,"jetpack_social_post_already_shared":true,"jetpack_social_options":{"image_generator_settings":{"template":"highway","default_image_id":0,"font":"","enabled":false},"version":2}},"categories":[732],"tags":[1072,303,1148],"class_list":["post-22259","post","type-post","status-publish","format-standard","has-post-thumbnail","hentry","category-series","tag-crimen","tag-drama","tag-miniseries"],"jetpack_publicize_connections":[],"jetpack_featured_media_url":"https:\/\/www.macquero.com\/wp-content\/uploads\/2025\/03\/le.jpg","jetpack_sharing_enabled":true,"_links":{"self":[{"href":"https:\/\/www.macquero.com\/en\/wp-json\/wp\/v2\/posts\/22259","targetHints":{"allow":["GET"]}}],"collection":[{"href":"https:\/\/www.macquero.com\/en\/wp-json\/wp\/v2\/posts"}],"about":[{"href":"https:\/\/www.macquero.com\/en\/wp-json\/wp\/v2\/types\/post"}],"author":[{"embeddable":true,"href":"https:\/\/www.macquero.com\/en\/wp-json\/wp\/v2\/users\/2"}],"replies":[{"embeddable":true,"href":"https:\/\/www.macquero.com\/en\/wp-json\/wp\/v2\/comments?post=22259"}],"version-history":[{"count":2,"href":"https:\/\/www.macquero.com\/en\/wp-json\/wp\/v2\/posts\/22259\/revisions"}],"predecessor-version":[{"id":22324,"href":"https:\/\/www.macquero.com\/en\/wp-json\/wp\/v2\/posts\/22259\/revisions\/22324"}],"wp:featuredmedia":[{"embeddable":true,"href":"https:\/\/www.macquero.com\/en\/wp-json\/wp\/v2\/media\/22260"}],"wp:attachment":[{"href":"https:\/\/www.macquero.com\/en\/wp-json\/wp\/v2\/media?parent=22259"}],"wp:term":[{"taxonomy":"category","embeddable":true,"href":"https:\/\/www.macquero.com\/en\/wp-json\/wp\/v2\/categories?post=22259"},{"taxonomy":"post_tag","embeddable":true,"href":"https:\/\/www.macquero.com\/en\/wp-json\/wp\/v2\/tags?post=22259"}],"curies":[{"name":"wp","href":"https:\/\/api.w.org\/{rel}","templated":true}]}}