{"id":22248,"date":"2025-03-12T06:18:42","date_gmt":"2025-03-12T12:18:42","guid":{"rendered":"https:\/\/www.macquero.com\/?p=22248"},"modified":"2025-03-29T14:46:45","modified_gmt":"2025-03-29T20:46:45","slug":"if-pelicula-amigos-imaginarios-netflix","status":"publish","type":"post","link":"https:\/\/www.macquero.com\/en\/2025\/03\/if-pelicula-amigos-imaginarios-netflix\/","title":{"rendered":"If: una aventura m\u00e1gica sobre los amigos imaginarios olvidados \u2013 disponible en Netflix"},"content":{"rendered":"<p><em>If<\/em> es una de esas pel\u00edculas que te reconcilian con la ternura, la imaginaci\u00f3n y la nostalgia. <strong>Dirigida por John Krasinski<\/strong> y estrenada en <strong>2024<\/strong>, esta historia mezcla fantas\u00eda, comedia y emociones reales en una propuesta que, aunque pensada para toda la familia, conecta profundamente con el ni\u00f1o que llevamos dentro.<\/p>\n\n\n\n<p>Ya hab\u00edamos hablado de esta pel\u00edcula cuando lleg\u00f3 a los cines, pero ahora tambi\u00e9n puedes disfrutarla en <strong>Netflix<\/strong>, lo que la convierte en una excelente opci\u00f3n para una tarde de desconexi\u00f3n, risa y (quiz\u00e1) alguna l\u00e1grima.<\/p>\n\n\n\n<hr class=\"wp-block-separator has-alpha-channel-opacity\"\/>\n\n\n\n<h3 class=\"wp-block-heading\">Sinopsis: cuando la imaginaci\u00f3n no desaparece del todo<\/h3>\n\n\n\n<p>La historia sigue a una ni\u00f1a llamada <strong>Bea<\/strong>, quien atraviesa un momento dif\u00edcil en su vida, pero descubre algo extraordinario: <strong>puede ver a los amigos imaginarios olvidados<\/strong> por otros ni\u00f1os. Estos seres, cari\u00f1osos y exc\u00e9ntricos, viven en un limbo emocional esperando ser recordados&#8230; o reencontrarse con sus antiguos \u201ccreadores\u201d.<\/p>\n\n\n\n<p>Bea se une a su vecino, <strong>Cal<\/strong> (interpretado por <strong>Ryan Reynolds<\/strong>), para ayudar a estos entra\u00f1ables personajes a reconectarse con sus antiguos amigos humanos. Lo que empieza como una aventura l\u00fadica, se transforma en un viaje <strong>emocional<\/strong>, lleno de descubrimientos sobre el amor, el duelo, la empat\u00eda y la importancia de mantener viva la capacidad de imaginar.<\/p>\n\n\n\n<hr class=\"wp-block-separator has-alpha-channel-opacity\"\/>\n\n\n\n<h3 class=\"wp-block-heading\">Un universo de color y coraz\u00f3n<\/h3>\n\n\n\n<p><em>If<\/em> logra lo que muchas pel\u00edculas familiares intentan pero no siempre alcanzan: ser <strong>divertida, m\u00e1gica y emocionalmente honesta<\/strong>. La cinta combina <strong>actores reales con personajes animados<\/strong>, muchos de los cuales tienen dise\u00f1os encantadores y personalidades inolvidables.<\/p>\n\n\n\n<p>Visualmente es una delicia. El estilo de animaci\u00f3n, los colores suaves y la forma en que los mundos imaginarios se mezclan con la realidad hacen que sea una experiencia muy envolvente. Pero m\u00e1s all\u00e1 de lo visual, lo que realmente destaca es el <strong>coraz\u00f3n de la historia<\/strong>.<\/p>\n\n\n\n<hr class=\"wp-block-separator has-alpha-channel-opacity\"\/>\n\n\n\n<h3 class=\"wp-block-heading\">Temas que resuenan con todos<\/h3>\n\n\n\n<p>Aunque se presenta como una comedia de fantas\u00eda, <em>If<\/em> tambi\u00e9n toca temas profundos como:<\/p>\n\n\n\n<ul class=\"wp-block-list\">\n<li><strong>La p\u00e9rdida y el duelo<\/strong><\/li>\n\n\n\n<li><strong>La importancia de la imaginaci\u00f3n<\/strong> como refugio emocional<\/li>\n\n\n\n<li><strong>El poder de la empat\u00eda y la conexi\u00f3n humana<\/strong><\/li>\n\n\n\n<li>El valor de <strong>reconectar con uno mismo a trav\u00e9s del juego y la ternura<\/strong><\/li>\n<\/ul>\n\n\n\n<p>Todo esto se presenta con sensibilidad, sin caer en el melodrama, y con un guion que equilibra los momentos emotivos con toques de humor encantadores, especialmente gracias a la actuaci\u00f3n natural y carism\u00e1tica de <strong>Ryan Reynolds<\/strong>.<\/p>\n\n\n\n<hr class=\"wp-block-separator has-alpha-channel-opacity\"\/>\n\n\n\n<h3 class=\"wp-block-heading\">\u00bfPor qu\u00e9 verla?<\/h3>\n\n\n\n<p>Porque es una pel\u00edcula que <strong>te hace sentir bien sin subestimarte<\/strong>. Es ligera, s\u00ed, pero no superficial. Tiene un mensaje claro: los recuerdos, las conexiones y la imaginaci\u00f3n no desaparecen\u2026 solo esperan ser reencontrados.<\/p>\n\n\n\n<p><em>If<\/em> es, en definitiva, <strong>una experiencia cinematogr\u00e1fica que vale la pena compartir<\/strong>. Ideal para ver en familia, pero tambi\u00e9n perfecta si est\u00e1s buscando una historia que te saque una sonrisa y te toque el coraz\u00f3n.<\/p>\n\n\n\n<hr class=\"wp-block-separator has-alpha-channel-opacity\"\/>\n\n\n\n<p><strong>Calificaci\u00f3n:<\/strong> &#x2b50;&#x2b50;&#x2b50;&#x2b50;&#x2b50; (5 de 5)<br><strong>Disponible en:<\/strong> Netflix<\/p>","protected":false},"excerpt":{"rendered":"<p>If es una pel\u00edcula de fantas\u00eda y comedia dirigida por John Krasinski. Una ni\u00f1a puede ver a los amigos imaginarios olvidados y ayuda a reconectarlos. Ya en Netflix.<\/p>","protected":false},"author":2,"featured_media":22250,"comment_status":"closed","ping_status":"closed","sticky":false,"template":"","format":"standard","meta":{"jetpack_post_was_ever_published":false,"_jetpack_newsletter_access":"","_jetpack_dont_email_post_to_subs":false,"_jetpack_newsletter_tier_id":0,"_jetpack_memberships_contains_paywalled_content":false,"_jetpack_memberships_contains_paid_content":false,"footnotes":"","jetpack_publicize_message":"","jetpack_publicize_feature_enabled":true,"jetpack_social_post_already_shared":true,"jetpack_social_options":{"image_generator_settings":{"template":"highway","default_image_id":0,"font":"","enabled":false},"version":2}},"categories":[766],"tags":[683,453],"class_list":["post-22248","post","type-post","status-publish","format-standard","has-post-thumbnail","hentry","category-cine-netflix","tag-comedia","tag-para-toda-la-familia"],"jetpack_publicize_connections":[],"jetpack_featured_media_url":"https:\/\/www.macquero.com\/wp-content\/uploads\/2025\/03\/if2.jpg","jetpack_sharing_enabled":true,"_links":{"self":[{"href":"https:\/\/www.macquero.com\/en\/wp-json\/wp\/v2\/posts\/22248","targetHints":{"allow":["GET"]}}],"collection":[{"href":"https:\/\/www.macquero.com\/en\/wp-json\/wp\/v2\/posts"}],"about":[{"href":"https:\/\/www.macquero.com\/en\/wp-json\/wp\/v2\/types\/post"}],"author":[{"embeddable":true,"href":"https:\/\/www.macquero.com\/en\/wp-json\/wp\/v2\/users\/2"}],"replies":[{"embeddable":true,"href":"https:\/\/www.macquero.com\/en\/wp-json\/wp\/v2\/comments?post=22248"}],"version-history":[{"count":2,"href":"https:\/\/www.macquero.com\/en\/wp-json\/wp\/v2\/posts\/22248\/revisions"}],"predecessor-version":[{"id":22367,"href":"https:\/\/www.macquero.com\/en\/wp-json\/wp\/v2\/posts\/22248\/revisions\/22367"}],"wp:featuredmedia":[{"embeddable":true,"href":"https:\/\/www.macquero.com\/en\/wp-json\/wp\/v2\/media\/22250"}],"wp:attachment":[{"href":"https:\/\/www.macquero.com\/en\/wp-json\/wp\/v2\/media?parent=22248"}],"wp:term":[{"taxonomy":"category","embeddable":true,"href":"https:\/\/www.macquero.com\/en\/wp-json\/wp\/v2\/categories?post=22248"},{"taxonomy":"post_tag","embeddable":true,"href":"https:\/\/www.macquero.com\/en\/wp-json\/wp\/v2\/tags?post=22248"}],"curies":[{"name":"wp","href":"https:\/\/api.w.org\/{rel}","templated":true}]}}