{"id":22228,"date":"2025-03-06T08:41:09","date_gmt":"2025-03-06T14:41:09","guid":{"rendered":"https:\/\/www.macquero.com\/?p=22228"},"modified":"2025-03-30T22:12:20","modified_gmt":"2025-03-31T04:12:20","slug":"beauty-in-black-temporada-2-netflix","status":"publish","type":"post","link":"https:\/\/www.macquero.com\/en\/2025\/03\/beauty-in-black-temporada-2-netflix\/","title":{"rendered":"Beauty In Black: segunda temporada con giros clave y un posible cierre \u2013 Ya disponible en Netflix"},"content":{"rendered":"<p>El 6 de marzo de 2025 se estren\u00f3 en <strong>Netflix<\/strong> la <strong>segunda temporada de <em>Beauty in Black<\/em><\/strong>, una de las producciones m\u00e1s vistas y comentadas de marzo. Esta nueva entrega <strong>concluye varios arcos argumentales<\/strong> y mantiene el suspenso en alto, aunque deja abierta la posibilidad \u2014y la duda\u2014 sobre si habr\u00e1 una tercera parte para cerrar definitivamente la historia.<\/p>\n\n\n\n<hr class=\"wp-block-separator has-alpha-channel-opacity\"\/>\n\n\n\n<h3 class=\"wp-block-heading\">Sinopsis: belleza, secretos y un submundo oscuro<\/h3>\n\n\n\n<p>La serie sigue a una mujer que trabaja como <strong>stripper<\/strong> y cuya vida cambia radicalmente cuando se cruza con una familia <strong>adinerada pero disfuncional<\/strong>, due\u00f1a de una exitosa empresa de cosm\u00e9ticos. Lo que parece ser una oportunidad para una nueva vida pronto se convierte en una pesadilla: <strong>la familia est\u00e1 involucrada en una red de tr\u00e1fico de personas<\/strong>, y los secretos no tardan en salir a la luz.<\/p>\n\n\n\n<p>Con una <strong>narrativa envolvente<\/strong>, <em>Beauty in Black<\/em> combina <strong>drama familiar, cr\u00edtica social y elementos de thriller psicol\u00f3gico<\/strong>, atrayendo a una audiencia que busca historias intensas con personajes complejos y giros inesperados.<\/p>\n\n\n\n<hr class=\"wp-block-separator has-alpha-channel-opacity\"\/>\n\n\n\n<h3 class=\"wp-block-heading\">Segunda temporada: cierre de ciclos y nuevas preguntas<\/h3>\n\n\n\n<p>La segunda temporada lleg\u00f3 con fuerza, ofreciendo <strong>episodios clave que resuelven varios hilos argumentales<\/strong> iniciados en la primera parte. Los personajes evolucionan, las tensiones alcanzan nuevos niveles y muchas verdades finalmente salen a la luz.<\/p>\n\n\n\n<p>Sin embargo, aunque algunos desenlaces son contundentes, el final deja <strong>varios puntos sin cerrar<\/strong>, lo que alimenta la especulaci\u00f3n sobre una posible <strong>tercera temporada<\/strong>.<\/p>\n\n\n\n<p>Lo curioso es que, a diferencia de la primera entrega (cuyo \u00e9xito fue tan claro que la segunda temporada fue anunciada antes del estreno), <strong>esta vez Netflix no ha confirmado nada oficialmente<\/strong> sobre una continuaci\u00f3n. Todo apunta a que estamos ante una <strong>miniserie dividida en dos partes<\/strong>, lo cual podr\u00eda indicar que la historia ya est\u00e1 completa.<\/p>\n\n\n\n<hr class=\"wp-block-separator has-alpha-channel-opacity\"\/>\n\n\n\n<h3 class=\"wp-block-heading\">\u00bfHabr\u00e1 una tercera temporada?<\/h3>\n\n\n\n<p>Por ahora, no hay confirmaci\u00f3n oficial de una tercera temporada de <em>Beauty in Black<\/em>. Sin embargo, <strong>su popularidad podr\u00eda jugar a favor de una renovaci\u00f3n<\/strong>. La primera parte se convirti\u00f3 r\u00e1pidamente en uno de los t\u00edtulos m\u00e1s vistos en la plataforma, y si esta segunda entrega logra replicar ese \u00e9xito, <strong>Netflix podr\u00eda dar luz verde a una tercera y \u00faltima temporada<\/strong> para cerrar la historia de manera definitiva.<\/p>\n\n\n\n<p>Mientras tanto, la producci\u00f3n ya ha dejado su marca: una narrativa intensa, un elenco s\u00f3lido y una propuesta visual que mezcla lo elegante con lo sombr\u00edo.<\/p>\n\n\n\n<hr class=\"wp-block-separator has-alpha-channel-opacity\"\/>\n\n\n\n<h3 class=\"wp-block-heading\">\u00bfVale la pena verla?<\/h3>\n\n\n\n<p>S\u00ed.<br>Si te gustan las series con personajes fuertes, dilemas morales, intriga empresarial y un subtexto social contundente, <em>Beauty in Black<\/em> es una opci\u00f3n s\u00f3lida. La segunda temporada mantiene el tono de la primera, con una mezcla efectiva de drama, tensi\u00f3n y cr\u00edtica.<\/p>\n\n\n\n<p>Y aunque el futuro de la historia a\u00fan es incierto, lo que est\u00e1 disponible hasta ahora <strong>ofrece una experiencia completa y altamente adictiva<\/strong>.<\/p>\n\n\n\n<hr class=\"wp-block-separator has-alpha-channel-opacity\"\/>\n\n\n\n<p><strong>Calificaci\u00f3n:<\/strong> &#x2b50;&#x2b50;&#x2b50;&#x2b50;\u2606 (4 de 5)<br><strong>Disponible en:<\/strong> Netflix<\/p>","protected":false},"excerpt":{"rendered":"<p>Beauty in Black regresa con una segunda temporada intensa que resuelve varios arcos, pero deja abierta la puerta a una posible tercera parte. Ya disponible en Netflix.<\/p>","protected":false},"author":2,"featured_media":22229,"comment_status":"closed","ping_status":"closed","sticky":false,"template":"","format":"standard","meta":{"jetpack_post_was_ever_published":false,"_jetpack_newsletter_access":"","_jetpack_dont_email_post_to_subs":false,"_jetpack_newsletter_tier_id":0,"_jetpack_memberships_contains_paywalled_content":false,"_jetpack_memberships_contains_paid_content":false,"footnotes":"","jetpack_publicize_message":"","jetpack_publicize_feature_enabled":true,"jetpack_social_post_already_shared":true,"jetpack_social_options":{"image_generator_settings":{"template":"highway","default_image_id":0,"font":"","enabled":false},"version":2}},"categories":[732],"tags":[303,579],"class_list":["post-22228","post","type-post","status-publish","format-standard","has-post-thumbnail","hentry","category-series","tag-drama","tag-thriller"],"jetpack_publicize_connections":[],"jetpack_featured_media_url":"https:\/\/www.macquero.com\/wp-content\/uploads\/2025\/03\/in.jpg","jetpack_sharing_enabled":true,"_links":{"self":[{"href":"https:\/\/www.macquero.com\/en\/wp-json\/wp\/v2\/posts\/22228","targetHints":{"allow":["GET"]}}],"collection":[{"href":"https:\/\/www.macquero.com\/en\/wp-json\/wp\/v2\/posts"}],"about":[{"href":"https:\/\/www.macquero.com\/en\/wp-json\/wp\/v2\/types\/post"}],"author":[{"embeddable":true,"href":"https:\/\/www.macquero.com\/en\/wp-json\/wp\/v2\/users\/2"}],"replies":[{"embeddable":true,"href":"https:\/\/www.macquero.com\/en\/wp-json\/wp\/v2\/comments?post=22228"}],"version-history":[{"count":2,"href":"https:\/\/www.macquero.com\/en\/wp-json\/wp\/v2\/posts\/22228\/revisions"}],"predecessor-version":[{"id":22377,"href":"https:\/\/www.macquero.com\/en\/wp-json\/wp\/v2\/posts\/22228\/revisions\/22377"}],"wp:featuredmedia":[{"embeddable":true,"href":"https:\/\/www.macquero.com\/en\/wp-json\/wp\/v2\/media\/22229"}],"wp:attachment":[{"href":"https:\/\/www.macquero.com\/en\/wp-json\/wp\/v2\/media?parent=22228"}],"wp:term":[{"taxonomy":"category","embeddable":true,"href":"https:\/\/www.macquero.com\/en\/wp-json\/wp\/v2\/categories?post=22228"},{"taxonomy":"post_tag","embeddable":true,"href":"https:\/\/www.macquero.com\/en\/wp-json\/wp\/v2\/tags?post=22228"}],"curies":[{"name":"wp","href":"https:\/\/api.w.org\/{rel}","templated":true}]}}