{"id":22192,"date":"2025-02-24T00:20:00","date_gmt":"2025-02-24T06:20:00","guid":{"rendered":"https:\/\/www.macquero.com\/?p=22192"},"modified":"2025-04-15T11:51:19","modified_gmt":"2025-04-15T17:51:19","slug":"escritores-de-la-libertad-pelicula-inspiradora","status":"publish","type":"post","link":"https:\/\/www.macquero.com\/en\/2025\/02\/escritores-de-la-libertad-pelicula-inspiradora\/","title":{"rendered":"Escritores de la libertad: cuando la educaci\u00f3n cambia destinos"},"content":{"rendered":"<p>A veces, una pel\u00edcula no necesita explosiones ni efectos especiales para dejar huella. Solo necesita una historia honesta, bien contada y profundamente humana. <em>Escritores de la libertad<\/em> (<strong>Freedom Writers<\/strong>) es una de esas pel\u00edculas. Y si la ves disponible nuevamente en tu plataforma de streaming favorita, <strong>no la dejes pasar<\/strong>.<\/p>\n\n\n\n<hr class=\"wp-block-separator has-alpha-channel-opacity\"\/>\n\n\n\n<h3 class=\"wp-block-heading\">Inspirada en hechos reales<\/h3>\n\n\n\n<p>La pel\u00edcula, estrenada en <strong>2007<\/strong> y protagonizada por <strong>Hilary Swank<\/strong>, est\u00e1 basada en el libro <em>The Freedom Writers Diary<\/em> (1999), una recopilaci\u00f3n de <strong>diarios escritos por estudiantes reales<\/strong> que vivieron experiencias duras en las calles de Long Beach, California, durante los a\u00f1os 90.<\/p>\n\n\n\n<p>El coraz\u00f3n de la historia es <strong>Erin Gruwell<\/strong>, una profesora joven que acepta un puesto en una escuela secundaria p\u00fablica donde sus estudiantes \u2014de diversas etnias y realidades dif\u00edciles\u2014 han sido etiquetados como \u201ccasos perdidos\u201d.<\/p>\n\n\n\n<hr class=\"wp-block-separator has-alpha-channel-opacity\"\/>\n\n\n\n<h3 class=\"wp-block-heading\">El m\u00e9todo Gruwell: empat\u00eda, literatura y escritura<\/h3>\n\n\n\n<p>Lo que diferencia a Gruwell no es la disciplina, ni un manual de ense\u00f1anza. Es su <strong>empat\u00eda<\/strong>, su capacidad de ver m\u00e1s all\u00e1 del expediente acad\u00e9mico y reconocer que sus estudiantes necesitaban <strong>ser escuchados antes de poder aprender<\/strong>.<\/p>\n\n\n\n<p>Para ello, utiliz\u00f3 lecturas como <em>El diario de Ana Frank<\/em> y <em>Noche<\/em>, de Elie Wiesel, textos que conectaron con las experiencias de sus alumnos de forma inesperada. Tambi\u00e9n les propuso que escribieran sus propias vivencias en diarios personales. Ese ejercicio de <strong>escribir para sanar<\/strong> se volvi\u00f3 transformador.<\/p>\n\n\n\n<hr class=\"wp-block-separator has-alpha-channel-opacity\"\/>\n\n\n\n<h3 class=\"wp-block-heading\">M\u00e1s que una clase: un cambio de vida<\/h3>\n\n\n\n<p>Los resultados hablaron por s\u00ed solos.<br>Sus estudiantes, muchos de ellos involucrados en pandillas o marcados por la violencia, comenzaron a abrirse, <strong>a confiar en s\u00ed mismos y en su capacidad de aprender y superarse<\/strong>. En 1997, todos ellos se graduaron, y muchos fueron <strong>los primeros de sus familias en ingresar a la universidad<\/strong>.<\/p>\n\n\n\n<p>Erin Gruwell no solo cambi\u00f3 sus vidas, sino que fund\u00f3 la <strong>Freedom Writers Foundation<\/strong>, que hoy sigue trabajando para transformar la educaci\u00f3n mediante la tolerancia, la inclusi\u00f3n y el poder de la escritura.<\/p>\n\n\n\n<hr class=\"wp-block-separator has-alpha-channel-opacity\"\/>\n\n\n\n<h3 class=\"wp-block-heading\">La pel\u00edcula: una interpretaci\u00f3n s\u00f3lida<\/h3>\n\n\n\n<p>Dirigida por <strong>Richard LaGravenese<\/strong>, <em>Escritores de la libertad<\/em> no recurre al sentimentalismo f\u00e1cil. Presenta de forma honesta las tensiones dentro del aula, las resistencias del sistema escolar y la desconfianza inicial de los propios estudiantes.<br>Hilary Swank brilla en el papel de Gruwell, mostrando una mezcla de idealismo, fortaleza y sensibilidad que hace que <strong>la historia sea completamente cre\u00edble<\/strong>.<\/p>\n\n\n\n<hr class=\"wp-block-separator has-alpha-channel-opacity\"\/>\n\n\n\n<h3 class=\"wp-block-heading\">\u00bfPor qu\u00e9 verla?<\/h3>\n\n\n\n<p>Porque <strong>sigue siendo relevante<\/strong>.<br>Porque <strong>habla del poder de escuchar, de ense\u00f1ar con compasi\u00f3n, y de c\u00f3mo un solo adulto puede marcar la diferencia<\/strong>.<br>Porque es una historia que te deja pensando\u2026 y eso no tiene precio.<\/p>\n\n\n\n<hr class=\"wp-block-separator has-alpha-channel-opacity\"\/>\n\n\n\n<p><strong>Calificaci\u00f3n:<\/strong> &#x2b50;&#x2b50;&#x2b50;&#x2b50;&#x2b50; (5 de 5)<br><strong>Disponible en:<\/strong> Netflix, Amazon Prime Video (seg\u00fan regi\u00f3n)<\/p>","protected":false},"excerpt":{"rendered":"<p>Escritores de la libertad es una pel\u00edcula basada en hechos reales sobre una profesora que transforma la vida de sus estudiantes mediante la escritura. Inspiradora y poderosa.<\/p>","protected":false},"author":2,"featured_media":22193,"comment_status":"closed","ping_status":"closed","sticky":false,"template":"","format":"standard","meta":{"jetpack_post_was_ever_published":false,"_jetpack_newsletter_access":"","_jetpack_dont_email_post_to_subs":false,"_jetpack_newsletter_tier_id":0,"_jetpack_memberships_contains_paywalled_content":false,"_jetpack_memberships_contains_paid_content":false,"footnotes":"","jetpack_publicize_message":"","jetpack_publicize_feature_enabled":true,"jetpack_social_post_already_shared":true,"jetpack_social_options":{"image_generator_settings":{"template":"highway","default_image_id":0,"font":"","enabled":false},"version":2}},"categories":[766],"tags":[951],"class_list":["post-22192","post","type-post","status-publish","format-standard","has-post-thumbnail","hentry","category-cine-netflix","tag-drama-social"],"jetpack_publicize_connections":[],"jetpack_featured_media_url":"https:\/\/www.macquero.com\/wp-content\/uploads\/2025\/02\/mr.jpg","jetpack_sharing_enabled":true,"_links":{"self":[{"href":"https:\/\/www.macquero.com\/en\/wp-json\/wp\/v2\/posts\/22192","targetHints":{"allow":["GET"]}}],"collection":[{"href":"https:\/\/www.macquero.com\/en\/wp-json\/wp\/v2\/posts"}],"about":[{"href":"https:\/\/www.macquero.com\/en\/wp-json\/wp\/v2\/types\/post"}],"author":[{"embeddable":true,"href":"https:\/\/www.macquero.com\/en\/wp-json\/wp\/v2\/users\/2"}],"replies":[{"embeddable":true,"href":"https:\/\/www.macquero.com\/en\/wp-json\/wp\/v2\/comments?post=22192"}],"version-history":[{"count":2,"href":"https:\/\/www.macquero.com\/en\/wp-json\/wp\/v2\/posts\/22192\/revisions"}],"predecessor-version":[{"id":22468,"href":"https:\/\/www.macquero.com\/en\/wp-json\/wp\/v2\/posts\/22192\/revisions\/22468"}],"wp:featuredmedia":[{"embeddable":true,"href":"https:\/\/www.macquero.com\/en\/wp-json\/wp\/v2\/media\/22193"}],"wp:attachment":[{"href":"https:\/\/www.macquero.com\/en\/wp-json\/wp\/v2\/media?parent=22192"}],"wp:term":[{"taxonomy":"category","embeddable":true,"href":"https:\/\/www.macquero.com\/en\/wp-json\/wp\/v2\/categories?post=22192"},{"taxonomy":"post_tag","embeddable":true,"href":"https:\/\/www.macquero.com\/en\/wp-json\/wp\/v2\/tags?post=22192"}],"curies":[{"name":"wp","href":"https:\/\/api.w.org\/{rel}","templated":true}]}}